{"id":52788,"date":"2025-09-22T21:49:49","date_gmt":"2025-09-23T00:49:49","guid":{"rendered":"https:\/\/ejornais.com.br\/index.php\/2025\/09\/22\/batalha-campal-com-dragon-slayer-e-atracao-gratuita-na-biblioteca-municipal-de-sorocaba-agencia-de-noticias\/"},"modified":"2025-09-22T21:49:49","modified_gmt":"2025-09-23T00:49:49","slug":"batalha-campal-com-dragon-slayer-e-atracao-gratuita-na-biblioteca-municipal-de-sorocaba-agencia-de-noticias","status":"publish","type":"post","link":"https:\/\/ejornais.com.br\/index.php\/2025\/09\/22\/batalha-campal-com-dragon-slayer-e-atracao-gratuita-na-biblioteca-municipal-de-sorocaba-agencia-de-noticias\/","title":{"rendered":"Batalha campal com Dragon Slayer \u00e9 atra\u00e7\u00e3o gratuita na Biblioteca Municipal de Sorocaba \u2013 Ag\u00eancia de Not\u00edcias"},"content":{"rendered":"<p><\/p>\n<div>\n<div class=\"col\">\n<p class=\"mt-0\">\n                        <strong><br \/>\n                            <span class=\"far fa-calendar mr-1 mt-2\"\/><br \/>\n                            22 de setembro de 2025<br \/>\n                            <span class=\"far fa-clock ml-3 mt-2\"\/><br \/>\n                            18:39<br \/>\n                        <\/strong>\n                    <\/p>\n<p class=\"mb-0\">Por: <strong>Evelyn Azevedo<\/strong><\/p>\n<\/p><\/div>\n<\/p><\/div>\n<div>\n<p>A programa\u00e7\u00e3o especial da 1\u00aa edi\u00e7\u00e3o do \u201cSoroGeek Festival\u201d contar\u00e1, nesta sexta-feira (26), das 10h \u00e0s 16h, com uma batalha campal com a companhia Dragon Slayer. A atra\u00e7\u00e3o gratuita acontecer\u00e1 na Biblioteca Municipal \u201cJorge Guilherme Senger\u201d, localizada no Alto da Boa Vista, aberta ao p\u00fablico geral.<\/p>\n<p>A iniciativa, promovida pela Prefeitura de Sorocaba, por meio da Secretaria de Cultura (Secult), tem como objetivo promover e valorizar a cultura geek regional, integrando o universo liter\u00e1rio e incentivando pr\u00e1ticas de inclus\u00e3o social.<\/p>\n<p>Durante o encontro, os participantes far\u00e3o uma viagem no tempo usando os fundamentos de boffering, pr\u00e1tica que recria batalhas \u00e9picas, usando r\u00e9plicas de espadas e armas medievais. A atividade \u00e9 realizada de maneira segura, com equipamentos acolchoados e regras estabelecidas para garantir a integridade f\u00edsica dos participantes. O objetivo \u00e9 proporcionar uma experi\u00eancia aut\u00eantica e segura, permitindo que os envolvidos se concentrem no aspecto l\u00fadico e hist\u00f3rico.<\/p>\n<p>Essa pr\u00e1tica engloba valores fundamentais, como honra, respeito, trabalho em equipe e aprimoramento pessoal. Os participantes ser\u00e3o incentivados a desenvolver n\u00e3o apenas habilidades de combate, mas tamb\u00e9m capacidades de lideran\u00e7a, coopera\u00e7\u00e3o e disciplina. O ambiente de jogo promove uma atmosfera onde o respeito m\u00fatuo \u00e9 essencial, refor\u00e7ando a import\u00e2ncia desses princ\u00edpios tanto dentro, quanto fora do campo.<\/p>\n<p>A atividade ser\u00e1 conduzida por Igor Arturo, membro da companhia Dragon Slayer, de 27 anos, que desde a inf\u00e2ncia foi apaixonado por hist\u00f3rias de cavaleiros, armaduras e duelos com espadas quando frequentava eventos de anime. Aos 22 anos, decidiu praticar Kend\u014d e Iaid\u014d, duas artes marciais japonesas que ensinaram sobre disciplina, responsabilidade e o respeito que se deve ter ao portar qualquer tipo de espada, mesmo que de madeira.<\/p>\n<p>Aos 24, fez seu primeiro par de espadas de espuma para batalha campal, convidou alguns amigos para treinar e, juntos, descobriram que existiam outros grupos semelhantes espalhados pelo pa\u00eds. O grupo conseguiu dar seus primeiros passos de forma mais estruturada e hoje \u00e9 o maior da cidade, com 69 membros ativos.<\/p>\n<p>A atividade faz parte da programa\u00e7\u00e3o especial que antecede a 1\u00aa edi\u00e7\u00e3o do \u201cSoroGeek Festival\u201d, que ser\u00e1 realizada no dia 27 de setembro, das 10h \u00e0s 18h, no estacionamento lateral da Biblioteca.<\/p>\n<p>A Biblioteca Municipal \u201cJorge Guilherme Senger\u201d est\u00e1 localizada na Rua Ministro Coqueijo Costa, 180, no Alto da Boa Vista, e funciona de segunda a sexta-feira, das 9h \u00e0s 17h. Mais informa\u00e7\u00f5es podem ser obtidas pelo telefone: (15) 3228-1955.<\/p>\n<\/p><\/div>\n","protected":false},"excerpt":{"rendered":"<p>22 de setembro de 2025 18:39 Por: Evelyn Azevedo A programa\u00e7\u00e3o especial da 1\u00aa edi\u00e7\u00e3o do \u201cSoroGeek Festival\u201d contar\u00e1, nesta<\/p>\n","protected":false},"author":2,"featured_media":0,"comment_status":"","ping_status":"","sticky":false,"template":"","format":"standard","meta":{"colormag_page_container_layout":"default_layout","colormag_page_sidebar_layout":"default_layout","footnotes":""},"categories":[1],"tags":[],"class_list":["post-52788","post","type-post","status-publish","format-standard","hentry","category-ejornais"],"aioseo_notices":[],"amp_enabled":true,"_links":{"self":[{"href":"https:\/\/ejornais.com.br\/index.php\/wp-json\/wp\/v2\/posts\/52788","targetHints":{"allow":["GET"]}}],"collection":[{"href":"https:\/\/ejornais.com.br\/index.php\/wp-json\/wp\/v2\/posts"}],"about":[{"href":"https:\/\/ejornais.com.br\/index.php\/wp-json\/wp\/v2\/types\/post"}],"author":[{"embeddable":true,"href":"https:\/\/ejornais.com.br\/index.php\/wp-json\/wp\/v2\/users\/2"}],"replies":[{"embeddable":true,"href":"https:\/\/ejornais.com.br\/index.php\/wp-json\/wp\/v2\/comments?post=52788"}],"version-history":[{"count":0,"href":"https:\/\/ejornais.com.br\/index.php\/wp-json\/wp\/v2\/posts\/52788\/revisions"}],"wp:attachment":[{"href":"https:\/\/ejornais.com.br\/index.php\/wp-json\/wp\/v2\/media?parent=52788"}],"wp:term":[{"taxonomy":"category","embeddable":true,"href":"https:\/\/ejornais.com.br\/index.php\/wp-json\/wp\/v2\/categories?post=52788"},{"taxonomy":"post_tag","embeddable":true,"href":"https:\/\/ejornais.com.br\/index.php\/wp-json\/wp\/v2\/tags?post=52788"}],"curies":[{"name":"wp","href":"https:\/\/api.w.org\/{rel}","templated":true}]}}