{"id":52822,"date":"2025-09-23T11:49:45","date_gmt":"2025-09-23T14:49:45","guid":{"rendered":"https:\/\/ejornais.com.br\/index.php\/2025\/09\/23\/ifsp-investe-r-250-mil-e-cria-cinco-novos-centros-de-pesquisa-e-inovacao-ifsp\/"},"modified":"2025-09-23T11:49:45","modified_gmt":"2025-09-23T14:49:45","slug":"ifsp-investe-r-250-mil-e-cria-cinco-novos-centros-de-pesquisa-e-inovacao-ifsp","status":"publish","type":"post","link":"https:\/\/ejornais.com.br\/index.php\/2025\/09\/23\/ifsp-investe-r-250-mil-e-cria-cinco-novos-centros-de-pesquisa-e-inovacao-ifsp\/","title":{"rendered":"IFSP investe R$ 250 mil e cria cinco novos Centros de Pesquisa e Inova\u00e7\u00e3o &#8211; IFSP"},"content":{"rendered":"<p><\/p>\n<div>\n<div class=\"subtitle\">\n<p>Com o aporte, o IFSP eleva para 15 o n\u00famero de Cepins.<\/p>\n<\/div>\n<p><!-- fim .content-header-options-1 --><\/p>\n<p><span style=\"font-weight: 400;\">A Pr\u00f3-Reitoria de Pesquisa e P\u00f3s-Gradua\u00e7\u00e3o (PRP) do IFSP divulgou o resultado final do Edital PRP n\u00ba 19\/2025, anunciando a cria\u00e7\u00e3o de cinco novos Centros de Pesquisa e Inova\u00e7\u00e3o (Cepins). Inicialmente, o edital previa contemplar tr\u00eas propostas. Segundo o pr\u00f3-reitor de Pesquisa e P\u00f3s-Gradua\u00e7\u00e3o, Adalton Ozaki, \u201ctodas as propostas apresentadas foram muito boas; se fosse poss\u00edvel, aprovar\u00edamos todas\u201d. Considerando a disponibilidade de recursos, foi poss\u00edvel aumentar o aporte da PRP para totalizar R$ 250 mil neste edital, contemplando um total de cinco propostas.<\/span><\/p>\n<p>\u00a0<span style=\"font-weight: 400;\">A cria\u00e7\u00e3o de Centros de Pesquisa e Inova\u00e7\u00e3o teve in\u00edcio em 2021, visando nuclear grupos de pesquisadores, estimulando a atua\u00e7\u00e3o multicampi, com propostas ousadas de pesquisa. Faz parte dos compromissos dos grupos proponentes a submiss\u00e3o de Inicia\u00e7\u00e3o Cient\u00edfica Fapesp e a elabora\u00e7\u00e3o de propostas para projetos de maior envergadura para \u00f3rg\u00e3os e ag\u00eancias de fomento, al\u00e9m da capta\u00e7\u00e3o de recursos por meio de parcerias para pesquisa, desenvolvimento e inova\u00e7\u00e3o. Com os novos centros aprovados, o IFSP passa a contar com 15 Cepins, fortalecendo a pesquisa de ponta em diversas \u00e1reas do conhecimento.\u00a0<\/span><\/p>\n<p><span style=\"font-weight: 400;\">Conhe\u00e7a os novos centros:<\/span><\/p>\n<p>\u00a01.\u00a0<b style=\"font-size: 0.9em;\">Centro de Pesquisa e Inova\u00e7\u00e3o em Intelig\u00eancia Artificial Aplicada (Cepia\u00b2)<\/b><\/p>\n<p><span style=\"font-weight: 400;\">Sede: Campus Catanduva<\/span><\/p>\n<p><span style=\"font-weight: 400;\">Parceiros: Campi Bragan\u00e7a Paulista, S\u00e3o Jos\u00e9 dos Campos, S\u00e3o Carlos e Texas Tech University (EUA).<\/span><\/p>\n<p><span style=\"font-weight: 400;\">Linhas de Pesquisa:<\/span><\/p>\n<ul>\n<li style=\"font-weight: 400;\"><span style=\"font-weight: 400;\">Intelig\u00eancia Artificial aplicada \u00e0 Sa\u00fade e \u00e0 Seguran\u00e7a Cibern\u00e9tica;<\/span><\/li>\n<li style=\"font-weight: 400;\"><span style=\"font-weight: 400;\">Intelig\u00eancia Artificial aplicada em T\u00e9rmica e Fluidos;<\/span><\/li>\n<li style=\"font-weight: 400;\"><span style=\"font-weight: 400;\">Qu\u00edmica 4.0: da Descoberta Molecular \u00e0 Inova\u00e7\u00e3o Pedag\u00f3gica com Intelig\u00eancia Artificial.<\/span><\/li>\n<\/ul>\n<p>\u00a02.\u00a0<b style=\"font-size: 0.9em;\">Centro de Pesquisa e Inova\u00e7\u00e3o em Intelig\u00eancia Artificial e Rob\u00f3tica Agr\u00edcola<\/b><\/p>\n<p><span style=\"font-weight: 400;\">Sede: Campus Araraquara<\/span><\/p>\n<p><span style=\"font-weight: 400;\">Parceiros: IFRO e Unicamp.<\/span><\/p>\n<p><span style=\"font-weight: 400;\">Linhas de Pesquisa:<\/span><\/p>\n<ul>\n<li style=\"font-weight: 400;\"><span style=\"font-weight: 400;\">Intelig\u00eancia Artificial Generativa na Gera\u00e7\u00e3o de Valores na Agricultura de Precis\u00e3o;<\/span><\/li>\n<li style=\"font-weight: 400;\"><span style=\"font-weight: 400;\">Rob\u00f3tica Agr\u00edcola M\u00f3vel e Automa\u00e7\u00e3o de Processos com Sensores e GPS.<\/span><\/li>\n<\/ul>\n<p>\u00a03.<b style=\"font-size: 0.9em;\">Centro de Pesquisa e Inova\u00e7\u00e3o em Preserva\u00e7\u00e3o do Patrim\u00f4nio Cultural e Cient\u00edfico (Cepin-Patrim\u00f4nio)<\/b><\/p>\n<p><span style=\"font-weight: 400;\">Sede: Campus S\u00e3o Paulo<\/span><\/p>\n<p><span style=\"font-weight: 400;\">Parceiros: Campi Guarulhos e Avar\u00e9.<\/span><\/p>\n<p><span style=\"font-weight: 400;\">Linhas de Pesquisa:<\/span><\/p>\n<ul>\n<li style=\"font-weight: 400;\"><span style=\"font-weight: 400;\">Estudos culturais, patrim\u00f4nio cultural e mem\u00f3ria;<\/span><\/li>\n<li style=\"font-weight: 400;\"><span style=\"font-weight: 400;\">Processos digitais aplicados ao patrim\u00f4nio cultural;<\/span><\/li>\n<li style=\"font-weight: 400;\"><span style=\"font-weight: 400;\">Qualidade no ambiente constru\u00eddo aplicada \u00e0 preserva\u00e7\u00e3o sustent\u00e1vel do patrim\u00f4nio cultural.<\/span><\/li>\n<\/ul>\n<p>\u00a04.<b style=\"font-size: 0.9em;\">Centro de Pesquisa e Inova\u00e7\u00e3o em Ci\u00eancias e Tecnologias Ambientais<\/b><\/p>\n<p><span style=\"font-weight: 400;\">Sede: Campus Cubat\u00e3o<\/span><\/p>\n<p><span style=\"font-weight: 400;\">Parceiros: IFSP (Campus Registro), IF Sul de Minas e IFRJ.<\/span><\/p>\n<p><span style=\"font-weight: 400;\">Linhas de Pesquisa:<\/span><\/p>\n<ul>\n<li style=\"font-weight: 400;\"><span style=\"font-weight: 400;\">Educa\u00e7\u00e3o Ambiental, Ci\u00eancias e Tecnologias;<\/span><\/li>\n<li style=\"font-weight: 400;\"><span style=\"font-weight: 400;\">Qu\u00edmica Ambiental e Produtos Naturais;<\/span><\/li>\n<li style=\"font-weight: 400;\"><span style=\"font-weight: 400;\">Qu\u00edmica Verde e Tecnologias Ambientais.<\/span><\/li>\n<\/ul>\n<p>\u00a05.\u00a0<b style=\"font-size: 0.9em;\">Centro de Pesquisa e Inova\u00e7\u00e3o em Viticultura e Enologia Sustent\u00e1vel (Cepives)<\/b><\/p>\n<p><span style=\"font-weight: 400;\">Sede: Campus S\u00e3o Roque<\/span><\/p>\n<p><span style=\"font-weight: 400;\">Linhas de Pesquisa:<\/span><\/p>\n<ul>\n<li style=\"font-weight: 400;\"><span style=\"font-weight: 400;\">Viticultura Sustent\u00e1vel;<\/span><\/li>\n<li style=\"font-weight: 400;\"><span style=\"font-weight: 400;\">Enologia Sustent\u00e1vel;<\/span><\/li>\n<li style=\"font-weight: 400;\"><span style=\"font-weight: 400;\">Enoturismo e Indica\u00e7\u00e3o Geogr\u00e1fica.<\/span><\/li>\n<\/ul>\n<p><span style=\"font-weight: 400;\">Acesse a <\/span><span style=\"font-weight: 400;\">p\u00e1gina do Cepin<\/span>\u00a0<span style=\"font-weight: 400;\">e conhe\u00e7a os outros 10 Cepins j\u00e1 inaugurados.<\/span><\/p>\n<\/div>\n","protected":false},"excerpt":{"rendered":"<p>Com o aporte, o IFSP eleva para 15 o n\u00famero de Cepins. A Pr\u00f3-Reitoria de Pesquisa e P\u00f3s-Gradua\u00e7\u00e3o (PRP) do<\/p>\n","protected":false},"author":2,"featured_media":0,"comment_status":"","ping_status":"","sticky":false,"template":"","format":"standard","meta":{"colormag_page_container_layout":"default_layout","colormag_page_sidebar_layout":"default_layout","footnotes":""},"categories":[1],"tags":[],"class_list":["post-52822","post","type-post","status-publish","format-standard","hentry","category-ejornais"],"aioseo_notices":[],"aioseo_head":"\n\t\t<!-- All in One SEO 5.0.1.1 - aioseo.com -->\n\t<meta name=\"description\" content=\"Com o aporte, o IFSP eleva para 15 o n\u00famero de Cepins. A Pr\u00f3-Reitoria de Pesquisa e P\u00f3s-Gradua\u00e7\u00e3o (PRP) do IFSP divulgou o resultado final do Edital PRP n\u00ba 19\/2025, anunciando a cria\u00e7\u00e3o de cinco novos Centros de Pesquisa e Inova\u00e7\u00e3o (Cepins). Inicialmente, o edital previa contemplar tr\u00eas propostas. Segundo o pr\u00f3-reitor de Pesquisa e\" \/>\n\t<meta name=\"robots\" content=\"max-image-preview:large\" \/>\n\t<meta name=\"author\" content=\"admin1\"\/>\n\t<link rel=\"canonical\" href=\"https:\/\/ejornais.com.br\/index.php\/2025\/09\/23\/ifsp-investe-r-250-mil-e-cria-cinco-novos-centros-de-pesquisa-e-inovacao-ifsp\/\" \/>\n\t<meta name=\"generator\" content=\"All in One SEO (AIOSEO) 5.0.1.1\" \/>\n\t\t<meta property=\"og:locale\" content=\"pt_BR\" \/>\n\t\t<meta property=\"og:site_name\" content=\"eJornais - Cat\u00e1logo de Jornais no mundo, Not\u00edcias, Blog e Esportes ao vivo\" \/>\n\t\t<meta property=\"og:type\" content=\"article\" \/>\n\t\t<meta property=\"og:title\" content=\"IFSP investe R$ 250 mil e cria cinco novos Centros de Pesquisa e Inova\u00e7\u00e3o \u2013 IFSP - eJornais\" \/>\n\t\t<meta property=\"og:description\" content=\"Com o aporte, o IFSP eleva para 15 o n\u00famero de Cepins. A Pr\u00f3-Reitoria de Pesquisa e P\u00f3s-Gradua\u00e7\u00e3o (PRP) do IFSP divulgou o resultado final do Edital PRP n\u00ba 19\/2025, anunciando a cria\u00e7\u00e3o de cinco novos Centros de Pesquisa e Inova\u00e7\u00e3o (Cepins). Inicialmente, o edital previa contemplar tr\u00eas propostas. Segundo o pr\u00f3-reitor de Pesquisa e\" \/>\n\t\t<meta property=\"og:url\" content=\"https:\/\/ejornais.com.br\/index.php\/2025\/09\/23\/ifsp-investe-r-250-mil-e-cria-cinco-novos-centros-de-pesquisa-e-inovacao-ifsp\/\" \/>\n\t\t<meta property=\"article:published_time\" content=\"2025-09-23T14:49:45+00:00\" \/>\n\t\t<meta property=\"article:modified_time\" content=\"2025-09-23T14:49:45+00:00\" \/>\n\t\t<meta name=\"twitter:card\" content=\"summary_large_image\" \/>\n\t\t<meta name=\"twitter:title\" content=\"IFSP investe R$ 250 mil e cria cinco novos Centros de Pesquisa e Inova\u00e7\u00e3o \u2013 IFSP - eJornais\" \/>\n\t\t<meta name=\"twitter:description\" content=\"Com o aporte, o IFSP eleva para 15 o n\u00famero de Cepins. A Pr\u00f3-Reitoria de Pesquisa e P\u00f3s-Gradua\u00e7\u00e3o (PRP) do IFSP divulgou o resultado final do Edital PRP n\u00ba 19\/2025, anunciando a cria\u00e7\u00e3o de cinco novos Centros de Pesquisa e Inova\u00e7\u00e3o (Cepins). Inicialmente, o edital previa contemplar tr\u00eas propostas. Segundo o pr\u00f3-reitor de Pesquisa e\" \/>\n\t\t<script type=\"application\/ld+json\" class=\"aioseo-schema\">\n\t\t\t{\"@context\":\"https:\\\/\\\/schema.org\",\"@graph\":[{\"@type\":\"BlogPosting\",\"@id\":\"https:\\\/\\\/ejornais.com.br\\\/index.php\\\/2025\\\/09\\\/23\\\/ifsp-investe-r-250-mil-e-cria-cinco-novos-centros-de-pesquisa-e-inovacao-ifsp\\\/#blogposting\",\"name\":\"IFSP investe R$ 250 mil e cria cinco novos Centros de Pesquisa e Inova\\u00e7\\u00e3o \\u2013 IFSP - eJornais\",\"headline\":\"IFSP investe R$ 250 mil e cria cinco novos Centros de Pesquisa e Inova\\u00e7\\u00e3o &#8211; IFSP\",\"author\":{\"@id\":\"https:\\\/\\\/ejornais.com.br\\\/index.php\\\/author\\\/admin1\\\/#author\"},\"publisher\":{\"@id\":\"https:\\\/\\\/ejornais.com.br\\\/#organization\"},\"datePublished\":\"2025-09-23T11:49:45-03:00\",\"dateModified\":\"2025-09-23T11:49:45-03:00\",\"inLanguage\":\"pt-BR\",\"mainEntityOfPage\":{\"@id\":\"https:\\\/\\\/ejornais.com.br\\\/index.php\\\/2025\\\/09\\\/23\\\/ifsp-investe-r-250-mil-e-cria-cinco-novos-centros-de-pesquisa-e-inovacao-ifsp\\\/#webpage\"},\"isPartOf\":{\"@id\":\"https:\\\/\\\/ejornais.com.br\\\/index.php\\\/2025\\\/09\\\/23\\\/ifsp-investe-r-250-mil-e-cria-cinco-novos-centros-de-pesquisa-e-inovacao-ifsp\\\/#webpage\"},\"articleSection\":\"Cat\\u00e1logo de Jornais\"},{\"@type\":\"BreadcrumbList\",\"@id\":\"https:\\\/\\\/ejornais.com.br\\\/index.php\\\/2025\\\/09\\\/23\\\/ifsp-investe-r-250-mil-e-cria-cinco-novos-centros-de-pesquisa-e-inovacao-ifsp\\\/#breadcrumblist\",\"itemListElement\":[{\"@type\":\"ListItem\",\"@id\":\"https:\\\/\\\/ejornais.com.br#listItem\",\"position\":1,\"name\":\"In\\u00edcio\",\"item\":\"https:\\\/\\\/ejornais.com.br\",\"nextItem\":{\"@type\":\"ListItem\",\"@id\":\"https:\\\/\\\/ejornais.com.br\\\/index.php\\\/category\\\/ejornais\\\/#listItem\",\"name\":\"Cat\\u00e1logo de Jornais\"}},{\"@type\":\"ListItem\",\"@id\":\"https:\\\/\\\/ejornais.com.br\\\/index.php\\\/category\\\/ejornais\\\/#listItem\",\"position\":2,\"name\":\"Cat\\u00e1logo de Jornais\",\"item\":\"https:\\\/\\\/ejornais.com.br\\\/index.php\\\/category\\\/ejornais\\\/\",\"nextItem\":{\"@type\":\"ListItem\",\"@id\":\"https:\\\/\\\/ejornais.com.br\\\/index.php\\\/2025\\\/09\\\/23\\\/ifsp-investe-r-250-mil-e-cria-cinco-novos-centros-de-pesquisa-e-inovacao-ifsp\\\/#listItem\",\"name\":\"IFSP investe R$ 250 mil e cria cinco novos Centros de Pesquisa e Inova\\u00e7\\u00e3o &#8211; IFSP\"},\"previousItem\":{\"@type\":\"ListItem\",\"@id\":\"https:\\\/\\\/ejornais.com.br#listItem\",\"name\":\"In\\u00edcio\"}},{\"@type\":\"ListItem\",\"@id\":\"https:\\\/\\\/ejornais.com.br\\\/index.php\\\/2025\\\/09\\\/23\\\/ifsp-investe-r-250-mil-e-cria-cinco-novos-centros-de-pesquisa-e-inovacao-ifsp\\\/#listItem\",\"position\":3,\"name\":\"IFSP investe R$ 250 mil e cria cinco novos Centros de Pesquisa e Inova\\u00e7\\u00e3o &#8211; IFSP\",\"previousItem\":{\"@type\":\"ListItem\",\"@id\":\"https:\\\/\\\/ejornais.com.br\\\/index.php\\\/category\\\/ejornais\\\/#listItem\",\"name\":\"Cat\\u00e1logo de Jornais\"}}]},{\"@type\":\"Organization\",\"@id\":\"https:\\\/\\\/ejornais.com.br\\\/#organization\",\"name\":\"eJornais\",\"description\":\"Cat\\u00e1logo de Jornais no mundo, Not\\u00edcias, Blog e Esportes ao vivo\",\"url\":\"https:\\\/\\\/ejornais.com.br\\\/\"},{\"@type\":\"Person\",\"@id\":\"https:\\\/\\\/ejornais.com.br\\\/index.php\\\/author\\\/admin1\\\/#author\",\"url\":\"https:\\\/\\\/ejornais.com.br\\\/index.php\\\/author\\\/admin1\\\/\",\"name\":\"admin1\",\"image\":{\"@type\":\"ImageObject\",\"@id\":\"https:\\\/\\\/ejornais.com.br\\\/index.php\\\/2025\\\/09\\\/23\\\/ifsp-investe-r-250-mil-e-cria-cinco-novos-centros-de-pesquisa-e-inovacao-ifsp\\\/#authorImage\",\"url\":\"https:\\\/\\\/secure.gravatar.com\\\/avatar\\\/04084e6d73c042b8646e7c17b494073bf0ede3ea13c7105cfc45cbbbc28385a4?s=96&d=mm&r=g\",\"width\":96,\"height\":96,\"caption\":\"admin1\"}},{\"@type\":\"WebPage\",\"@id\":\"https:\\\/\\\/ejornais.com.br\\\/index.php\\\/2025\\\/09\\\/23\\\/ifsp-investe-r-250-mil-e-cria-cinco-novos-centros-de-pesquisa-e-inovacao-ifsp\\\/#webpage\",\"url\":\"https:\\\/\\\/ejornais.com.br\\\/index.php\\\/2025\\\/09\\\/23\\\/ifsp-investe-r-250-mil-e-cria-cinco-novos-centros-de-pesquisa-e-inovacao-ifsp\\\/\",\"name\":\"IFSP investe R$ 250 mil e cria cinco novos Centros de Pesquisa e Inova\\u00e7\\u00e3o \\u2013 IFSP - eJornais\",\"description\":\"Com o aporte, o IFSP eleva para 15 o n\\u00famero de Cepins. A Pr\\u00f3-Reitoria de Pesquisa e P\\u00f3s-Gradua\\u00e7\\u00e3o (PRP) do IFSP divulgou o resultado final do Edital PRP n\\u00ba 19\\\/2025, anunciando a cria\\u00e7\\u00e3o de cinco novos Centros de Pesquisa e Inova\\u00e7\\u00e3o (Cepins). Inicialmente, o edital previa contemplar tr\\u00eas propostas. Segundo o pr\\u00f3-reitor de Pesquisa e\",\"inLanguage\":\"pt-BR\",\"isPartOf\":{\"@id\":\"https:\\\/\\\/ejornais.com.br\\\/#website\"},\"breadcrumb\":{\"@id\":\"https:\\\/\\\/ejornais.com.br\\\/index.php\\\/2025\\\/09\\\/23\\\/ifsp-investe-r-250-mil-e-cria-cinco-novos-centros-de-pesquisa-e-inovacao-ifsp\\\/#breadcrumblist\"},\"author\":{\"@id\":\"https:\\\/\\\/ejornais.com.br\\\/index.php\\\/author\\\/admin1\\\/#author\"},\"creator\":{\"@id\":\"https:\\\/\\\/ejornais.com.br\\\/index.php\\\/author\\\/admin1\\\/#author\"},\"datePublished\":\"2025-09-23T11:49:45-03:00\",\"dateModified\":\"2025-09-23T11:49:45-03:00\"},{\"@type\":\"WebSite\",\"@id\":\"https:\\\/\\\/ejornais.com.br\\\/#website\",\"url\":\"https:\\\/\\\/ejornais.com.br\\\/\",\"name\":\"eJornais\",\"description\":\"Cat\\u00e1logo de Jornais no mundo, Not\\u00edcias, Blog e Esportes ao vivo\",\"inLanguage\":\"pt-BR\",\"publisher\":{\"@id\":\"https:\\\/\\\/ejornais.com.br\\\/#organization\"}}]}\n\t\t<\/script>\n\t\t<!-- All in One SEO -->\n\n","aioseo_head_json":{"title":"IFSP investe R$ 250 mil e cria cinco novos Centros de Pesquisa e Inova\u00e7\u00e3o \u2013 IFSP - eJornais","description":"Com o aporte, o IFSP eleva para 15 o n\u00famero de Cepins. A Pr\u00f3-Reitoria de Pesquisa e P\u00f3s-Gradua\u00e7\u00e3o (PRP) do IFSP divulgou o resultado final do Edital PRP n\u00ba 19\/2025, anunciando a cria\u00e7\u00e3o de cinco novos Centros de Pesquisa e Inova\u00e7\u00e3o (Cepins). Inicialmente, o edital previa contemplar tr\u00eas propostas. Segundo o pr\u00f3-reitor de Pesquisa e","canonical_url":"https:\/\/ejornais.com.br\/index.php\/2025\/09\/23\/ifsp-investe-r-250-mil-e-cria-cinco-novos-centros-de-pesquisa-e-inovacao-ifsp\/","robots":"max-image-preview:large","keywords":"","webmasterTools":{"miscellaneous":""},"schema":{"@context":"https:\/\/schema.org","@graph":[{"@type":"BlogPosting","@id":"https:\/\/ejornais.com.br\/index.php\/2025\/09\/23\/ifsp-investe-r-250-mil-e-cria-cinco-novos-centros-de-pesquisa-e-inovacao-ifsp\/#blogposting","name":"IFSP investe R$ 250 mil e cria cinco novos Centros de Pesquisa e Inova\u00e7\u00e3o \u2013 IFSP - eJornais","headline":"IFSP investe R$ 250 mil e cria cinco novos Centros de Pesquisa e Inova\u00e7\u00e3o &#8211; IFSP","author":{"@id":"https:\/\/ejornais.com.br\/index.php\/author\/admin1\/#author"},"publisher":{"@id":"https:\/\/ejornais.com.br\/#organization"},"datePublished":"2025-09-23T11:49:45-03:00","dateModified":"2025-09-23T11:49:45-03:00","inLanguage":"pt-BR","mainEntityOfPage":{"@id":"https:\/\/ejornais.com.br\/index.php\/2025\/09\/23\/ifsp-investe-r-250-mil-e-cria-cinco-novos-centros-de-pesquisa-e-inovacao-ifsp\/#webpage"},"isPartOf":{"@id":"https:\/\/ejornais.com.br\/index.php\/2025\/09\/23\/ifsp-investe-r-250-mil-e-cria-cinco-novos-centros-de-pesquisa-e-inovacao-ifsp\/#webpage"},"articleSection":"Cat\u00e1logo de Jornais"},{"@type":"BreadcrumbList","@id":"https:\/\/ejornais.com.br\/index.php\/2025\/09\/23\/ifsp-investe-r-250-mil-e-cria-cinco-novos-centros-de-pesquisa-e-inovacao-ifsp\/#breadcrumblist","itemListElement":[{"@type":"ListItem","@id":"https:\/\/ejornais.com.br#listItem","position":1,"name":"In\u00edcio","item":"https:\/\/ejornais.com.br","nextItem":{"@type":"ListItem","@id":"https:\/\/ejornais.com.br\/index.php\/category\/ejornais\/#listItem","name":"Cat\u00e1logo de Jornais"}},{"@type":"ListItem","@id":"https:\/\/ejornais.com.br\/index.php\/category\/ejornais\/#listItem","position":2,"name":"Cat\u00e1logo de Jornais","item":"https:\/\/ejornais.com.br\/index.php\/category\/ejornais\/","nextItem":{"@type":"ListItem","@id":"https:\/\/ejornais.com.br\/index.php\/2025\/09\/23\/ifsp-investe-r-250-mil-e-cria-cinco-novos-centros-de-pesquisa-e-inovacao-ifsp\/#listItem","name":"IFSP investe R$ 250 mil e cria cinco novos Centros de Pesquisa e Inova\u00e7\u00e3o &#8211; IFSP"},"previousItem":{"@type":"ListItem","@id":"https:\/\/ejornais.com.br#listItem","name":"In\u00edcio"}},{"@type":"ListItem","@id":"https:\/\/ejornais.com.br\/index.php\/2025\/09\/23\/ifsp-investe-r-250-mil-e-cria-cinco-novos-centros-de-pesquisa-e-inovacao-ifsp\/#listItem","position":3,"name":"IFSP investe R$ 250 mil e cria cinco novos Centros de Pesquisa e Inova\u00e7\u00e3o &#8211; IFSP","previousItem":{"@type":"ListItem","@id":"https:\/\/ejornais.com.br\/index.php\/category\/ejornais\/#listItem","name":"Cat\u00e1logo de Jornais"}}]},{"@type":"Organization","@id":"https:\/\/ejornais.com.br\/#organization","name":"eJornais","description":"Cat\u00e1logo de Jornais no mundo, Not\u00edcias, Blog e Esportes ao vivo","url":"https:\/\/ejornais.com.br\/"},{"@type":"Person","@id":"https:\/\/ejornais.com.br\/index.php\/author\/admin1\/#author","url":"https:\/\/ejornais.com.br\/index.php\/author\/admin1\/","name":"admin1","image":{"@type":"ImageObject","@id":"https:\/\/ejornais.com.br\/index.php\/2025\/09\/23\/ifsp-investe-r-250-mil-e-cria-cinco-novos-centros-de-pesquisa-e-inovacao-ifsp\/#authorImage","url":"https:\/\/secure.gravatar.com\/avatar\/04084e6d73c042b8646e7c17b494073bf0ede3ea13c7105cfc45cbbbc28385a4?s=96&d=mm&r=g","width":96,"height":96,"caption":"admin1"}},{"@type":"WebPage","@id":"https:\/\/ejornais.com.br\/index.php\/2025\/09\/23\/ifsp-investe-r-250-mil-e-cria-cinco-novos-centros-de-pesquisa-e-inovacao-ifsp\/#webpage","url":"https:\/\/ejornais.com.br\/index.php\/2025\/09\/23\/ifsp-investe-r-250-mil-e-cria-cinco-novos-centros-de-pesquisa-e-inovacao-ifsp\/","name":"IFSP investe R$ 250 mil e cria cinco novos Centros de Pesquisa e Inova\u00e7\u00e3o \u2013 IFSP - eJornais","description":"Com o aporte, o IFSP eleva para 15 o n\u00famero de Cepins. A Pr\u00f3-Reitoria de Pesquisa e P\u00f3s-Gradua\u00e7\u00e3o (PRP) do IFSP divulgou o resultado final do Edital PRP n\u00ba 19\/2025, anunciando a cria\u00e7\u00e3o de cinco novos Centros de Pesquisa e Inova\u00e7\u00e3o (Cepins). Inicialmente, o edital previa contemplar tr\u00eas propostas. Segundo o pr\u00f3-reitor de Pesquisa e","inLanguage":"pt-BR","isPartOf":{"@id":"https:\/\/ejornais.com.br\/#website"},"breadcrumb":{"@id":"https:\/\/ejornais.com.br\/index.php\/2025\/09\/23\/ifsp-investe-r-250-mil-e-cria-cinco-novos-centros-de-pesquisa-e-inovacao-ifsp\/#breadcrumblist"},"author":{"@id":"https:\/\/ejornais.com.br\/index.php\/author\/admin1\/#author"},"creator":{"@id":"https:\/\/ejornais.com.br\/index.php\/author\/admin1\/#author"},"datePublished":"2025-09-23T11:49:45-03:00","dateModified":"2025-09-23T11:49:45-03:00"},{"@type":"WebSite","@id":"https:\/\/ejornais.com.br\/#website","url":"https:\/\/ejornais.com.br\/","name":"eJornais","description":"Cat\u00e1logo de Jornais no mundo, Not\u00edcias, Blog e Esportes ao vivo","inLanguage":"pt-BR","publisher":{"@id":"https:\/\/ejornais.com.br\/#organization"}}]},"og:locale":"pt_BR","og:site_name":"eJornais - Cat\u00e1logo de Jornais no mundo, Not\u00edcias, Blog e Esportes ao vivo","og:type":"article","og:title":"IFSP investe R$ 250 mil e cria cinco novos Centros de Pesquisa e Inova\u00e7\u00e3o \u2013 IFSP - eJornais","og:description":"Com o aporte, o IFSP eleva para 15 o n\u00famero de Cepins. A Pr\u00f3-Reitoria de Pesquisa e P\u00f3s-Gradua\u00e7\u00e3o (PRP) do IFSP divulgou o resultado final do Edital PRP n\u00ba 19\/2025, anunciando a cria\u00e7\u00e3o de cinco novos Centros de Pesquisa e Inova\u00e7\u00e3o (Cepins). Inicialmente, o edital previa contemplar tr\u00eas propostas. Segundo o pr\u00f3-reitor de Pesquisa e","og:url":"https:\/\/ejornais.com.br\/index.php\/2025\/09\/23\/ifsp-investe-r-250-mil-e-cria-cinco-novos-centros-de-pesquisa-e-inovacao-ifsp\/","article:published_time":"2025-09-23T14:49:45+00:00","article:modified_time":"2025-09-23T14:49:45+00:00","twitter:card":"summary_large_image","twitter:title":"IFSP investe R$ 250 mil e cria cinco novos Centros de Pesquisa e Inova\u00e7\u00e3o \u2013 IFSP - eJornais","twitter:description":"Com o aporte, o IFSP eleva para 15 o n\u00famero de Cepins. A Pr\u00f3-Reitoria de Pesquisa e P\u00f3s-Gradua\u00e7\u00e3o (PRP) do IFSP divulgou o resultado final do Edital PRP n\u00ba 19\/2025, anunciando a cria\u00e7\u00e3o de cinco novos Centros de Pesquisa e Inova\u00e7\u00e3o (Cepins). Inicialmente, o edital previa contemplar tr\u00eas propostas. Segundo o pr\u00f3-reitor de Pesquisa e"},"aioseo_meta_data":{"post_id":"52822","title":null,"description":null,"keywords":null,"keyphrases":null,"primary_term":null,"canonical_url":null,"og_title":null,"og_description":null,"og_object_type":"default","og_image_type":"default","og_image_url":null,"og_image_width":null,"og_image_height":null,"og_image_custom_url":null,"og_image_custom_fields":null,"og_video":null,"og_custom_url":null,"og_article_section":null,"og_article_tags":null,"twitter_use_og":false,"twitter_card":"default","twitter_image_type":"default","twitter_image_url":null,"twitter_image_custom_url":null,"twitter_image_custom_fields":null,"twitter_title":null,"twitter_description":null,"schema":{"blockGraphs":[],"customGraphs":[],"default":{"data":{"Article":[],"Course":[],"Dataset":[],"FAQPage":[],"Movie":[],"Person":[],"Product":[],"ProductReview":[],"Car":[],"Recipe":[],"Service":[],"SoftwareApplication":[],"WebPage":[]},"graphName":"","isEnabled":true},"graphs":[]},"schema_type":"default","schema_type_options":null,"pillar_content":false,"robots_default":true,"robots_noindex":false,"robots_noarchive":false,"robots_nosnippet":false,"robots_nofollow":false,"robots_noimageindex":false,"robots_noodp":false,"robots_notranslate":false,"robots_max_snippet":null,"robots_max_videopreview":null,"robots_max_imagepreview":"large","priority":null,"frequency":null,"local_seo":null,"breadcrumb_settings":null,"limit_modified_date":false,"ai":null,"created":"2025-09-23 14:57:42","updated":"2025-09-23 14:57:42","seo_analyzer_scan_date":null,"focus_keyword":null,"additional_keywords":null,"truseo_locale":null},"aioseo_breadcrumb":"<div class=\"aioseo-breadcrumbs\"><span class=\"aioseo-breadcrumb\">\n\t\t\t<a href=\"https:\/\/ejornais.com.br\" title=\"In\u00edcio\">In\u00edcio<\/a>\n\t\t<\/span><span class=\"aioseo-breadcrumb-separator\">&raquo;<\/span><span class=\"aioseo-breadcrumb\">\n\t\t\t<a href=\"https:\/\/ejornais.com.br\/index.php\/category\/ejornais\/\" title=\"Cat\u00e1logo de Jornais\">Cat\u00e1logo de Jornais<\/a>\n\t\t<\/span><span class=\"aioseo-breadcrumb-separator\">&raquo;<\/span><span class=\"aioseo-breadcrumb\">\n\t\t\tIFSP investe R$ 250 mil e cria cinco novos Centros de Pesquisa e Inova\u00e7\u00e3o \u2013 IFSP\n\t\t<\/span><\/div>","aioseo_breadcrumb_json":[{"label":"In\u00edcio","link":"https:\/\/ejornais.com.br"},{"label":"Cat\u00e1logo de Jornais","link":"https:\/\/ejornais.com.br\/index.php\/category\/ejornais\/"},{"label":"IFSP investe R$ 250 mil e cria cinco novos Centros de Pesquisa e Inova\u00e7\u00e3o &#8211; IFSP","link":"https:\/\/ejornais.com.br\/index.php\/2025\/09\/23\/ifsp-investe-r-250-mil-e-cria-cinco-novos-centros-de-pesquisa-e-inovacao-ifsp\/"}],"amp_enabled":true,"_links":{"self":[{"href":"https:\/\/ejornais.com.br\/index.php\/wp-json\/wp\/v2\/posts\/52822","targetHints":{"allow":["GET"]}}],"collection":[{"href":"https:\/\/ejornais.com.br\/index.php\/wp-json\/wp\/v2\/posts"}],"about":[{"href":"https:\/\/ejornais.com.br\/index.php\/wp-json\/wp\/v2\/types\/post"}],"author":[{"embeddable":true,"href":"https:\/\/ejornais.com.br\/index.php\/wp-json\/wp\/v2\/users\/2"}],"replies":[{"embeddable":true,"href":"https:\/\/ejornais.com.br\/index.php\/wp-json\/wp\/v2\/comments?post=52822"}],"version-history":[{"count":0,"href":"https:\/\/ejornais.com.br\/index.php\/wp-json\/wp\/v2\/posts\/52822\/revisions"}],"wp:attachment":[{"href":"https:\/\/ejornais.com.br\/index.php\/wp-json\/wp\/v2\/media?parent=52822"}],"wp:term":[{"taxonomy":"category","embeddable":true,"href":"https:\/\/ejornais.com.br\/index.php\/wp-json\/wp\/v2\/categories?post=52822"},{"taxonomy":"post_tag","embeddable":true,"href":"https:\/\/ejornais.com.br\/index.php\/wp-json\/wp\/v2\/tags?post=52822"}],"curies":[{"name":"wp","href":"https:\/\/api.w.org\/{rel}","templated":true}]}}