{"id":52839,"date":"2025-09-23T16:42:41","date_gmt":"2025-09-23T19:42:41","guid":{"rendered":"https:\/\/ejornais.com.br\/index.php\/2025\/09\/23\/prefeitura-abre-licitacao-para-o-parque-cachoeiras-do-ceuzinho-cgnoticias\/"},"modified":"2025-09-23T16:42:41","modified_gmt":"2025-09-23T19:42:41","slug":"prefeitura-abre-licitacao-para-o-parque-cachoeiras-do-ceuzinho-cgnoticias","status":"publish","type":"post","link":"https:\/\/ejornais.com.br\/index.php\/2025\/09\/23\/prefeitura-abre-licitacao-para-o-parque-cachoeiras-do-ceuzinho-cgnoticias\/","title":{"rendered":"Prefeitura abre licita\u00e7\u00e3o para o Parque Cachoeiras do C\u00e9uzinho \u2013 CGNot\u00edcias"},"content":{"rendered":"<p><\/p>\n<div>\n<p>Campo Grande est\u00e1 se preparando para receber seu primeiro Parque Tur\u00edstico Municipal, que ser\u00e1 constru\u00eddo na regi\u00e3o da Cachoeira do C\u00e9uzinho, uma \u00e1rea com 28 hectares localizada \u00e0s margens da Estrada Municipal CG-060. A pedra fundamental foi lan\u00e7ada no dia 28 de agosto de 2023, marcando o in\u00edcio de um projeto que promete transformar o cen\u00e1rio tur\u00edstico da Capital.<\/p>\n<p>O espa\u00e7o, que integra a \u00c1rea de Prote\u00e7\u00e3o Ambiental da Bacia do C\u00f3rrego Ceroula, ser\u00e1 revitalizado com foco na sustentabilidade e na valoriza\u00e7\u00e3o das belezas naturais da regi\u00e3o. Ao todo, o investimento previsto \u00e9 de R$ 8.643.966,02, com prazo de execu\u00e7\u00e3o de 540 dias. A obra ser\u00e1 financiada com recursos do Tesouro Municipal e do Finisa (Financiamento \u00e0 Infraestrutura e ao Saneamento).<\/p>\n<p>O projeto ser\u00e1 realizado em duas etapas, conforme informou a Secretaria Municipal de Infraestrutura e Servi\u00e7os P\u00fablicos (Sisep). A primeira fase contempla a constru\u00e7\u00e3o do p\u00f3rtico de entrada, \u00e1rea de recep\u00e7\u00e3o, estacionamento, sala de jogos, banheiros, playground e vesti\u00e1rios. J\u00e1 na segunda etapa, ser\u00e3o implantados os mirantes, que v\u00e3o oferecer vistas privilegiadas das paisagens naturais da regi\u00e3o.<\/p>\n<p><strong>Parque Tur\u00edstico Municipal Cachoeira do C\u00e9uzinho<\/strong><\/p>\n<p>O Parque Tur\u00edstico Cachoeiras do C\u00e9uzinho ser\u00e1 um complexo completo de lazer e contato com a natureza. Al\u00e9m das quatro cachoeiras j\u00e1 existentes, o local vai contar com quiosques, red\u00e1rios, restaurante, estrutura de apoio para trilhas e diversas atra\u00e7\u00f5es voltadas ao turismo ecol\u00f3gico. O Munic\u00edpio tamb\u00e9m ir\u00e1 investir na elabora\u00e7\u00e3o do Plano de Manejo da Unidade de Conserva\u00e7\u00e3o, com a\u00e7\u00f5es que promovam uma conviv\u00eancia equilibrada entre o meio ambiente e a popula\u00e7\u00e3o.<\/p>\n<p>Para a prefeita Adriane Lopes, essa obra representa um marco para o turismo local. \u201cA cria\u00e7\u00e3o do parque \u00e9 um divisor de \u00e1guas para Campo Grande. Estamos preparando a cidade para o futuro, incentivando o desenvolvimento do setor hoteleiro e promovendo o turismo de forma estruturada. Com essa iniciativa, vamos atrair mais visitantes, aquecer o com\u00e9rcio, gerar emprego e renda\u201d, destaca.<\/p>\n<p>J\u00e1 o secret\u00e1rio municipal de Meio Ambiente, Gest\u00e3o Urbana e Desenvolvimento Econ\u00f4mico, Tur\u00edstico e Sustent\u00e1vel, Ademar Silva Junior, refor\u00e7a o impacto positivo do projeto. \u201cEsse parque vai muito al\u00e9m do lazer. Ele simboliza um avan\u00e7o importante na dire\u00e7\u00e3o de um turismo sustent\u00e1vel, que respeita o meio ambiente, gera oportunidades e valoriza um dos cen\u00e1rios naturais mais simb\u00f3licos de Campo Grande.\u201d<\/p>\n<figure class=\"wp-block-image size-large\"><\/figure>\n<p>O aviso de licita\u00e7\u00e3o para contrata\u00e7\u00e3o da empresa que ficar\u00e1 respons\u00e1vel pela execu\u00e7\u00e3o da obra foi publicado no Di\u00e1rio Oficial de Campo Grande n.\u00ba 8.067, nesta ter\u00e7a-feira (23), dando in\u00edcio oficial ao processo de implanta\u00e7\u00e3o do parque.<\/p>\n<figure class=\"wp-block-image size-large\"><\/figure>\n<p>#<em>ParaTodosVerem As imagens mostram o projeto do Parque e uma das cachoeiras ao final.<\/em><\/p>\n<\/div>\n<p><script async defer async defer src=\"https:\/\/connect.facebook.net\/en_US\/sdk.js?ver=1#xfbml=1&amp;version=v3.2\" id=\"prefeitura-campogrande-script-facebook-sdk-js\"><\/script><\/p>\n","protected":false},"excerpt":{"rendered":"<p>Campo Grande est\u00e1 se preparando para receber seu primeiro Parque Tur\u00edstico Municipal, que ser\u00e1 constru\u00eddo na regi\u00e3o da Cachoeira do<\/p>\n","protected":false},"author":2,"featured_media":0,"comment_status":"","ping_status":"","sticky":false,"template":"","format":"standard","meta":{"colormag_page_container_layout":"default_layout","colormag_page_sidebar_layout":"default_layout","footnotes":""},"categories":[1],"tags":[],"class_list":["post-52839","post","type-post","status-publish","format-standard","hentry","category-ejornais"],"aioseo_notices":[],"aioseo_head":"\n\t\t<!-- All in One SEO 5.0.1.1 - aioseo.com -->\n\t<meta name=\"description\" content=\"Campo Grande est\u00e1 se preparando para receber seu primeiro Parque Tur\u00edstico Municipal, que ser\u00e1 constru\u00eddo na regi\u00e3o da Cachoeira do C\u00e9uzinho, uma \u00e1rea com 28 hectares localizada \u00e0s margens da Estrada Municipal CG-060. A pedra fundamental foi lan\u00e7ada no dia 28 de agosto de 2023, marcando o in\u00edcio de um projeto que promete transformar o\" \/>\n\t<meta name=\"robots\" content=\"max-image-preview:large\" \/>\n\t<meta name=\"author\" content=\"admin1\"\/>\n\t<link rel=\"canonical\" href=\"https:\/\/ejornais.com.br\/index.php\/2025\/09\/23\/prefeitura-abre-licitacao-para-o-parque-cachoeiras-do-ceuzinho-cgnoticias\/\" \/>\n\t<meta name=\"generator\" content=\"All in One SEO (AIOSEO) 5.0.1.1\" \/>\n\t\t<meta property=\"og:locale\" content=\"pt_BR\" \/>\n\t\t<meta property=\"og:site_name\" content=\"eJornais - Cat\u00e1logo de Jornais no mundo, Not\u00edcias, Blog e Esportes ao vivo\" \/>\n\t\t<meta property=\"og:type\" content=\"article\" \/>\n\t\t<meta property=\"og:title\" content=\"Prefeitura abre licita\u00e7\u00e3o para o Parque Cachoeiras do C\u00e9uzinho \u2013 CGNot\u00edcias - eJornais\" \/>\n\t\t<meta property=\"og:description\" content=\"Campo Grande est\u00e1 se preparando para receber seu primeiro Parque Tur\u00edstico Municipal, que ser\u00e1 constru\u00eddo na regi\u00e3o da Cachoeira do C\u00e9uzinho, uma \u00e1rea com 28 hectares localizada \u00e0s margens da Estrada Municipal CG-060. A pedra fundamental foi lan\u00e7ada no dia 28 de agosto de 2023, marcando o in\u00edcio de um projeto que promete transformar o\" \/>\n\t\t<meta property=\"og:url\" content=\"https:\/\/ejornais.com.br\/index.php\/2025\/09\/23\/prefeitura-abre-licitacao-para-o-parque-cachoeiras-do-ceuzinho-cgnoticias\/\" \/>\n\t\t<meta property=\"article:published_time\" content=\"2025-09-23T19:42:41+00:00\" \/>\n\t\t<meta property=\"article:modified_time\" content=\"2025-09-23T19:42:41+00:00\" \/>\n\t\t<meta name=\"twitter:card\" content=\"summary_large_image\" \/>\n\t\t<meta name=\"twitter:title\" content=\"Prefeitura abre licita\u00e7\u00e3o para o Parque Cachoeiras do C\u00e9uzinho \u2013 CGNot\u00edcias - eJornais\" \/>\n\t\t<meta name=\"twitter:description\" content=\"Campo Grande est\u00e1 se preparando para receber seu primeiro Parque Tur\u00edstico Municipal, que ser\u00e1 constru\u00eddo na regi\u00e3o da Cachoeira do C\u00e9uzinho, uma \u00e1rea com 28 hectares localizada \u00e0s margens da Estrada Municipal CG-060. A pedra fundamental foi lan\u00e7ada no dia 28 de agosto de 2023, marcando o in\u00edcio de um projeto que promete transformar o\" \/>\n\t\t<script type=\"application\/ld+json\" class=\"aioseo-schema\">\n\t\t\t{\"@context\":\"https:\\\/\\\/schema.org\",\"@graph\":[{\"@type\":\"BlogPosting\",\"@id\":\"https:\\\/\\\/ejornais.com.br\\\/index.php\\\/2025\\\/09\\\/23\\\/prefeitura-abre-licitacao-para-o-parque-cachoeiras-do-ceuzinho-cgnoticias\\\/#blogposting\",\"name\":\"Prefeitura abre licita\\u00e7\\u00e3o para o Parque Cachoeiras do C\\u00e9uzinho \\u2013 CGNot\\u00edcias - eJornais\",\"headline\":\"Prefeitura abre licita\\u00e7\\u00e3o para o Parque Cachoeiras do C\\u00e9uzinho \\u2013 CGNot\\u00edcias\",\"author\":{\"@id\":\"https:\\\/\\\/ejornais.com.br\\\/index.php\\\/author\\\/admin1\\\/#author\"},\"publisher\":{\"@id\":\"https:\\\/\\\/ejornais.com.br\\\/#organization\"},\"datePublished\":\"2025-09-23T16:42:41-03:00\",\"dateModified\":\"2025-09-23T16:42:41-03:00\",\"inLanguage\":\"pt-BR\",\"mainEntityOfPage\":{\"@id\":\"https:\\\/\\\/ejornais.com.br\\\/index.php\\\/2025\\\/09\\\/23\\\/prefeitura-abre-licitacao-para-o-parque-cachoeiras-do-ceuzinho-cgnoticias\\\/#webpage\"},\"isPartOf\":{\"@id\":\"https:\\\/\\\/ejornais.com.br\\\/index.php\\\/2025\\\/09\\\/23\\\/prefeitura-abre-licitacao-para-o-parque-cachoeiras-do-ceuzinho-cgnoticias\\\/#webpage\"},\"articleSection\":\"Cat\\u00e1logo de Jornais\"},{\"@type\":\"BreadcrumbList\",\"@id\":\"https:\\\/\\\/ejornais.com.br\\\/index.php\\\/2025\\\/09\\\/23\\\/prefeitura-abre-licitacao-para-o-parque-cachoeiras-do-ceuzinho-cgnoticias\\\/#breadcrumblist\",\"itemListElement\":[{\"@type\":\"ListItem\",\"@id\":\"https:\\\/\\\/ejornais.com.br#listItem\",\"position\":1,\"name\":\"In\\u00edcio\",\"item\":\"https:\\\/\\\/ejornais.com.br\",\"nextItem\":{\"@type\":\"ListItem\",\"@id\":\"https:\\\/\\\/ejornais.com.br\\\/index.php\\\/category\\\/ejornais\\\/#listItem\",\"name\":\"Cat\\u00e1logo de Jornais\"}},{\"@type\":\"ListItem\",\"@id\":\"https:\\\/\\\/ejornais.com.br\\\/index.php\\\/category\\\/ejornais\\\/#listItem\",\"position\":2,\"name\":\"Cat\\u00e1logo de Jornais\",\"item\":\"https:\\\/\\\/ejornais.com.br\\\/index.php\\\/category\\\/ejornais\\\/\",\"nextItem\":{\"@type\":\"ListItem\",\"@id\":\"https:\\\/\\\/ejornais.com.br\\\/index.php\\\/2025\\\/09\\\/23\\\/prefeitura-abre-licitacao-para-o-parque-cachoeiras-do-ceuzinho-cgnoticias\\\/#listItem\",\"name\":\"Prefeitura abre licita\\u00e7\\u00e3o para o Parque Cachoeiras do C\\u00e9uzinho \\u2013 CGNot\\u00edcias\"},\"previousItem\":{\"@type\":\"ListItem\",\"@id\":\"https:\\\/\\\/ejornais.com.br#listItem\",\"name\":\"In\\u00edcio\"}},{\"@type\":\"ListItem\",\"@id\":\"https:\\\/\\\/ejornais.com.br\\\/index.php\\\/2025\\\/09\\\/23\\\/prefeitura-abre-licitacao-para-o-parque-cachoeiras-do-ceuzinho-cgnoticias\\\/#listItem\",\"position\":3,\"name\":\"Prefeitura abre licita\\u00e7\\u00e3o para o Parque Cachoeiras do C\\u00e9uzinho \\u2013 CGNot\\u00edcias\",\"previousItem\":{\"@type\":\"ListItem\",\"@id\":\"https:\\\/\\\/ejornais.com.br\\\/index.php\\\/category\\\/ejornais\\\/#listItem\",\"name\":\"Cat\\u00e1logo de Jornais\"}}]},{\"@type\":\"Organization\",\"@id\":\"https:\\\/\\\/ejornais.com.br\\\/#organization\",\"name\":\"eJornais\",\"description\":\"Cat\\u00e1logo de Jornais no mundo, Not\\u00edcias, Blog e Esportes ao vivo\",\"url\":\"https:\\\/\\\/ejornais.com.br\\\/\"},{\"@type\":\"Person\",\"@id\":\"https:\\\/\\\/ejornais.com.br\\\/index.php\\\/author\\\/admin1\\\/#author\",\"url\":\"https:\\\/\\\/ejornais.com.br\\\/index.php\\\/author\\\/admin1\\\/\",\"name\":\"admin1\",\"image\":{\"@type\":\"ImageObject\",\"@id\":\"https:\\\/\\\/ejornais.com.br\\\/index.php\\\/2025\\\/09\\\/23\\\/prefeitura-abre-licitacao-para-o-parque-cachoeiras-do-ceuzinho-cgnoticias\\\/#authorImage\",\"url\":\"https:\\\/\\\/secure.gravatar.com\\\/avatar\\\/04084e6d73c042b8646e7c17b494073bf0ede3ea13c7105cfc45cbbbc28385a4?s=96&d=mm&r=g\",\"width\":96,\"height\":96,\"caption\":\"admin1\"}},{\"@type\":\"WebPage\",\"@id\":\"https:\\\/\\\/ejornais.com.br\\\/index.php\\\/2025\\\/09\\\/23\\\/prefeitura-abre-licitacao-para-o-parque-cachoeiras-do-ceuzinho-cgnoticias\\\/#webpage\",\"url\":\"https:\\\/\\\/ejornais.com.br\\\/index.php\\\/2025\\\/09\\\/23\\\/prefeitura-abre-licitacao-para-o-parque-cachoeiras-do-ceuzinho-cgnoticias\\\/\",\"name\":\"Prefeitura abre licita\\u00e7\\u00e3o para o Parque Cachoeiras do C\\u00e9uzinho \\u2013 CGNot\\u00edcias - eJornais\",\"description\":\"Campo Grande est\\u00e1 se preparando para receber seu primeiro Parque Tur\\u00edstico Municipal, que ser\\u00e1 constru\\u00eddo na regi\\u00e3o da Cachoeira do C\\u00e9uzinho, uma \\u00e1rea com 28 hectares localizada \\u00e0s margens da Estrada Municipal CG-060. A pedra fundamental foi lan\\u00e7ada no dia 28 de agosto de 2023, marcando o in\\u00edcio de um projeto que promete transformar o\",\"inLanguage\":\"pt-BR\",\"isPartOf\":{\"@id\":\"https:\\\/\\\/ejornais.com.br\\\/#website\"},\"breadcrumb\":{\"@id\":\"https:\\\/\\\/ejornais.com.br\\\/index.php\\\/2025\\\/09\\\/23\\\/prefeitura-abre-licitacao-para-o-parque-cachoeiras-do-ceuzinho-cgnoticias\\\/#breadcrumblist\"},\"author\":{\"@id\":\"https:\\\/\\\/ejornais.com.br\\\/index.php\\\/author\\\/admin1\\\/#author\"},\"creator\":{\"@id\":\"https:\\\/\\\/ejornais.com.br\\\/index.php\\\/author\\\/admin1\\\/#author\"},\"datePublished\":\"2025-09-23T16:42:41-03:00\",\"dateModified\":\"2025-09-23T16:42:41-03:00\"},{\"@type\":\"WebSite\",\"@id\":\"https:\\\/\\\/ejornais.com.br\\\/#website\",\"url\":\"https:\\\/\\\/ejornais.com.br\\\/\",\"name\":\"eJornais\",\"description\":\"Cat\\u00e1logo de Jornais no mundo, Not\\u00edcias, Blog e Esportes ao vivo\",\"inLanguage\":\"pt-BR\",\"publisher\":{\"@id\":\"https:\\\/\\\/ejornais.com.br\\\/#organization\"}}]}\n\t\t<\/script>\n\t\t<!-- All in One SEO -->\n\n","aioseo_head_json":{"title":"Prefeitura abre licita\u00e7\u00e3o para o Parque Cachoeiras do C\u00e9uzinho \u2013 CGNot\u00edcias - eJornais","description":"Campo Grande est\u00e1 se preparando para receber seu primeiro Parque Tur\u00edstico Municipal, que ser\u00e1 constru\u00eddo na regi\u00e3o da Cachoeira do C\u00e9uzinho, uma \u00e1rea com 28 hectares localizada \u00e0s margens da Estrada Municipal CG-060. A pedra fundamental foi lan\u00e7ada no dia 28 de agosto de 2023, marcando o in\u00edcio de um projeto que promete transformar o","canonical_url":"https:\/\/ejornais.com.br\/index.php\/2025\/09\/23\/prefeitura-abre-licitacao-para-o-parque-cachoeiras-do-ceuzinho-cgnoticias\/","robots":"max-image-preview:large","keywords":"","webmasterTools":{"miscellaneous":""},"schema":{"@context":"https:\/\/schema.org","@graph":[{"@type":"BlogPosting","@id":"https:\/\/ejornais.com.br\/index.php\/2025\/09\/23\/prefeitura-abre-licitacao-para-o-parque-cachoeiras-do-ceuzinho-cgnoticias\/#blogposting","name":"Prefeitura abre licita\u00e7\u00e3o para o Parque Cachoeiras do C\u00e9uzinho \u2013 CGNot\u00edcias - eJornais","headline":"Prefeitura abre licita\u00e7\u00e3o para o Parque Cachoeiras do C\u00e9uzinho \u2013 CGNot\u00edcias","author":{"@id":"https:\/\/ejornais.com.br\/index.php\/author\/admin1\/#author"},"publisher":{"@id":"https:\/\/ejornais.com.br\/#organization"},"datePublished":"2025-09-23T16:42:41-03:00","dateModified":"2025-09-23T16:42:41-03:00","inLanguage":"pt-BR","mainEntityOfPage":{"@id":"https:\/\/ejornais.com.br\/index.php\/2025\/09\/23\/prefeitura-abre-licitacao-para-o-parque-cachoeiras-do-ceuzinho-cgnoticias\/#webpage"},"isPartOf":{"@id":"https:\/\/ejornais.com.br\/index.php\/2025\/09\/23\/prefeitura-abre-licitacao-para-o-parque-cachoeiras-do-ceuzinho-cgnoticias\/#webpage"},"articleSection":"Cat\u00e1logo de Jornais"},{"@type":"BreadcrumbList","@id":"https:\/\/ejornais.com.br\/index.php\/2025\/09\/23\/prefeitura-abre-licitacao-para-o-parque-cachoeiras-do-ceuzinho-cgnoticias\/#breadcrumblist","itemListElement":[{"@type":"ListItem","@id":"https:\/\/ejornais.com.br#listItem","position":1,"name":"In\u00edcio","item":"https:\/\/ejornais.com.br","nextItem":{"@type":"ListItem","@id":"https:\/\/ejornais.com.br\/index.php\/category\/ejornais\/#listItem","name":"Cat\u00e1logo de Jornais"}},{"@type":"ListItem","@id":"https:\/\/ejornais.com.br\/index.php\/category\/ejornais\/#listItem","position":2,"name":"Cat\u00e1logo de Jornais","item":"https:\/\/ejornais.com.br\/index.php\/category\/ejornais\/","nextItem":{"@type":"ListItem","@id":"https:\/\/ejornais.com.br\/index.php\/2025\/09\/23\/prefeitura-abre-licitacao-para-o-parque-cachoeiras-do-ceuzinho-cgnoticias\/#listItem","name":"Prefeitura abre licita\u00e7\u00e3o para o Parque Cachoeiras do C\u00e9uzinho \u2013 CGNot\u00edcias"},"previousItem":{"@type":"ListItem","@id":"https:\/\/ejornais.com.br#listItem","name":"In\u00edcio"}},{"@type":"ListItem","@id":"https:\/\/ejornais.com.br\/index.php\/2025\/09\/23\/prefeitura-abre-licitacao-para-o-parque-cachoeiras-do-ceuzinho-cgnoticias\/#listItem","position":3,"name":"Prefeitura abre licita\u00e7\u00e3o para o Parque Cachoeiras do C\u00e9uzinho \u2013 CGNot\u00edcias","previousItem":{"@type":"ListItem","@id":"https:\/\/ejornais.com.br\/index.php\/category\/ejornais\/#listItem","name":"Cat\u00e1logo de Jornais"}}]},{"@type":"Organization","@id":"https:\/\/ejornais.com.br\/#organization","name":"eJornais","description":"Cat\u00e1logo de Jornais no mundo, Not\u00edcias, Blog e Esportes ao vivo","url":"https:\/\/ejornais.com.br\/"},{"@type":"Person","@id":"https:\/\/ejornais.com.br\/index.php\/author\/admin1\/#author","url":"https:\/\/ejornais.com.br\/index.php\/author\/admin1\/","name":"admin1","image":{"@type":"ImageObject","@id":"https:\/\/ejornais.com.br\/index.php\/2025\/09\/23\/prefeitura-abre-licitacao-para-o-parque-cachoeiras-do-ceuzinho-cgnoticias\/#authorImage","url":"https:\/\/secure.gravatar.com\/avatar\/04084e6d73c042b8646e7c17b494073bf0ede3ea13c7105cfc45cbbbc28385a4?s=96&d=mm&r=g","width":96,"height":96,"caption":"admin1"}},{"@type":"WebPage","@id":"https:\/\/ejornais.com.br\/index.php\/2025\/09\/23\/prefeitura-abre-licitacao-para-o-parque-cachoeiras-do-ceuzinho-cgnoticias\/#webpage","url":"https:\/\/ejornais.com.br\/index.php\/2025\/09\/23\/prefeitura-abre-licitacao-para-o-parque-cachoeiras-do-ceuzinho-cgnoticias\/","name":"Prefeitura abre licita\u00e7\u00e3o para o Parque Cachoeiras do C\u00e9uzinho \u2013 CGNot\u00edcias - eJornais","description":"Campo Grande est\u00e1 se preparando para receber seu primeiro Parque Tur\u00edstico Municipal, que ser\u00e1 constru\u00eddo na regi\u00e3o da Cachoeira do C\u00e9uzinho, uma \u00e1rea com 28 hectares localizada \u00e0s margens da Estrada Municipal CG-060. A pedra fundamental foi lan\u00e7ada no dia 28 de agosto de 2023, marcando o in\u00edcio de um projeto que promete transformar o","inLanguage":"pt-BR","isPartOf":{"@id":"https:\/\/ejornais.com.br\/#website"},"breadcrumb":{"@id":"https:\/\/ejornais.com.br\/index.php\/2025\/09\/23\/prefeitura-abre-licitacao-para-o-parque-cachoeiras-do-ceuzinho-cgnoticias\/#breadcrumblist"},"author":{"@id":"https:\/\/ejornais.com.br\/index.php\/author\/admin1\/#author"},"creator":{"@id":"https:\/\/ejornais.com.br\/index.php\/author\/admin1\/#author"},"datePublished":"2025-09-23T16:42:41-03:00","dateModified":"2025-09-23T16:42:41-03:00"},{"@type":"WebSite","@id":"https:\/\/ejornais.com.br\/#website","url":"https:\/\/ejornais.com.br\/","name":"eJornais","description":"Cat\u00e1logo de Jornais no mundo, Not\u00edcias, Blog e Esportes ao vivo","inLanguage":"pt-BR","publisher":{"@id":"https:\/\/ejornais.com.br\/#organization"}}]},"og:locale":"pt_BR","og:site_name":"eJornais - Cat\u00e1logo de Jornais no mundo, Not\u00edcias, Blog e Esportes ao vivo","og:type":"article","og:title":"Prefeitura abre licita\u00e7\u00e3o para o Parque Cachoeiras do C\u00e9uzinho \u2013 CGNot\u00edcias - eJornais","og:description":"Campo Grande est\u00e1 se preparando para receber seu primeiro Parque Tur\u00edstico Municipal, que ser\u00e1 constru\u00eddo na regi\u00e3o da Cachoeira do C\u00e9uzinho, uma \u00e1rea com 28 hectares localizada \u00e0s margens da Estrada Municipal CG-060. A pedra fundamental foi lan\u00e7ada no dia 28 de agosto de 2023, marcando o in\u00edcio de um projeto que promete transformar o","og:url":"https:\/\/ejornais.com.br\/index.php\/2025\/09\/23\/prefeitura-abre-licitacao-para-o-parque-cachoeiras-do-ceuzinho-cgnoticias\/","article:published_time":"2025-09-23T19:42:41+00:00","article:modified_time":"2025-09-23T19:42:41+00:00","twitter:card":"summary_large_image","twitter:title":"Prefeitura abre licita\u00e7\u00e3o para o Parque Cachoeiras do C\u00e9uzinho \u2013 CGNot\u00edcias - eJornais","twitter:description":"Campo Grande est\u00e1 se preparando para receber seu primeiro Parque Tur\u00edstico Municipal, que ser\u00e1 constru\u00eddo na regi\u00e3o da Cachoeira do C\u00e9uzinho, uma \u00e1rea com 28 hectares localizada \u00e0s margens da Estrada Municipal CG-060. A pedra fundamental foi lan\u00e7ada no dia 28 de agosto de 2023, marcando o in\u00edcio de um projeto que promete transformar o"},"aioseo_meta_data":{"post_id":"52839","title":null,"description":null,"keywords":null,"keyphrases":null,"primary_term":null,"canonical_url":null,"og_title":null,"og_description":null,"og_object_type":"default","og_image_type":"default","og_image_url":null,"og_image_width":null,"og_image_height":null,"og_image_custom_url":null,"og_image_custom_fields":null,"og_video":null,"og_custom_url":null,"og_article_section":null,"og_article_tags":null,"twitter_use_og":false,"twitter_card":"default","twitter_image_type":"default","twitter_image_url":null,"twitter_image_custom_url":null,"twitter_image_custom_fields":null,"twitter_title":null,"twitter_description":null,"schema":{"blockGraphs":[],"customGraphs":[],"default":{"data":{"Article":[],"Course":[],"Dataset":[],"FAQPage":[],"Movie":[],"Person":[],"Product":[],"ProductReview":[],"Car":[],"Recipe":[],"Service":[],"SoftwareApplication":[],"WebPage":[]},"graphName":"","isEnabled":true},"graphs":[]},"schema_type":"default","schema_type_options":null,"pillar_content":false,"robots_default":true,"robots_noindex":false,"robots_noarchive":false,"robots_nosnippet":false,"robots_nofollow":false,"robots_noimageindex":false,"robots_noodp":false,"robots_notranslate":false,"robots_max_snippet":null,"robots_max_videopreview":null,"robots_max_imagepreview":"large","priority":null,"frequency":null,"local_seo":null,"breadcrumb_settings":null,"limit_modified_date":false,"ai":null,"created":"2025-09-23 19:44:40","updated":"2025-09-23 19:44:40","seo_analyzer_scan_date":null,"focus_keyword":null,"additional_keywords":null,"truseo_locale":null},"aioseo_breadcrumb":"<div class=\"aioseo-breadcrumbs\"><span class=\"aioseo-breadcrumb\">\n\t\t\t<a href=\"https:\/\/ejornais.com.br\" title=\"In\u00edcio\">In\u00edcio<\/a>\n\t\t<\/span><span class=\"aioseo-breadcrumb-separator\">&raquo;<\/span><span class=\"aioseo-breadcrumb\">\n\t\t\t<a href=\"https:\/\/ejornais.com.br\/index.php\/category\/ejornais\/\" title=\"Cat\u00e1logo de Jornais\">Cat\u00e1logo de Jornais<\/a>\n\t\t<\/span><span class=\"aioseo-breadcrumb-separator\">&raquo;<\/span><span class=\"aioseo-breadcrumb\">\n\t\t\tPrefeitura abre licita\u00e7\u00e3o para o Parque Cachoeiras do C\u00e9uzinho \u2013 CGNot\u00edcias\n\t\t<\/span><\/div>","aioseo_breadcrumb_json":[{"label":"In\u00edcio","link":"https:\/\/ejornais.com.br"},{"label":"Cat\u00e1logo de Jornais","link":"https:\/\/ejornais.com.br\/index.php\/category\/ejornais\/"},{"label":"Prefeitura abre licita\u00e7\u00e3o para o Parque Cachoeiras do C\u00e9uzinho \u2013 CGNot\u00edcias","link":"https:\/\/ejornais.com.br\/index.php\/2025\/09\/23\/prefeitura-abre-licitacao-para-o-parque-cachoeiras-do-ceuzinho-cgnoticias\/"}],"amp_enabled":true,"_links":{"self":[{"href":"https:\/\/ejornais.com.br\/index.php\/wp-json\/wp\/v2\/posts\/52839","targetHints":{"allow":["GET"]}}],"collection":[{"href":"https:\/\/ejornais.com.br\/index.php\/wp-json\/wp\/v2\/posts"}],"about":[{"href":"https:\/\/ejornais.com.br\/index.php\/wp-json\/wp\/v2\/types\/post"}],"author":[{"embeddable":true,"href":"https:\/\/ejornais.com.br\/index.php\/wp-json\/wp\/v2\/users\/2"}],"replies":[{"embeddable":true,"href":"https:\/\/ejornais.com.br\/index.php\/wp-json\/wp\/v2\/comments?post=52839"}],"version-history":[{"count":0,"href":"https:\/\/ejornais.com.br\/index.php\/wp-json\/wp\/v2\/posts\/52839\/revisions"}],"wp:attachment":[{"href":"https:\/\/ejornais.com.br\/index.php\/wp-json\/wp\/v2\/media?parent=52839"}],"wp:term":[{"taxonomy":"category","embeddable":true,"href":"https:\/\/ejornais.com.br\/index.php\/wp-json\/wp\/v2\/categories?post=52839"},{"taxonomy":"post_tag","embeddable":true,"href":"https:\/\/ejornais.com.br\/index.php\/wp-json\/wp\/v2\/tags?post=52839"}],"curies":[{"name":"wp","href":"https:\/\/api.w.org\/{rel}","templated":true}]}}