{"id":52840,"date":"2025-09-23T16:43:42","date_gmt":"2025-09-23T19:43:42","guid":{"rendered":"https:\/\/ejornais.com.br\/index.php\/2025\/09\/23\/conferencia-municipal-de-saude-reune-gestores-trabalhadores-e-usuarios-do-sus\/"},"modified":"2025-09-23T16:43:42","modified_gmt":"2025-09-23T19:43:42","slug":"conferencia-municipal-de-saude-reune-gestores-trabalhadores-e-usuarios-do-sus","status":"publish","type":"post","link":"https:\/\/ejornais.com.br\/index.php\/2025\/09\/23\/conferencia-municipal-de-saude-reune-gestores-trabalhadores-e-usuarios-do-sus\/","title":{"rendered":"Confer\u00eancia Municipal de Sa\u00fade re\u00fane gestores, trabalhadores e usu\u00e1rios do SUS"},"content":{"rendered":"<p><\/p>\n<div>\n<p>Teve in\u00edcio, nesta ter\u00e7a-feira (23), a 10\u00aa Confer\u00eancia Municipal de Sa\u00fade de Jo\u00e3o Pessoa, reunindo gestores, trabalhadores, prestadores de servi\u00e7o e usu\u00e1rios do Sistema \u00danico de Sa\u00fade (SUS) para discutir as demandas da popula\u00e7\u00e3o. O evento \u00e9 promovido pelo Conselho Municipal de Sa\u00fade (CMS), com apoio da Prefeitura de Jo\u00e3o Pessoa, e acontece no Centro Estadual de Forma\u00e7\u00e3o de Professores, em Mangabeira.<\/p>\n<figure class=\"wp-block-gallery has-nested-images columns-default is-cropped wp-block-gallery-1 is-layout-flex wp-block-gallery-is-layout-flex\">\n<figure class=\"wp-block-image size-large\"><\/figure>\n<figure class=\"wp-block-image size-large\"><\/figure>\n<\/figure>\n<p>O objetivo principal do encontro \u00e9 ouvir a popula\u00e7\u00e3o, identificar os problemas existentes e propor solu\u00e7\u00f5es para melhorar o atendimento e os servi\u00e7os oferecidos na \u00e1rea da sa\u00fade. Dessa forma, a confer\u00eancia ajuda a definir as prioridades que v\u00e3o orientar a sa\u00fade local pelos pr\u00f3ximos anos.<\/p>\n<p>Durante a solenidade de abertura, o secret\u00e1rio municipal de Sa\u00fade, Luis Ferreira, destacou a import\u00e2ncia da Confer\u00eancia como um espa\u00e7o fundamental para a constru\u00e7\u00e3o democr\u00e1tica de diretrizes que ir\u00e3o orientar a gest\u00e3o da sa\u00fade no munic\u00edpio. \u201c\u00c9 nesse momento que a popula\u00e7\u00e3o, os profissionais de sa\u00fade e o poder p\u00fablico se encontram para debater os desafios, apresentar propostas e apontar caminhos para fortalecer o Sistema \u00danico de Sa\u00fade em Jo\u00e3o Pessoa. Essa troca \u00e9 essencial para que possamos planejar a\u00e7\u00f5es mais eficientes, inclusivas e que estejam alinhadas \u00e0s reais necessidades da nossa popula\u00e7\u00e3o\u201d, afirmou o gestor.<\/p>\n<figure class=\"wp-block-gallery has-nested-images columns-default is-cropped wp-block-gallery-2 is-layout-flex wp-block-gallery-is-layout-flex\">\n<figure class=\"wp-block-image size-large\"><\/figure>\n<figure class=\"wp-block-image size-large\"><\/figure>\n<\/figure>\n<p>Mariah Marques, presidente do CMS, falou sobre todo o processo at\u00e9 chegar o momento de consolidar as propostas da comunidade na Confer\u00eancia. \u201cEstamos concluindo uma verdadeira maratona de pr\u00e9-confer\u00eancias realizadas nos territ\u00f3rios da cidade, onde a popula\u00e7\u00e3o p\u00f4de debater e apresentar propostas. Esse processo foi essencial para a constru\u00e7\u00e3o coletiva do Plano Municipal de Sa\u00fade. Agora, nesta confer\u00eancia, vamos consolidar tudo o que foi discutido, votando nas propostas que nasceram l\u00e1 na base\u201d, explicou.<\/p>\n<p>Moradora do bairro Funcion\u00e1rios II, Gorete Maciel compareceu ao evento como usu\u00e1ria do SUS e ressaltou a necessidade de acompanhamento das pol\u00edticas p\u00fablicas em sa\u00fade. \u201cTemos que identificar o que est\u00e1 funcionando e o que n\u00e3o est\u00e1, para que possamos reivindicar a execu\u00e7\u00e3o do que foi proposto pela popula\u00e7\u00e3o. Estar numa Confer\u00eancia de Sa\u00fade \u00e9 participar do fortalecimento do SUS de qualidade, humanizado e que funcione\u201d, disse.<\/p>\n<figure class=\"wp-block-gallery has-nested-images columns-default is-cropped wp-block-gallery-3 is-layout-flex wp-block-gallery-is-layout-flex\">\n<figure class=\"wp-block-image size-large\"><\/figure>\n<figure class=\"wp-block-image size-large\"><\/figure>\n<\/figure>\n<p>Tamb\u00e9m estiveram presentes na solenidade de abertura da Confer\u00eancia representantes do Minist\u00e9rio da Sa\u00fade (MS), Conselho Nacional de Sa\u00fade (CNS), Conselho Estadual de Sa\u00fade, Conselho Regional de Medicina (CRM-PB) e Minist\u00e9rio P\u00fablico da Para\u00edba (MPPB).<\/p>\n<p>O evento segue at\u00e9 esta quarta-feira (24) e a programa\u00e7\u00e3o conta com grupos de trabalhos discutindo temas como equidade na sa\u00fade, gest\u00e3o participativa, sa\u00fade do idoso, sa\u00fade da mulher e o fortalecimento da territorializa\u00e7\u00e3o da Aten\u00e7\u00e3o Prim\u00e1ria como pol\u00edtica de expans\u00e3o para o cuidado integral nos territ\u00f3rios.<\/p>\n<\/p><\/div>\n","protected":false},"excerpt":{"rendered":"<p>Teve in\u00edcio, nesta ter\u00e7a-feira (23), a 10\u00aa Confer\u00eancia Municipal de Sa\u00fade de Jo\u00e3o Pessoa, reunindo gestores, trabalhadores, prestadores de servi\u00e7o<\/p>\n","protected":false},"author":2,"featured_media":0,"comment_status":"","ping_status":"","sticky":false,"template":"","format":"standard","meta":{"colormag_page_container_layout":"default_layout","colormag_page_sidebar_layout":"default_layout","footnotes":""},"categories":[1],"tags":[],"class_list":["post-52840","post","type-post","status-publish","format-standard","hentry","category-ejornais"],"aioseo_notices":[],"aioseo_head":"\n\t\t<!-- All in One SEO 5.0.1.1 - aioseo.com -->\n\t<meta name=\"description\" content=\"Teve in\u00edcio, nesta ter\u00e7a-feira (23), a 10\u00aa Confer\u00eancia Municipal de Sa\u00fade de Jo\u00e3o Pessoa, reunindo gestores, trabalhadores, prestadores de servi\u00e7o e usu\u00e1rios do Sistema \u00danico de Sa\u00fade (SUS) para discutir as demandas da popula\u00e7\u00e3o. O evento \u00e9 promovido pelo Conselho Municipal de Sa\u00fade (CMS), com apoio da Prefeitura de Jo\u00e3o Pessoa, e acontece no Centro\" \/>\n\t<meta name=\"robots\" content=\"max-image-preview:large\" \/>\n\t<meta name=\"author\" content=\"admin1\"\/>\n\t<link rel=\"canonical\" href=\"https:\/\/ejornais.com.br\/index.php\/2025\/09\/23\/conferencia-municipal-de-saude-reune-gestores-trabalhadores-e-usuarios-do-sus\/\" \/>\n\t<meta name=\"generator\" content=\"All in One SEO (AIOSEO) 5.0.1.1\" \/>\n\t\t<meta property=\"og:locale\" content=\"pt_BR\" \/>\n\t\t<meta property=\"og:site_name\" content=\"eJornais - Cat\u00e1logo de Jornais no mundo, Not\u00edcias, Blog e Esportes ao vivo\" \/>\n\t\t<meta property=\"og:type\" content=\"article\" \/>\n\t\t<meta property=\"og:title\" content=\"Confer\u00eancia Municipal de Sa\u00fade re\u00fane gestores, trabalhadores e usu\u00e1rios do SUS - eJornais\" \/>\n\t\t<meta property=\"og:description\" content=\"Teve in\u00edcio, nesta ter\u00e7a-feira (23), a 10\u00aa Confer\u00eancia Municipal de Sa\u00fade de Jo\u00e3o Pessoa, reunindo gestores, trabalhadores, prestadores de servi\u00e7o e usu\u00e1rios do Sistema \u00danico de Sa\u00fade (SUS) para discutir as demandas da popula\u00e7\u00e3o. O evento \u00e9 promovido pelo Conselho Municipal de Sa\u00fade (CMS), com apoio da Prefeitura de Jo\u00e3o Pessoa, e acontece no Centro\" \/>\n\t\t<meta property=\"og:url\" content=\"https:\/\/ejornais.com.br\/index.php\/2025\/09\/23\/conferencia-municipal-de-saude-reune-gestores-trabalhadores-e-usuarios-do-sus\/\" \/>\n\t\t<meta property=\"article:published_time\" content=\"2025-09-23T19:43:42+00:00\" \/>\n\t\t<meta property=\"article:modified_time\" content=\"2025-09-23T19:43:42+00:00\" \/>\n\t\t<meta name=\"twitter:card\" content=\"summary_large_image\" \/>\n\t\t<meta name=\"twitter:title\" content=\"Confer\u00eancia Municipal de Sa\u00fade re\u00fane gestores, trabalhadores e usu\u00e1rios do SUS - eJornais\" \/>\n\t\t<meta name=\"twitter:description\" content=\"Teve in\u00edcio, nesta ter\u00e7a-feira (23), a 10\u00aa Confer\u00eancia Municipal de Sa\u00fade de Jo\u00e3o Pessoa, reunindo gestores, trabalhadores, prestadores de servi\u00e7o e usu\u00e1rios do Sistema \u00danico de Sa\u00fade (SUS) para discutir as demandas da popula\u00e7\u00e3o. O evento \u00e9 promovido pelo Conselho Municipal de Sa\u00fade (CMS), com apoio da Prefeitura de Jo\u00e3o Pessoa, e acontece no Centro\" \/>\n\t\t<script type=\"application\/ld+json\" class=\"aioseo-schema\">\n\t\t\t{\"@context\":\"https:\\\/\\\/schema.org\",\"@graph\":[{\"@type\":\"BlogPosting\",\"@id\":\"https:\\\/\\\/ejornais.com.br\\\/index.php\\\/2025\\\/09\\\/23\\\/conferencia-municipal-de-saude-reune-gestores-trabalhadores-e-usuarios-do-sus\\\/#blogposting\",\"name\":\"Confer\\u00eancia Municipal de Sa\\u00fade re\\u00fane gestores, trabalhadores e usu\\u00e1rios do SUS - eJornais\",\"headline\":\"Confer\\u00eancia Municipal de Sa\\u00fade re\\u00fane gestores, trabalhadores e usu\\u00e1rios do SUS\",\"author\":{\"@id\":\"https:\\\/\\\/ejornais.com.br\\\/index.php\\\/author\\\/admin1\\\/#author\"},\"publisher\":{\"@id\":\"https:\\\/\\\/ejornais.com.br\\\/#organization\"},\"datePublished\":\"2025-09-23T16:43:42-03:00\",\"dateModified\":\"2025-09-23T16:43:42-03:00\",\"inLanguage\":\"pt-BR\",\"mainEntityOfPage\":{\"@id\":\"https:\\\/\\\/ejornais.com.br\\\/index.php\\\/2025\\\/09\\\/23\\\/conferencia-municipal-de-saude-reune-gestores-trabalhadores-e-usuarios-do-sus\\\/#webpage\"},\"isPartOf\":{\"@id\":\"https:\\\/\\\/ejornais.com.br\\\/index.php\\\/2025\\\/09\\\/23\\\/conferencia-municipal-de-saude-reune-gestores-trabalhadores-e-usuarios-do-sus\\\/#webpage\"},\"articleSection\":\"Cat\\u00e1logo de Jornais\"},{\"@type\":\"BreadcrumbList\",\"@id\":\"https:\\\/\\\/ejornais.com.br\\\/index.php\\\/2025\\\/09\\\/23\\\/conferencia-municipal-de-saude-reune-gestores-trabalhadores-e-usuarios-do-sus\\\/#breadcrumblist\",\"itemListElement\":[{\"@type\":\"ListItem\",\"@id\":\"https:\\\/\\\/ejornais.com.br#listItem\",\"position\":1,\"name\":\"In\\u00edcio\",\"item\":\"https:\\\/\\\/ejornais.com.br\",\"nextItem\":{\"@type\":\"ListItem\",\"@id\":\"https:\\\/\\\/ejornais.com.br\\\/index.php\\\/category\\\/ejornais\\\/#listItem\",\"name\":\"Cat\\u00e1logo de Jornais\"}},{\"@type\":\"ListItem\",\"@id\":\"https:\\\/\\\/ejornais.com.br\\\/index.php\\\/category\\\/ejornais\\\/#listItem\",\"position\":2,\"name\":\"Cat\\u00e1logo de Jornais\",\"item\":\"https:\\\/\\\/ejornais.com.br\\\/index.php\\\/category\\\/ejornais\\\/\",\"nextItem\":{\"@type\":\"ListItem\",\"@id\":\"https:\\\/\\\/ejornais.com.br\\\/index.php\\\/2025\\\/09\\\/23\\\/conferencia-municipal-de-saude-reune-gestores-trabalhadores-e-usuarios-do-sus\\\/#listItem\",\"name\":\"Confer\\u00eancia Municipal de Sa\\u00fade re\\u00fane gestores, trabalhadores e usu\\u00e1rios do SUS\"},\"previousItem\":{\"@type\":\"ListItem\",\"@id\":\"https:\\\/\\\/ejornais.com.br#listItem\",\"name\":\"In\\u00edcio\"}},{\"@type\":\"ListItem\",\"@id\":\"https:\\\/\\\/ejornais.com.br\\\/index.php\\\/2025\\\/09\\\/23\\\/conferencia-municipal-de-saude-reune-gestores-trabalhadores-e-usuarios-do-sus\\\/#listItem\",\"position\":3,\"name\":\"Confer\\u00eancia Municipal de Sa\\u00fade re\\u00fane gestores, trabalhadores e usu\\u00e1rios do SUS\",\"previousItem\":{\"@type\":\"ListItem\",\"@id\":\"https:\\\/\\\/ejornais.com.br\\\/index.php\\\/category\\\/ejornais\\\/#listItem\",\"name\":\"Cat\\u00e1logo de Jornais\"}}]},{\"@type\":\"Organization\",\"@id\":\"https:\\\/\\\/ejornais.com.br\\\/#organization\",\"name\":\"eJornais\",\"description\":\"Cat\\u00e1logo de Jornais no mundo, Not\\u00edcias, Blog e Esportes ao vivo\",\"url\":\"https:\\\/\\\/ejornais.com.br\\\/\"},{\"@type\":\"Person\",\"@id\":\"https:\\\/\\\/ejornais.com.br\\\/index.php\\\/author\\\/admin1\\\/#author\",\"url\":\"https:\\\/\\\/ejornais.com.br\\\/index.php\\\/author\\\/admin1\\\/\",\"name\":\"admin1\",\"image\":{\"@type\":\"ImageObject\",\"@id\":\"https:\\\/\\\/ejornais.com.br\\\/index.php\\\/2025\\\/09\\\/23\\\/conferencia-municipal-de-saude-reune-gestores-trabalhadores-e-usuarios-do-sus\\\/#authorImage\",\"url\":\"https:\\\/\\\/secure.gravatar.com\\\/avatar\\\/04084e6d73c042b8646e7c17b494073bf0ede3ea13c7105cfc45cbbbc28385a4?s=96&d=mm&r=g\",\"width\":96,\"height\":96,\"caption\":\"admin1\"}},{\"@type\":\"WebPage\",\"@id\":\"https:\\\/\\\/ejornais.com.br\\\/index.php\\\/2025\\\/09\\\/23\\\/conferencia-municipal-de-saude-reune-gestores-trabalhadores-e-usuarios-do-sus\\\/#webpage\",\"url\":\"https:\\\/\\\/ejornais.com.br\\\/index.php\\\/2025\\\/09\\\/23\\\/conferencia-municipal-de-saude-reune-gestores-trabalhadores-e-usuarios-do-sus\\\/\",\"name\":\"Confer\\u00eancia Municipal de Sa\\u00fade re\\u00fane gestores, trabalhadores e usu\\u00e1rios do SUS - eJornais\",\"description\":\"Teve in\\u00edcio, nesta ter\\u00e7a-feira (23), a 10\\u00aa Confer\\u00eancia Municipal de Sa\\u00fade de Jo\\u00e3o Pessoa, reunindo gestores, trabalhadores, prestadores de servi\\u00e7o e usu\\u00e1rios do Sistema \\u00danico de Sa\\u00fade (SUS) para discutir as demandas da popula\\u00e7\\u00e3o. O evento \\u00e9 promovido pelo Conselho Municipal de Sa\\u00fade (CMS), com apoio da Prefeitura de Jo\\u00e3o Pessoa, e acontece no Centro\",\"inLanguage\":\"pt-BR\",\"isPartOf\":{\"@id\":\"https:\\\/\\\/ejornais.com.br\\\/#website\"},\"breadcrumb\":{\"@id\":\"https:\\\/\\\/ejornais.com.br\\\/index.php\\\/2025\\\/09\\\/23\\\/conferencia-municipal-de-saude-reune-gestores-trabalhadores-e-usuarios-do-sus\\\/#breadcrumblist\"},\"author\":{\"@id\":\"https:\\\/\\\/ejornais.com.br\\\/index.php\\\/author\\\/admin1\\\/#author\"},\"creator\":{\"@id\":\"https:\\\/\\\/ejornais.com.br\\\/index.php\\\/author\\\/admin1\\\/#author\"},\"datePublished\":\"2025-09-23T16:43:42-03:00\",\"dateModified\":\"2025-09-23T16:43:42-03:00\"},{\"@type\":\"WebSite\",\"@id\":\"https:\\\/\\\/ejornais.com.br\\\/#website\",\"url\":\"https:\\\/\\\/ejornais.com.br\\\/\",\"name\":\"eJornais\",\"description\":\"Cat\\u00e1logo de Jornais no mundo, Not\\u00edcias, Blog e Esportes ao vivo\",\"inLanguage\":\"pt-BR\",\"publisher\":{\"@id\":\"https:\\\/\\\/ejornais.com.br\\\/#organization\"}}]}\n\t\t<\/script>\n\t\t<!-- All in One SEO -->\n\n","aioseo_head_json":{"title":"Confer\u00eancia Municipal de Sa\u00fade re\u00fane gestores, trabalhadores e usu\u00e1rios do SUS - eJornais","description":"Teve in\u00edcio, nesta ter\u00e7a-feira (23), a 10\u00aa Confer\u00eancia Municipal de Sa\u00fade de Jo\u00e3o Pessoa, reunindo gestores, trabalhadores, prestadores de servi\u00e7o e usu\u00e1rios do Sistema \u00danico de Sa\u00fade (SUS) para discutir as demandas da popula\u00e7\u00e3o. O evento \u00e9 promovido pelo Conselho Municipal de Sa\u00fade (CMS), com apoio da Prefeitura de Jo\u00e3o Pessoa, e acontece no Centro","canonical_url":"https:\/\/ejornais.com.br\/index.php\/2025\/09\/23\/conferencia-municipal-de-saude-reune-gestores-trabalhadores-e-usuarios-do-sus\/","robots":"max-image-preview:large","keywords":"","webmasterTools":{"miscellaneous":""},"schema":{"@context":"https:\/\/schema.org","@graph":[{"@type":"BlogPosting","@id":"https:\/\/ejornais.com.br\/index.php\/2025\/09\/23\/conferencia-municipal-de-saude-reune-gestores-trabalhadores-e-usuarios-do-sus\/#blogposting","name":"Confer\u00eancia Municipal de Sa\u00fade re\u00fane gestores, trabalhadores e usu\u00e1rios do SUS - eJornais","headline":"Confer\u00eancia Municipal de Sa\u00fade re\u00fane gestores, trabalhadores e usu\u00e1rios do SUS","author":{"@id":"https:\/\/ejornais.com.br\/index.php\/author\/admin1\/#author"},"publisher":{"@id":"https:\/\/ejornais.com.br\/#organization"},"datePublished":"2025-09-23T16:43:42-03:00","dateModified":"2025-09-23T16:43:42-03:00","inLanguage":"pt-BR","mainEntityOfPage":{"@id":"https:\/\/ejornais.com.br\/index.php\/2025\/09\/23\/conferencia-municipal-de-saude-reune-gestores-trabalhadores-e-usuarios-do-sus\/#webpage"},"isPartOf":{"@id":"https:\/\/ejornais.com.br\/index.php\/2025\/09\/23\/conferencia-municipal-de-saude-reune-gestores-trabalhadores-e-usuarios-do-sus\/#webpage"},"articleSection":"Cat\u00e1logo de Jornais"},{"@type":"BreadcrumbList","@id":"https:\/\/ejornais.com.br\/index.php\/2025\/09\/23\/conferencia-municipal-de-saude-reune-gestores-trabalhadores-e-usuarios-do-sus\/#breadcrumblist","itemListElement":[{"@type":"ListItem","@id":"https:\/\/ejornais.com.br#listItem","position":1,"name":"In\u00edcio","item":"https:\/\/ejornais.com.br","nextItem":{"@type":"ListItem","@id":"https:\/\/ejornais.com.br\/index.php\/category\/ejornais\/#listItem","name":"Cat\u00e1logo de Jornais"}},{"@type":"ListItem","@id":"https:\/\/ejornais.com.br\/index.php\/category\/ejornais\/#listItem","position":2,"name":"Cat\u00e1logo de Jornais","item":"https:\/\/ejornais.com.br\/index.php\/category\/ejornais\/","nextItem":{"@type":"ListItem","@id":"https:\/\/ejornais.com.br\/index.php\/2025\/09\/23\/conferencia-municipal-de-saude-reune-gestores-trabalhadores-e-usuarios-do-sus\/#listItem","name":"Confer\u00eancia Municipal de Sa\u00fade re\u00fane gestores, trabalhadores e usu\u00e1rios do SUS"},"previousItem":{"@type":"ListItem","@id":"https:\/\/ejornais.com.br#listItem","name":"In\u00edcio"}},{"@type":"ListItem","@id":"https:\/\/ejornais.com.br\/index.php\/2025\/09\/23\/conferencia-municipal-de-saude-reune-gestores-trabalhadores-e-usuarios-do-sus\/#listItem","position":3,"name":"Confer\u00eancia Municipal de Sa\u00fade re\u00fane gestores, trabalhadores e usu\u00e1rios do SUS","previousItem":{"@type":"ListItem","@id":"https:\/\/ejornais.com.br\/index.php\/category\/ejornais\/#listItem","name":"Cat\u00e1logo de Jornais"}}]},{"@type":"Organization","@id":"https:\/\/ejornais.com.br\/#organization","name":"eJornais","description":"Cat\u00e1logo de Jornais no mundo, Not\u00edcias, Blog e Esportes ao vivo","url":"https:\/\/ejornais.com.br\/"},{"@type":"Person","@id":"https:\/\/ejornais.com.br\/index.php\/author\/admin1\/#author","url":"https:\/\/ejornais.com.br\/index.php\/author\/admin1\/","name":"admin1","image":{"@type":"ImageObject","@id":"https:\/\/ejornais.com.br\/index.php\/2025\/09\/23\/conferencia-municipal-de-saude-reune-gestores-trabalhadores-e-usuarios-do-sus\/#authorImage","url":"https:\/\/secure.gravatar.com\/avatar\/04084e6d73c042b8646e7c17b494073bf0ede3ea13c7105cfc45cbbbc28385a4?s=96&d=mm&r=g","width":96,"height":96,"caption":"admin1"}},{"@type":"WebPage","@id":"https:\/\/ejornais.com.br\/index.php\/2025\/09\/23\/conferencia-municipal-de-saude-reune-gestores-trabalhadores-e-usuarios-do-sus\/#webpage","url":"https:\/\/ejornais.com.br\/index.php\/2025\/09\/23\/conferencia-municipal-de-saude-reune-gestores-trabalhadores-e-usuarios-do-sus\/","name":"Confer\u00eancia Municipal de Sa\u00fade re\u00fane gestores, trabalhadores e usu\u00e1rios do SUS - eJornais","description":"Teve in\u00edcio, nesta ter\u00e7a-feira (23), a 10\u00aa Confer\u00eancia Municipal de Sa\u00fade de Jo\u00e3o Pessoa, reunindo gestores, trabalhadores, prestadores de servi\u00e7o e usu\u00e1rios do Sistema \u00danico de Sa\u00fade (SUS) para discutir as demandas da popula\u00e7\u00e3o. O evento \u00e9 promovido pelo Conselho Municipal de Sa\u00fade (CMS), com apoio da Prefeitura de Jo\u00e3o Pessoa, e acontece no Centro","inLanguage":"pt-BR","isPartOf":{"@id":"https:\/\/ejornais.com.br\/#website"},"breadcrumb":{"@id":"https:\/\/ejornais.com.br\/index.php\/2025\/09\/23\/conferencia-municipal-de-saude-reune-gestores-trabalhadores-e-usuarios-do-sus\/#breadcrumblist"},"author":{"@id":"https:\/\/ejornais.com.br\/index.php\/author\/admin1\/#author"},"creator":{"@id":"https:\/\/ejornais.com.br\/index.php\/author\/admin1\/#author"},"datePublished":"2025-09-23T16:43:42-03:00","dateModified":"2025-09-23T16:43:42-03:00"},{"@type":"WebSite","@id":"https:\/\/ejornais.com.br\/#website","url":"https:\/\/ejornais.com.br\/","name":"eJornais","description":"Cat\u00e1logo de Jornais no mundo, Not\u00edcias, Blog e Esportes ao vivo","inLanguage":"pt-BR","publisher":{"@id":"https:\/\/ejornais.com.br\/#organization"}}]},"og:locale":"pt_BR","og:site_name":"eJornais - Cat\u00e1logo de Jornais no mundo, Not\u00edcias, Blog e Esportes ao vivo","og:type":"article","og:title":"Confer\u00eancia Municipal de Sa\u00fade re\u00fane gestores, trabalhadores e usu\u00e1rios do SUS - eJornais","og:description":"Teve in\u00edcio, nesta ter\u00e7a-feira (23), a 10\u00aa Confer\u00eancia Municipal de Sa\u00fade de Jo\u00e3o Pessoa, reunindo gestores, trabalhadores, prestadores de servi\u00e7o e usu\u00e1rios do Sistema \u00danico de Sa\u00fade (SUS) para discutir as demandas da popula\u00e7\u00e3o. O evento \u00e9 promovido pelo Conselho Municipal de Sa\u00fade (CMS), com apoio da Prefeitura de Jo\u00e3o Pessoa, e acontece no Centro","og:url":"https:\/\/ejornais.com.br\/index.php\/2025\/09\/23\/conferencia-municipal-de-saude-reune-gestores-trabalhadores-e-usuarios-do-sus\/","article:published_time":"2025-09-23T19:43:42+00:00","article:modified_time":"2025-09-23T19:43:42+00:00","twitter:card":"summary_large_image","twitter:title":"Confer\u00eancia Municipal de Sa\u00fade re\u00fane gestores, trabalhadores e usu\u00e1rios do SUS - eJornais","twitter:description":"Teve in\u00edcio, nesta ter\u00e7a-feira (23), a 10\u00aa Confer\u00eancia Municipal de Sa\u00fade de Jo\u00e3o Pessoa, reunindo gestores, trabalhadores, prestadores de servi\u00e7o e usu\u00e1rios do Sistema \u00danico de Sa\u00fade (SUS) para discutir as demandas da popula\u00e7\u00e3o. O evento \u00e9 promovido pelo Conselho Municipal de Sa\u00fade (CMS), com apoio da Prefeitura de Jo\u00e3o Pessoa, e acontece no Centro"},"aioseo_meta_data":{"post_id":"52840","title":null,"description":null,"keywords":null,"keyphrases":null,"primary_term":null,"canonical_url":null,"og_title":null,"og_description":null,"og_object_type":"default","og_image_type":"default","og_image_url":null,"og_image_width":null,"og_image_height":null,"og_image_custom_url":null,"og_image_custom_fields":null,"og_video":null,"og_custom_url":null,"og_article_section":null,"og_article_tags":null,"twitter_use_og":false,"twitter_card":"default","twitter_image_type":"default","twitter_image_url":null,"twitter_image_custom_url":null,"twitter_image_custom_fields":null,"twitter_title":null,"twitter_description":null,"schema":{"blockGraphs":[],"customGraphs":[],"default":{"data":{"Article":[],"Course":[],"Dataset":[],"FAQPage":[],"Movie":[],"Person":[],"Product":[],"ProductReview":[],"Car":[],"Recipe":[],"Service":[],"SoftwareApplication":[],"WebPage":[]},"graphName":"","isEnabled":true},"graphs":[]},"schema_type":"default","schema_type_options":null,"pillar_content":false,"robots_default":true,"robots_noindex":false,"robots_noarchive":false,"robots_nosnippet":false,"robots_nofollow":false,"robots_noimageindex":false,"robots_noodp":false,"robots_notranslate":false,"robots_max_snippet":null,"robots_max_videopreview":null,"robots_max_imagepreview":"large","priority":null,"frequency":null,"local_seo":null,"breadcrumb_settings":null,"limit_modified_date":false,"ai":null,"created":"2025-09-23 19:44:40","updated":"2025-09-23 19:44:40","seo_analyzer_scan_date":null,"focus_keyword":null,"additional_keywords":null,"truseo_locale":null},"aioseo_breadcrumb":"<div class=\"aioseo-breadcrumbs\"><span class=\"aioseo-breadcrumb\">\n\t\t\t<a href=\"https:\/\/ejornais.com.br\" title=\"In\u00edcio\">In\u00edcio<\/a>\n\t\t<\/span><span class=\"aioseo-breadcrumb-separator\">&raquo;<\/span><span class=\"aioseo-breadcrumb\">\n\t\t\t<a href=\"https:\/\/ejornais.com.br\/index.php\/category\/ejornais\/\" title=\"Cat\u00e1logo de Jornais\">Cat\u00e1logo de Jornais<\/a>\n\t\t<\/span><span class=\"aioseo-breadcrumb-separator\">&raquo;<\/span><span class=\"aioseo-breadcrumb\">\n\t\t\tConfer\u00eancia Municipal de Sa\u00fade re\u00fane gestores, trabalhadores e usu\u00e1rios do SUS\n\t\t<\/span><\/div>","aioseo_breadcrumb_json":[{"label":"In\u00edcio","link":"https:\/\/ejornais.com.br"},{"label":"Cat\u00e1logo de Jornais","link":"https:\/\/ejornais.com.br\/index.php\/category\/ejornais\/"},{"label":"Confer\u00eancia Municipal de Sa\u00fade re\u00fane gestores, trabalhadores e usu\u00e1rios do SUS","link":"https:\/\/ejornais.com.br\/index.php\/2025\/09\/23\/conferencia-municipal-de-saude-reune-gestores-trabalhadores-e-usuarios-do-sus\/"}],"amp_enabled":true,"_links":{"self":[{"href":"https:\/\/ejornais.com.br\/index.php\/wp-json\/wp\/v2\/posts\/52840","targetHints":{"allow":["GET"]}}],"collection":[{"href":"https:\/\/ejornais.com.br\/index.php\/wp-json\/wp\/v2\/posts"}],"about":[{"href":"https:\/\/ejornais.com.br\/index.php\/wp-json\/wp\/v2\/types\/post"}],"author":[{"embeddable":true,"href":"https:\/\/ejornais.com.br\/index.php\/wp-json\/wp\/v2\/users\/2"}],"replies":[{"embeddable":true,"href":"https:\/\/ejornais.com.br\/index.php\/wp-json\/wp\/v2\/comments?post=52840"}],"version-history":[{"count":0,"href":"https:\/\/ejornais.com.br\/index.php\/wp-json\/wp\/v2\/posts\/52840\/revisions"}],"wp:attachment":[{"href":"https:\/\/ejornais.com.br\/index.php\/wp-json\/wp\/v2\/media?parent=52840"}],"wp:term":[{"taxonomy":"category","embeddable":true,"href":"https:\/\/ejornais.com.br\/index.php\/wp-json\/wp\/v2\/categories?post=52840"},{"taxonomy":"post_tag","embeddable":true,"href":"https:\/\/ejornais.com.br\/index.php\/wp-json\/wp\/v2\/tags?post=52840"}],"curies":[{"name":"wp","href":"https:\/\/api.w.org\/{rel}","templated":true}]}}