{"id":52900,"date":"2025-09-24T15:02:39","date_gmt":"2025-09-24T18:02:39","guid":{"rendered":"https:\/\/ejornais.com.br\/index.php\/2025\/09\/24\/lula-lamenta-acidente-aereo-que-deixou-quatro-mortos-no-pantanal\/"},"modified":"2025-09-24T15:02:39","modified_gmt":"2025-09-24T18:02:39","slug":"lula-lamenta-acidente-aereo-que-deixou-quatro-mortos-no-pantanal","status":"publish","type":"post","link":"https:\/\/ejornais.com.br\/index.php\/2025\/09\/24\/lula-lamenta-acidente-aereo-que-deixou-quatro-mortos-no-pantanal\/","title":{"rendered":"Lula lamenta acidente a\u00e9reo que deixou quatro mortos no Pantanal"},"content":{"rendered":"<p> Por MRNews<br \/>\n<\/p>\n<div wp_automatic_readability=\"54.319602272727\">\n<p>O presidente Luiz In\u00e1cio Lula da Silva disse ter recebido com tristeza e consterna\u00e7\u00e3o a not\u00edcia da queda de um avi\u00e3o de pequeno porte na cidade de Aquidauana (MS), a cerca de 150 quil\u00f4metros de Campo Grande, no in\u00edcio da noite de ter\u00e7a-feira (23).<\/p>\n<p>Em nota de pesar, <strong>Lula destacou que a trag\u00e9dia custou a\u00a0vida\u00a0do piloto Marcelo Pereira de Barros, dos documentaristas Luiz Fernando Feres da Cunha Ferraz e Rubens Crispim Jr e do arquiteto chin\u00eas Kongjian Yu<\/strong>.<\/p>\n<blockquote wp_automatic_readability=\"9.7933884297521\">\n<p>\u201cEm tempos de mudan\u00e7a clim\u00e1tica, Kongjian Yu se tornou uma refer\u00eancia mundial com as cidades-esponja, que unem qualidade de vida e prote\u00e7\u00e3o ambiental: algo que queremos \u2013 e precisamos \u2013 para o futuro\u201d, escreveu o presidente.<\/p>\n<p><strong><a href=\"https:\/\/mrnews.com.br\/index.php\/2025\/09\/24\/ccj-do-senado-rejeita-pec-da-blindagem-por-unanimidade\/\">CCJ do Senado rejeita PEC da Blindagem por unanimidade<\/a><\/strong><\/p>\n<p><strong><a href=\"https:\/\/mrnews.com.br\/index.php\/2025\/09\/24\/democracia-e-o-que-esta-em-jogo-para-a-humanidade-alerta-lula-nos-eua\/\">Democracia \u00e9 o que est\u00e1 em jogo para a humanidade, alerta Lula nos EUA<\/a><\/strong><\/p>\n<\/blockquote>\n<p>\u201cA todos os amigos, familiares e colegas de trabalho das v\u00edtimas, deixo meus mais profundos sentimentos\u201d, concluiu Lula.<\/p>\n<p>&gt;&gt; Siga o canal da <strong>Ag\u00eancia Brasil <\/strong>no WhatsApp<\/p>\n<h2>Entenda<\/h2>\n<p><strong>Quatro pessoas morreram na queda de um avi\u00e3o de pequeno porte na cidade de Aquidauana, no Pantanal sul-mato-grossense<\/strong>.<\/p>\n<p>Entre as v\u00edtimas est\u00e1 o <strong>chin\u00eas Kongjian Yu, 62 anos<\/strong>, considerado <strong>um dos mais influentes arquitetos e urbanistas da atualidade e criador do conceito das chamadas cidades-esponja<\/strong>, em que se utiliza da pr\u00f3pria natureza para tornar os aglomerados urbanos mais resilientes \u00e0s condi\u00e7\u00f5es clim\u00e1ticas severas.<\/p>\n<p><strong><a href=\"https:\/\/mrnews.com.br\/index.php\/2025\/09\/24\/boa-quimica-entre-presidentes-vai-ajudar-no-tarifaco-diz-alckmin\/\">\u201cBoa qu\u00edmica\u201d entre presidentes vai ajudar no tarifa\u00e7o, diz Alckmin<\/a><\/strong><\/p>\n<p><strong><a href=\"https:\/\/mrnews.com.br\/index.php\/2025\/09\/24\/inep-conclui-hoje-aplicacao-de-provas-do-encceja-ppl\/\">Inep conclui hoje aplica\u00e7\u00e3o de provas do Encceja PPL<\/a><\/strong><\/p>\n<p>O avi\u00e3o pertencia ao <strong>piloto Marcelo Pereira de Barros, 59 anos, que tamb\u00e9m morreu em decorr\u00eancia da trag\u00e9dia. As outras duas v\u00edtimas da queda do Cessna Aircraft 175, prefixo PT-BAN, s\u00e3o o cineasta Luiz Ferraz, 42 anos, e o diretor de fotografia Rubens Crispim Jr, 51 anos.<\/strong><\/p>\n<p>Investigadores do 4\u00ba Servi\u00e7o Regional de Investiga\u00e7\u00e3o e Preven\u00e7\u00e3o de Acidentes Aeron\u00e1uticos estiveram no local do acidente coletando material e informa\u00e7\u00f5es que possam ajudar a esclarecer as causas da trag\u00e9dia.<\/p>\n<\/div>\n","protected":false},"excerpt":{"rendered":"<p>Por MRNews O presidente Luiz In\u00e1cio Lula da Silva disse ter recebido com tristeza e consterna\u00e7\u00e3o a not\u00edcia da queda<\/p>\n","protected":false},"author":2,"featured_media":0,"comment_status":"","ping_status":"","sticky":false,"template":"","format":"standard","meta":{"colormag_page_container_layout":"default_layout","colormag_page_sidebar_layout":"default_layout","footnotes":""},"categories":[1],"tags":[],"class_list":["post-52900","post","type-post","status-publish","format-standard","hentry","category-ejornais"],"aioseo_notices":[],"amp_enabled":true,"_links":{"self":[{"href":"https:\/\/ejornais.com.br\/index.php\/wp-json\/wp\/v2\/posts\/52900","targetHints":{"allow":["GET"]}}],"collection":[{"href":"https:\/\/ejornais.com.br\/index.php\/wp-json\/wp\/v2\/posts"}],"about":[{"href":"https:\/\/ejornais.com.br\/index.php\/wp-json\/wp\/v2\/types\/post"}],"author":[{"embeddable":true,"href":"https:\/\/ejornais.com.br\/index.php\/wp-json\/wp\/v2\/users\/2"}],"replies":[{"embeddable":true,"href":"https:\/\/ejornais.com.br\/index.php\/wp-json\/wp\/v2\/comments?post=52900"}],"version-history":[{"count":0,"href":"https:\/\/ejornais.com.br\/index.php\/wp-json\/wp\/v2\/posts\/52900\/revisions"}],"wp:attachment":[{"href":"https:\/\/ejornais.com.br\/index.php\/wp-json\/wp\/v2\/media?parent=52900"}],"wp:term":[{"taxonomy":"category","embeddable":true,"href":"https:\/\/ejornais.com.br\/index.php\/wp-json\/wp\/v2\/categories?post=52900"},{"taxonomy":"post_tag","embeddable":true,"href":"https:\/\/ejornais.com.br\/index.php\/wp-json\/wp\/v2\/tags?post=52900"}],"curies":[{"name":"wp","href":"https:\/\/api.w.org\/{rel}","templated":true}]}}