{"id":52913,"date":"2025-09-24T18:38:37","date_gmt":"2025-09-24T21:38:37","guid":{"rendered":"https:\/\/ejornais.com.br\/index.php\/2025\/09\/24\/agencia-minas-gerais-governo-de-minas-divulga-resultado-do-nucleo-de-fomento-ao-paradesporto-2025\/"},"modified":"2025-09-24T18:38:37","modified_gmt":"2025-09-24T21:38:37","slug":"agencia-minas-gerais-governo-de-minas-divulga-resultado-do-nucleo-de-fomento-ao-paradesporto-2025","status":"publish","type":"post","link":"https:\/\/ejornais.com.br\/index.php\/2025\/09\/24\/agencia-minas-gerais-governo-de-minas-divulga-resultado-do-nucleo-de-fomento-ao-paradesporto-2025\/","title":{"rendered":"Ag\u00eancia Minas Gerais | Governo de Minas divulga resultado do N\u00facleo de Fomento ao Paradesporto 2025"},"content":{"rendered":"<p><\/p>\n<div>\n<p>A Secretaria de Estado de Desenvolvimento Social (Sedese) divulgou o resultado do edital do programa N\u00facleo de Fomento ao Paradesporto (NFP) 2025. Ao todo, 23 propostas foram aprovadas e poder\u00e3o receber at\u00e9 R$ 100 mil cada para desenvolver projetos esportivos voltados a pessoas com defici\u00eancia em diferentes regi\u00f5es do estado.<\/p>\n<p>\u201cEsse \u00e9 mais um passo do Governo de Minas no fortalecimento da cidadania, da inclus\u00e3o e na garantia de oportunidades reais para todas as pessoas. Parab\u00e9ns a todos os munic\u00edpios e organiza\u00e7\u00f5es contemplados. Vamos seguir prosperando para um estado melhor para todos os mineiros\u201d, afirma a secret\u00e1ria de Estado de Desenvolvimento Social, Al\u00ea Portela.<\/p>\n<p>A partir da publica\u00e7\u00e3o do resultado definitivo, os munic\u00edpios e as organiza\u00e7\u00f5es da sociedade civil aprovados ser\u00e3o chamados pela Subsecretaria de Esportes da Sedese (Subesp) para dar in\u00edcio ao processo de celebra\u00e7\u00e3o de parceria no \u00e2mbito do programa.<\/p>\n<p>O diretor de Incentivo ao Esporte de Participa\u00e7\u00e3o e Rendimento, Luiz Felipe Gon\u00e7alves, destaca a import\u00e2ncia do resultado para o fortalecimento da inclus\u00e3o esportiva no estado.<\/p>\n<p>&#8220;Esse resultado mostra o compromisso de Minas Gerais em garantir oportunidades reais para que pessoas com defici\u00eancia tenham acesso ao esporte. Cada projeto aprovado representa n\u00e3o apenas uma iniciativa esportiva, mas tamb\u00e9m uma transforma\u00e7\u00e3o social, que promove sa\u00fade, integra\u00e7\u00e3o e qualidade de vida. O N\u00facleo de Fomento ao Paradesporto \u00e9 uma pol\u00edtica p\u00fablica que reafirma o papel do esporte como ferramenta de inclus\u00e3o e cidadania&#8221;, avalia o diretor.<\/p>\n<p>As institui\u00e7\u00f5es contempladas ser\u00e3o notificadas por e-mail para iniciar a formaliza\u00e7\u00e3o da parceria, que ser\u00e1 realizada no Sistema de Gest\u00e3o de Conv\u00eanios, Portarias e Contratos do Estado de Minas Gerais (Sigcon-MG).<\/p>\n<p>A proposta de plano de trabalho dever\u00e1 ser inserida no sistema em at\u00e9 15 dias corridos a contar da data da publica\u00e7\u00e3o do resultado. A formaliza\u00e7\u00e3o dever\u00e1 ser conclu\u00edda ainda em 2025.<\/p>\n<p><strong>Sobre o programa<\/strong><\/p>\n<p>Coordenado pela Subesp, o NFP tem como objetivo ampliar a inclus\u00e3o por meio do esporte, oferecendo recursos para aquisi\u00e7\u00e3o de materiais esportivos e contrata\u00e7\u00e3o de servi\u00e7os necess\u00e1rios \u00e0 execu\u00e7\u00e3o dos projetos.<\/p>\n<p>Neste ano, o edital disponibilizou 25 vagas, sete a mais em rela\u00e7\u00e3o ao ano anterior, refor\u00e7ando o compromisso do Estado com a promo\u00e7\u00e3o da pr\u00e1tica esportiva inclusiva.<\/p>\n<p>Os projetos contemplados devem atender, no m\u00ednimo, 35 pessoas com defici\u00eancia, com aulas semanais de pelo menos 50 minutos, cronograma de avalia\u00e7\u00f5es f\u00edsicas e pesquisa de satisfa\u00e7\u00e3o. Tamb\u00e9m \u00e9 exigida uma equipe m\u00ednima composta por educador f\u00edsico e coordenador, al\u00e9m da oferta de modalidades compat\u00edveis com a realidade local.<\/p>\n<p>Os recursos n\u00e3o podem ser aplicados em obras, aluguel, alimenta\u00e7\u00e3o, viagens, publicidade institucional, premia\u00e7\u00f5es em dinheiro e demais despesas vedadas no edital.<\/p>\n<p>Mais informa\u00e7\u00f5es podem ser obtidas pelo e-mail diepr.paradesporto@social.mg.gov.br ou pelos telefones (31) 3915-4616 \/ 3915-4642.<\/p>\n<\/p><\/div>\n","protected":false},"excerpt":{"rendered":"<p>A Secretaria de Estado de Desenvolvimento Social (Sedese) divulgou o resultado do edital do programa N\u00facleo de Fomento ao Paradesporto<\/p>\n","protected":false},"author":2,"featured_media":0,"comment_status":"","ping_status":"","sticky":false,"template":"","format":"standard","meta":{"colormag_page_container_layout":"default_layout","colormag_page_sidebar_layout":"default_layout","footnotes":""},"categories":[1],"tags":[],"class_list":["post-52913","post","type-post","status-publish","format-standard","hentry","category-ejornais"],"aioseo_notices":[],"amp_enabled":true,"_links":{"self":[{"href":"https:\/\/ejornais.com.br\/index.php\/wp-json\/wp\/v2\/posts\/52913","targetHints":{"allow":["GET"]}}],"collection":[{"href":"https:\/\/ejornais.com.br\/index.php\/wp-json\/wp\/v2\/posts"}],"about":[{"href":"https:\/\/ejornais.com.br\/index.php\/wp-json\/wp\/v2\/types\/post"}],"author":[{"embeddable":true,"href":"https:\/\/ejornais.com.br\/index.php\/wp-json\/wp\/v2\/users\/2"}],"replies":[{"embeddable":true,"href":"https:\/\/ejornais.com.br\/index.php\/wp-json\/wp\/v2\/comments?post=52913"}],"version-history":[{"count":0,"href":"https:\/\/ejornais.com.br\/index.php\/wp-json\/wp\/v2\/posts\/52913\/revisions"}],"wp:attachment":[{"href":"https:\/\/ejornais.com.br\/index.php\/wp-json\/wp\/v2\/media?parent=52913"}],"wp:term":[{"taxonomy":"category","embeddable":true,"href":"https:\/\/ejornais.com.br\/index.php\/wp-json\/wp\/v2\/categories?post=52913"},{"taxonomy":"post_tag","embeddable":true,"href":"https:\/\/ejornais.com.br\/index.php\/wp-json\/wp\/v2\/tags?post=52913"}],"curies":[{"name":"wp","href":"https:\/\/api.w.org\/{rel}","templated":true}]}}