{"id":52916,"date":"2025-09-24T19:20:39","date_gmt":"2025-09-24T22:20:39","guid":{"rendered":"https:\/\/ejornais.com.br\/index.php\/2025\/09\/24\/circo-e-destaque-no-festival-de-artes-de-nova-iguacu\/"},"modified":"2025-09-24T19:20:39","modified_gmt":"2025-09-24T22:20:39","slug":"circo-e-destaque-no-festival-de-artes-de-nova-iguacu","status":"publish","type":"post","link":"https:\/\/ejornais.com.br\/index.php\/2025\/09\/24\/circo-e-destaque-no-festival-de-artes-de-nova-iguacu\/","title":{"rendered":"Circo \u00e9 destaque no Festival de Artes de Nova Igua\u00e7u"},"content":{"rendered":"<p><\/p>\n<div id=\"post_35790\">\n<header>\n<h2>Circo \u00e9 destaque no Festival de Artes de Nova Igua\u00e7u<\/h2>\n<h4>\n                <em><br \/>\n                    <time class=\"text-muted\" datetime=\"24-09-2025\">24 de setembro de 2025<\/time><br \/>\n                <\/em><br \/>\n            <\/h4>\n<\/header>\n<section>\n<p style=\"text-align: justify;\">As apresenta\u00e7\u00f5es circenses s\u00e3o as pr\u00f3ximas atra\u00e7\u00f5es da terceira edi\u00e7\u00e3o do Festival de Artes de Nova Igua\u00e7u, que leva cultura gratuita a diferentes p\u00fablicos at\u00e9 o fim de outubro. As pr\u00f3ximas apresenta\u00e7\u00f5es acontecem no Centro de A\u00e7\u00f5es Integradas Castorina Faria Lima (Caiesp), no Jardim Tropical, e no Centro de Refer\u00eancia de Assist\u00eancia Social (CRAS) Terras de Marambaia.<\/p>\n<p style=\"text-align: justify;\">Nesta quinta-feira (25), \u00e0s 14h, o Caiesp recebe a apresenta\u00e7\u00e3o da atriz circense Vania Santos como a Palha\u00e7a Margarida. A atua\u00e7\u00e3o promete muita divers\u00e3o e brincadeiras com a participa\u00e7\u00e3o direta do p\u00fablico.<\/p>\n<p style=\"text-align: justify;\">J\u00e1 na ter\u00e7a-feira (30), \u00e0s 14h, no Cras Terras de Marambaia, ser\u00e1 a vez do Centro Experimental de Teatro e Artes apresentar o CETA Circo Show com n\u00fameros de malabarismo, bambol\u00ea e ad\u00e1gio acrob\u00e1tico, que consiste em efeitos acrob\u00e1ticos sem aparelhos, executados somente com a for\u00e7a humana. No elenco, os artistas circenses Adailzo Amorim, Daniel Carrizo, Maria Pilar Mur e Vania Santos.<\/p>\n<p style=\"text-align: justify;\">O Festival de Artes, promovido pela Prefeitura de Nova Igua\u00e7u por meio da Funda\u00e7\u00e3o Educacional e Cultural de Nova Igua\u00e7u (FENIG), em parceria com a Secretaria Municipal de Cultura e a Secretaria Municipal de Educa\u00e7\u00e3o, chega \u00e0 sua terceira edi\u00e7\u00e3o com 55 atra\u00e7\u00f5es gratuitas. A programa\u00e7\u00e3o segue at\u00e9 31 de outubro, com foco na valoriza\u00e7\u00e3o da produ\u00e7\u00e3o art\u00edstica local e na forma\u00e7\u00e3o de plateias, especialmente entre crian\u00e7as e jovens de escolas e institui\u00e7\u00f5es do munic\u00edpio.<\/p>\n<p style=\"text-align: justify;\">A programa\u00e7\u00e3o completa est\u00e1 dispon\u00edvel em: novaiguacu.rj.gov.br\/fenig\/festivaldeartes.<\/p>\n<\/section><\/div>\n","protected":false},"excerpt":{"rendered":"<p>Circo \u00e9 destaque no Festival de Artes de Nova Igua\u00e7u 24 de setembro de 2025 As apresenta\u00e7\u00f5es circenses s\u00e3o as<\/p>\n","protected":false},"author":2,"featured_media":0,"comment_status":"","ping_status":"","sticky":false,"template":"","format":"standard","meta":{"colormag_page_container_layout":"default_layout","colormag_page_sidebar_layout":"default_layout","footnotes":""},"categories":[1],"tags":[],"class_list":["post-52916","post","type-post","status-publish","format-standard","hentry","category-ejornais"],"aioseo_notices":[],"amp_enabled":true,"_links":{"self":[{"href":"https:\/\/ejornais.com.br\/index.php\/wp-json\/wp\/v2\/posts\/52916","targetHints":{"allow":["GET"]}}],"collection":[{"href":"https:\/\/ejornais.com.br\/index.php\/wp-json\/wp\/v2\/posts"}],"about":[{"href":"https:\/\/ejornais.com.br\/index.php\/wp-json\/wp\/v2\/types\/post"}],"author":[{"embeddable":true,"href":"https:\/\/ejornais.com.br\/index.php\/wp-json\/wp\/v2\/users\/2"}],"replies":[{"embeddable":true,"href":"https:\/\/ejornais.com.br\/index.php\/wp-json\/wp\/v2\/comments?post=52916"}],"version-history":[{"count":0,"href":"https:\/\/ejornais.com.br\/index.php\/wp-json\/wp\/v2\/posts\/52916\/revisions"}],"wp:attachment":[{"href":"https:\/\/ejornais.com.br\/index.php\/wp-json\/wp\/v2\/media?parent=52916"}],"wp:term":[{"taxonomy":"category","embeddable":true,"href":"https:\/\/ejornais.com.br\/index.php\/wp-json\/wp\/v2\/categories?post=52916"},{"taxonomy":"post_tag","embeddable":true,"href":"https:\/\/ejornais.com.br\/index.php\/wp-json\/wp\/v2\/tags?post=52916"}],"curies":[{"name":"wp","href":"https:\/\/api.w.org\/{rel}","templated":true}]}}