{"id":53021,"date":"2025-09-26T09:49:45","date_gmt":"2025-09-26T12:49:45","guid":{"rendered":"https:\/\/ejornais.com.br\/index.php\/2025\/09\/26\/prefeitura-decreta-ponto-facultativo-no-dia-3-de-outubro-sexta-feira-prefeitura-municipal-de-bonito\/"},"modified":"2025-09-26T09:49:45","modified_gmt":"2025-09-26T12:49:45","slug":"prefeitura-decreta-ponto-facultativo-no-dia-3-de-outubro-sexta-feira-prefeitura-municipal-de-bonito","status":"publish","type":"post","link":"https:\/\/ejornais.com.br\/index.php\/2025\/09\/26\/prefeitura-decreta-ponto-facultativo-no-dia-3-de-outubro-sexta-feira-prefeitura-municipal-de-bonito\/","title":{"rendered":"Prefeitura decreta ponto facultativo no dia 3 de outubro, sexta-feira &#8211; Prefeitura Municipal de Bonito"},"content":{"rendered":"<p><\/p>\n<div>\n<div class=\"td-post-featured-image\"><\/div>\n<p>A Prefeitura Municipal de Bonito decretou ponto facultativo nas reparti\u00e7\u00f5es p\u00fablicas municipais na pr\u00f3xima sexta-feira, dia 3 de outubro de 2025. A medida considera o feriado municipal de 2 de outubro, data em que se comemora o anivers\u00e1rio da cidade, conforme a Lei Municipal n\u00ba 1.220\/2011.<\/p>\n<p>O Decreto foi publicado no Di\u00e1rio Oficial dos Munic\u00edpios do Estado de Mato Grosso do Sul no dia 22 de setembro de 2025 e \u00e9 v\u00e1lido para os \u00f3rg\u00e3os da administra\u00e7\u00e3o direta, autarquias e funda\u00e7\u00f5es do munic\u00edpio.<\/p>\n<p>Servi\u00e7os considerados essenciais, como atendimentos de urg\u00eancia na \u00e1rea da sa\u00fade, limpeza p\u00fablica e outras atividades que n\u00e3o podem ser interrompidas, continuar\u00e3o funcionando normalmente.<\/p>\n<p>Al\u00e9m disso, servidores da Vigil\u00e2ncia Sanit\u00e1ria, Fiscaliza\u00e7\u00e3o de Tributos e Posturas, e outros que atuam em fun\u00e7\u00f5es fiscalizat\u00f3rias, trabalhar\u00e3o em regime de plant\u00e3o durante o per\u00edodo.<\/p>\n<p>O decreto tamb\u00e9m est\u00e1 afixado no mural da Prefeitura, conforme previsto na Lei Org\u00e2nica Municipal.<\/p>\n<\/p><\/div>\n","protected":false},"excerpt":{"rendered":"<p>A Prefeitura Municipal de Bonito decretou ponto facultativo nas reparti\u00e7\u00f5es p\u00fablicas municipais na pr\u00f3xima sexta-feira, dia 3 de outubro de<\/p>\n","protected":false},"author":2,"featured_media":0,"comment_status":"","ping_status":"","sticky":false,"template":"","format":"standard","meta":{"colormag_page_container_layout":"default_layout","colormag_page_sidebar_layout":"default_layout","footnotes":""},"categories":[1],"tags":[],"class_list":["post-53021","post","type-post","status-publish","format-standard","hentry","category-ejornais"],"aioseo_notices":[],"amp_enabled":true,"_links":{"self":[{"href":"https:\/\/ejornais.com.br\/index.php\/wp-json\/wp\/v2\/posts\/53021","targetHints":{"allow":["GET"]}}],"collection":[{"href":"https:\/\/ejornais.com.br\/index.php\/wp-json\/wp\/v2\/posts"}],"about":[{"href":"https:\/\/ejornais.com.br\/index.php\/wp-json\/wp\/v2\/types\/post"}],"author":[{"embeddable":true,"href":"https:\/\/ejornais.com.br\/index.php\/wp-json\/wp\/v2\/users\/2"}],"replies":[{"embeddable":true,"href":"https:\/\/ejornais.com.br\/index.php\/wp-json\/wp\/v2\/comments?post=53021"}],"version-history":[{"count":0,"href":"https:\/\/ejornais.com.br\/index.php\/wp-json\/wp\/v2\/posts\/53021\/revisions"}],"wp:attachment":[{"href":"https:\/\/ejornais.com.br\/index.php\/wp-json\/wp\/v2\/media?parent=53021"}],"wp:term":[{"taxonomy":"category","embeddable":true,"href":"https:\/\/ejornais.com.br\/index.php\/wp-json\/wp\/v2\/categories?post=53021"},{"taxonomy":"post_tag","embeddable":true,"href":"https:\/\/ejornais.com.br\/index.php\/wp-json\/wp\/v2\/tags?post=53021"}],"curies":[{"name":"wp","href":"https:\/\/api.w.org\/{rel}","templated":true}]}}