{"id":53061,"date":"2025-09-26T22:27:09","date_gmt":"2025-09-27T01:27:09","guid":{"rendered":"https:\/\/ejornais.com.br\/index.php\/2025\/09\/26\/tradicional-mostra-cultural-da-e-m-quinzinho-de-barros-expoe-trabalhos-sobre-personalidades-brasileiras-agencia-de-noticias\/"},"modified":"2025-09-26T22:27:09","modified_gmt":"2025-09-27T01:27:09","slug":"tradicional-mostra-cultural-da-e-m-quinzinho-de-barros-expoe-trabalhos-sobre-personalidades-brasileiras-agencia-de-noticias","status":"publish","type":"post","link":"https:\/\/ejornais.com.br\/index.php\/2025\/09\/26\/tradicional-mostra-cultural-da-e-m-quinzinho-de-barros-expoe-trabalhos-sobre-personalidades-brasileiras-agencia-de-noticias\/","title":{"rendered":"Tradicional mostra cultural da E.M. \u201cQuinzinho de Barros\u201d exp\u00f5e trabalhos sobre personalidades brasileiras \u2013 Ag\u00eancia de Not\u00edcias"},"content":{"rendered":"<p><\/p>\n<div wp_automatic_readability=\"31\">\n<div class=\"col\" wp_automatic_readability=\"7\">\n<p class=\"mt-0\">\n                        <strong><br \/>\n                            <span class=\"far fa-calendar mr-1 mt-2\"\/><br \/>\n                            26 de setembro de 2025<br \/>\n                            <span class=\"far fa-clock ml-3 mt-2\"\/><br \/>\n                            18:40<br \/>\n                        <\/strong>\n                    <\/p>\n<p class=\"mb-0\">Por: <strong>Evelyn Azevedo<\/strong><\/p>\n<\/p><\/div>\n<\/p><\/div>\n<div wp_automatic_readability=\"147\">\n<p><em>Fotos: Gustavo Goes (Programa de Est\u00e1gio\/Secom) \u2013 Supervis\u00e3o: \u00c9velyn Azevedo<\/em><\/p>\n<p>Neste ano, a E.M. \u201cQuinzinho de Barros\u201d apresentou, na sua tradicional mostra cultural, a tem\u00e1tica sobre as personalidades que marcaram e marcam a hist\u00f3ria do Brasil. A 11\u00aa edi\u00e7\u00e3o da Expo Quin aconteceu nesta quinta-feira (25) com a presen\u00e7a de estudantes, familiares e da comunidade, contando, ainda, com oficinas interativas.<\/p>\n<p>A exposi\u00e7\u00e3o re\u00fane trabalhos desenvolvidos desde o in\u00edcio do ano letivo, quando o tema \u00e9 escolhido. O objetivo da a\u00e7\u00e3o \u00e9 promover a aprendizagem, a intera\u00e7\u00e3o e o di\u00e1logo em sala de aula, levando o conhecimento para al\u00e9m da escola, alcan\u00e7ando, tamb\u00e9m, os familiares.<\/p>\n<p>A iniciativa reuniu diversas a\u00e7\u00f5es, tais como constru\u00e7\u00e3o de maquetes, oficina de esportes adaptados, jogos interativos, resultando em espa\u00e7os repletos de cores e ludicidade. Entre as personalidades estudadas est\u00e3o a pintora modernista Tarsila do Amaral, o cantor nordestino Luiz Gonzaga, o rei do bai\u00e3o, o desenhista e quadrinista Maur\u00edcio de Souza, o inventor brasileiro e criador do primeiro avi\u00e3o do mundo, Santos Dumont, o patrono da escola, Quinzinho de Barros, e o artista Leandro Portella, de 44 anos, morador de Ara\u00e7oiaba da Serra, que ap\u00f3s ficar tetrapl\u00e9gico desenvolveu a habilidade de pintura com a boca.<\/p>\n<p>\u201cAl\u00e9m dos trabalhos com pintores e m\u00fasicos, hoje apresentamos, tamb\u00e9m, personalidades como o artista da regi\u00e3o Leandro Portella para trabalhar a quest\u00e3o da educa\u00e7\u00e3o inclusiva. Os alunos praticaram a pintura com a boca, algo novo que, al\u00e9m de trabalhar o senso art\u00edstico, tamb\u00e9m desenvolve a quest\u00e3o social\u201d, destacou a orientadora pedag\u00f3gica da escola, Priscila Borges Ribeiro.<\/p>\n<p>Para aprofundar os estudos sobre Leandro, a professora da sala de recursos da unidade, Luciana Morales, foi at\u00e9 a casa do artista para entender sua hist\u00f3ria e o trabalho desenvolvido por ele. \u201cFoi um momento de muita sensibiliza\u00e7\u00e3o, tanto das crian\u00e7as quanto dos pais, ent\u00e3o, propus que pint\u00e1ssemos com a boca e adaptamos os pinc\u00e9is com EVA, para facilitar. Com a experi\u00eancia eles perceberam muitas possibilidades, mesmo na defici\u00eancia f\u00edsica, e perceberam que s\u00e3o capazes de fazer qualquer coisa\u201d, explicou emocionada.<\/p>\n<p>Uma das alunas que participou das reprodu\u00e7\u00f5es das obras foi Isabela Barros, do 3\u00ba ano do ensino fundamental. Orgulhosa de sua produ\u00e7\u00e3o, a pequena mostrou duas pinturas feitas nas aulas, uma delas usando a t\u00e9cnica com a boca. \u201cFoi uma sensa\u00e7\u00e3o um pouco complicada, nunca tinha imaginado pintar com a boca. Achei que foi uma experi\u00eancia muito legal\u201d, ressaltou.<\/p>\n<p>As aulas de educa\u00e7\u00e3o f\u00edsica tamb\u00e9m abordaram a pauta de inclus\u00e3o com o estudo de esportes paral\u00edmpicos. Durante a Expo Quin, os visitantes puderam participar de oficinas de esportes adaptados, como a esgrima, realizada com boia espaguete, cone e bolas. Respons\u00e1vel pela abordagem em aula, o professor da disciplina, Luiz Fernando Barroso Vieira, estava satisfeito com a recep\u00e7\u00e3o dos alunos sobre o tema. \u201cCom a experi\u00eancia eles vivenciaram um pouco da dificuldade que uma pessoa com defici\u00eancia passa, e come\u00e7aram a ver que faz mais sentido a gente participar, querendo se divertir, ao inv\u00e9s de ganhar uma competi\u00e7\u00e3o\u201d, disse.<\/p>\n<p>Pelas salas de aula e corredores da escola, quem visitou a mostra p\u00f4de conferir diversas atividades inspiradas nas hist\u00f3rias das personalidades estudadas. Santos Dumont estava representado por avi\u00f5es constru\u00eddos a partir das ideias dos pequenos, cada um fez o seu avi\u00e3o, com asas coloridas e em diferentes formatos. J\u00e1 as obras de Tarsila ganharam um toque particular da unidade, os rostos da pintura \u201cOper\u00e1rios\u201d ganhou o rosto dos alunos. Enquanto Luiz Gonzaga foi homenageado com a produ\u00e7\u00e3o de sanfonas, utilizando, com muita criatividade, papel colorido e rolos de papel higi\u00eanico.<\/p>\n<p>\u201cNossa escola abre as portas para mostrar culmin\u00e2ncia de um trabalho pedag\u00f3gico realizado durante todo o ano. O mais importante para a equipe \u00e9 mostrar a qualidade da escola p\u00fablica, nossa prioridade sempre. A presen\u00e7a das fam\u00edlias e da comunidade em nosso espa\u00e7o e faz com que todo trabalho seja reconhecido\u201d, completou a orientadora pedag\u00f3gica.<\/p>\n<p><!-- Root element of PhotoSwipe. Must have class pswp. --><\/p><\/div>\n","protected":false},"excerpt":{"rendered":"<p>26 de setembro de 2025 18:40 Por: Evelyn Azevedo Fotos: Gustavo Goes (Programa de Est\u00e1gio\/Secom) \u2013 Supervis\u00e3o: \u00c9velyn Azevedo Neste<\/p>\n","protected":false},"author":2,"featured_media":0,"comment_status":"","ping_status":"","sticky":false,"template":"","format":"standard","meta":{"colormag_page_container_layout":"default_layout","colormag_page_sidebar_layout":"default_layout","footnotes":""},"categories":[1],"tags":[],"class_list":["post-53061","post","type-post","status-publish","format-standard","hentry","category-ejornais"],"aioseo_notices":[],"aioseo_head":"\n\t\t<!-- All in One SEO 5.0.1.1 - aioseo.com -->\n\t<meta name=\"description\" content=\"26 de setembro de 2025 18:40 Por: Evelyn Azevedo Fotos: Gustavo Goes (Programa de Est\u00e1gio\/Secom) \u2013 Supervis\u00e3o: \u00c9velyn Azevedo Neste ano, a E.M. \u201cQuinzinho de Barros\u201d apresentou, na sua tradicional mostra cultural, a tem\u00e1tica sobre as personalidades que marcaram e marcam a hist\u00f3ria do Brasil. A 11\u00aa edi\u00e7\u00e3o da Expo Quin aconteceu nesta quinta-feira (25)\" \/>\n\t<meta name=\"robots\" content=\"max-image-preview:large\" \/>\n\t<meta name=\"author\" content=\"admin1\"\/>\n\t<link rel=\"canonical\" href=\"https:\/\/ejornais.com.br\/index.php\/2025\/09\/26\/tradicional-mostra-cultural-da-e-m-quinzinho-de-barros-expoe-trabalhos-sobre-personalidades-brasileiras-agencia-de-noticias\/\" \/>\n\t<meta name=\"generator\" content=\"All in One SEO (AIOSEO) 5.0.1.1\" \/>\n\t\t<meta property=\"og:locale\" content=\"pt_BR\" \/>\n\t\t<meta property=\"og:site_name\" content=\"eJornais - Cat\u00e1logo de Jornais no mundo, Not\u00edcias, Blog e Esportes ao vivo\" \/>\n\t\t<meta property=\"og:type\" content=\"article\" \/>\n\t\t<meta property=\"og:title\" content=\"Tradicional mostra cultural da E.M. \u201cQuinzinho de Barros\u201d exp\u00f5e trabalhos sobre personalidades brasileiras \u2013 Ag\u00eancia de Not\u00edcias - eJornais\" \/>\n\t\t<meta property=\"og:description\" content=\"26 de setembro de 2025 18:40 Por: Evelyn Azevedo Fotos: Gustavo Goes (Programa de Est\u00e1gio\/Secom) \u2013 Supervis\u00e3o: \u00c9velyn Azevedo Neste ano, a E.M. \u201cQuinzinho de Barros\u201d apresentou, na sua tradicional mostra cultural, a tem\u00e1tica sobre as personalidades que marcaram e marcam a hist\u00f3ria do Brasil. A 11\u00aa edi\u00e7\u00e3o da Expo Quin aconteceu nesta quinta-feira (25)\" \/>\n\t\t<meta property=\"og:url\" content=\"https:\/\/ejornais.com.br\/index.php\/2025\/09\/26\/tradicional-mostra-cultural-da-e-m-quinzinho-de-barros-expoe-trabalhos-sobre-personalidades-brasileiras-agencia-de-noticias\/\" \/>\n\t\t<meta property=\"article:published_time\" content=\"2025-09-27T01:27:09+00:00\" \/>\n\t\t<meta property=\"article:modified_time\" content=\"2025-09-27T01:27:09+00:00\" \/>\n\t\t<meta name=\"twitter:card\" content=\"summary_large_image\" \/>\n\t\t<meta name=\"twitter:title\" content=\"Tradicional mostra cultural da E.M. \u201cQuinzinho de Barros\u201d exp\u00f5e trabalhos sobre personalidades brasileiras \u2013 Ag\u00eancia de Not\u00edcias - eJornais\" \/>\n\t\t<meta name=\"twitter:description\" content=\"26 de setembro de 2025 18:40 Por: Evelyn Azevedo Fotos: Gustavo Goes (Programa de Est\u00e1gio\/Secom) \u2013 Supervis\u00e3o: \u00c9velyn Azevedo Neste ano, a E.M. \u201cQuinzinho de Barros\u201d apresentou, na sua tradicional mostra cultural, a tem\u00e1tica sobre as personalidades que marcaram e marcam a hist\u00f3ria do Brasil. A 11\u00aa edi\u00e7\u00e3o da Expo Quin aconteceu nesta quinta-feira (25)\" \/>\n\t\t<script type=\"application\/ld+json\" class=\"aioseo-schema\">\n\t\t\t{\"@context\":\"https:\\\/\\\/schema.org\",\"@graph\":[{\"@type\":\"BlogPosting\",\"@id\":\"https:\\\/\\\/ejornais.com.br\\\/index.php\\\/2025\\\/09\\\/26\\\/tradicional-mostra-cultural-da-e-m-quinzinho-de-barros-expoe-trabalhos-sobre-personalidades-brasileiras-agencia-de-noticias\\\/#blogposting\",\"name\":\"Tradicional mostra cultural da E.M. \\u201cQuinzinho de Barros\\u201d exp\\u00f5e trabalhos sobre personalidades brasileiras \\u2013 Ag\\u00eancia de Not\\u00edcias - eJornais\",\"headline\":\"Tradicional mostra cultural da E.M. \\u201cQuinzinho de Barros\\u201d exp\\u00f5e trabalhos sobre personalidades brasileiras \\u2013 Ag\\u00eancia de Not\\u00edcias\",\"author\":{\"@id\":\"https:\\\/\\\/ejornais.com.br\\\/index.php\\\/author\\\/admin1\\\/#author\"},\"publisher\":{\"@id\":\"https:\\\/\\\/ejornais.com.br\\\/#organization\"},\"datePublished\":\"2025-09-26T22:27:09-03:00\",\"dateModified\":\"2025-09-26T22:27:09-03:00\",\"inLanguage\":\"pt-BR\",\"mainEntityOfPage\":{\"@id\":\"https:\\\/\\\/ejornais.com.br\\\/index.php\\\/2025\\\/09\\\/26\\\/tradicional-mostra-cultural-da-e-m-quinzinho-de-barros-expoe-trabalhos-sobre-personalidades-brasileiras-agencia-de-noticias\\\/#webpage\"},\"isPartOf\":{\"@id\":\"https:\\\/\\\/ejornais.com.br\\\/index.php\\\/2025\\\/09\\\/26\\\/tradicional-mostra-cultural-da-e-m-quinzinho-de-barros-expoe-trabalhos-sobre-personalidades-brasileiras-agencia-de-noticias\\\/#webpage\"},\"articleSection\":\"Cat\\u00e1logo de Jornais\"},{\"@type\":\"BreadcrumbList\",\"@id\":\"https:\\\/\\\/ejornais.com.br\\\/index.php\\\/2025\\\/09\\\/26\\\/tradicional-mostra-cultural-da-e-m-quinzinho-de-barros-expoe-trabalhos-sobre-personalidades-brasileiras-agencia-de-noticias\\\/#breadcrumblist\",\"itemListElement\":[{\"@type\":\"ListItem\",\"@id\":\"https:\\\/\\\/ejornais.com.br#listItem\",\"position\":1,\"name\":\"In\\u00edcio\",\"item\":\"https:\\\/\\\/ejornais.com.br\",\"nextItem\":{\"@type\":\"ListItem\",\"@id\":\"https:\\\/\\\/ejornais.com.br\\\/index.php\\\/category\\\/ejornais\\\/#listItem\",\"name\":\"Cat\\u00e1logo de Jornais\"}},{\"@type\":\"ListItem\",\"@id\":\"https:\\\/\\\/ejornais.com.br\\\/index.php\\\/category\\\/ejornais\\\/#listItem\",\"position\":2,\"name\":\"Cat\\u00e1logo de Jornais\",\"item\":\"https:\\\/\\\/ejornais.com.br\\\/index.php\\\/category\\\/ejornais\\\/\",\"nextItem\":{\"@type\":\"ListItem\",\"@id\":\"https:\\\/\\\/ejornais.com.br\\\/index.php\\\/2025\\\/09\\\/26\\\/tradicional-mostra-cultural-da-e-m-quinzinho-de-barros-expoe-trabalhos-sobre-personalidades-brasileiras-agencia-de-noticias\\\/#listItem\",\"name\":\"Tradicional mostra cultural da E.M. \\u201cQuinzinho de Barros\\u201d exp\\u00f5e trabalhos sobre personalidades brasileiras \\u2013 Ag\\u00eancia de Not\\u00edcias\"},\"previousItem\":{\"@type\":\"ListItem\",\"@id\":\"https:\\\/\\\/ejornais.com.br#listItem\",\"name\":\"In\\u00edcio\"}},{\"@type\":\"ListItem\",\"@id\":\"https:\\\/\\\/ejornais.com.br\\\/index.php\\\/2025\\\/09\\\/26\\\/tradicional-mostra-cultural-da-e-m-quinzinho-de-barros-expoe-trabalhos-sobre-personalidades-brasileiras-agencia-de-noticias\\\/#listItem\",\"position\":3,\"name\":\"Tradicional mostra cultural da E.M. \\u201cQuinzinho de Barros\\u201d exp\\u00f5e trabalhos sobre personalidades brasileiras \\u2013 Ag\\u00eancia de Not\\u00edcias\",\"previousItem\":{\"@type\":\"ListItem\",\"@id\":\"https:\\\/\\\/ejornais.com.br\\\/index.php\\\/category\\\/ejornais\\\/#listItem\",\"name\":\"Cat\\u00e1logo de Jornais\"}}]},{\"@type\":\"Organization\",\"@id\":\"https:\\\/\\\/ejornais.com.br\\\/#organization\",\"name\":\"eJornais\",\"description\":\"Cat\\u00e1logo de Jornais no mundo, Not\\u00edcias, Blog e Esportes ao vivo\",\"url\":\"https:\\\/\\\/ejornais.com.br\\\/\"},{\"@type\":\"Person\",\"@id\":\"https:\\\/\\\/ejornais.com.br\\\/index.php\\\/author\\\/admin1\\\/#author\",\"url\":\"https:\\\/\\\/ejornais.com.br\\\/index.php\\\/author\\\/admin1\\\/\",\"name\":\"admin1\",\"image\":{\"@type\":\"ImageObject\",\"@id\":\"https:\\\/\\\/ejornais.com.br\\\/index.php\\\/2025\\\/09\\\/26\\\/tradicional-mostra-cultural-da-e-m-quinzinho-de-barros-expoe-trabalhos-sobre-personalidades-brasileiras-agencia-de-noticias\\\/#authorImage\",\"url\":\"https:\\\/\\\/secure.gravatar.com\\\/avatar\\\/04084e6d73c042b8646e7c17b494073bf0ede3ea13c7105cfc45cbbbc28385a4?s=96&d=mm&r=g\",\"width\":96,\"height\":96,\"caption\":\"admin1\"}},{\"@type\":\"WebPage\",\"@id\":\"https:\\\/\\\/ejornais.com.br\\\/index.php\\\/2025\\\/09\\\/26\\\/tradicional-mostra-cultural-da-e-m-quinzinho-de-barros-expoe-trabalhos-sobre-personalidades-brasileiras-agencia-de-noticias\\\/#webpage\",\"url\":\"https:\\\/\\\/ejornais.com.br\\\/index.php\\\/2025\\\/09\\\/26\\\/tradicional-mostra-cultural-da-e-m-quinzinho-de-barros-expoe-trabalhos-sobre-personalidades-brasileiras-agencia-de-noticias\\\/\",\"name\":\"Tradicional mostra cultural da E.M. \\u201cQuinzinho de Barros\\u201d exp\\u00f5e trabalhos sobre personalidades brasileiras \\u2013 Ag\\u00eancia de Not\\u00edcias - eJornais\",\"description\":\"26 de setembro de 2025 18:40 Por: Evelyn Azevedo Fotos: Gustavo Goes (Programa de Est\\u00e1gio\\\/Secom) \\u2013 Supervis\\u00e3o: \\u00c9velyn Azevedo Neste ano, a E.M. \\u201cQuinzinho de Barros\\u201d apresentou, na sua tradicional mostra cultural, a tem\\u00e1tica sobre as personalidades que marcaram e marcam a hist\\u00f3ria do Brasil. A 11\\u00aa edi\\u00e7\\u00e3o da Expo Quin aconteceu nesta quinta-feira (25)\",\"inLanguage\":\"pt-BR\",\"isPartOf\":{\"@id\":\"https:\\\/\\\/ejornais.com.br\\\/#website\"},\"breadcrumb\":{\"@id\":\"https:\\\/\\\/ejornais.com.br\\\/index.php\\\/2025\\\/09\\\/26\\\/tradicional-mostra-cultural-da-e-m-quinzinho-de-barros-expoe-trabalhos-sobre-personalidades-brasileiras-agencia-de-noticias\\\/#breadcrumblist\"},\"author\":{\"@id\":\"https:\\\/\\\/ejornais.com.br\\\/index.php\\\/author\\\/admin1\\\/#author\"},\"creator\":{\"@id\":\"https:\\\/\\\/ejornais.com.br\\\/index.php\\\/author\\\/admin1\\\/#author\"},\"datePublished\":\"2025-09-26T22:27:09-03:00\",\"dateModified\":\"2025-09-26T22:27:09-03:00\"},{\"@type\":\"WebSite\",\"@id\":\"https:\\\/\\\/ejornais.com.br\\\/#website\",\"url\":\"https:\\\/\\\/ejornais.com.br\\\/\",\"name\":\"eJornais\",\"description\":\"Cat\\u00e1logo de Jornais no mundo, Not\\u00edcias, Blog e Esportes ao vivo\",\"inLanguage\":\"pt-BR\",\"publisher\":{\"@id\":\"https:\\\/\\\/ejornais.com.br\\\/#organization\"}}]}\n\t\t<\/script>\n\t\t<!-- All in One SEO -->\n\n","aioseo_head_json":{"title":"Tradicional mostra cultural da E.M. \u201cQuinzinho de Barros\u201d exp\u00f5e trabalhos sobre personalidades brasileiras \u2013 Ag\u00eancia de Not\u00edcias - eJornais","description":"26 de setembro de 2025 18:40 Por: Evelyn Azevedo Fotos: Gustavo Goes (Programa de Est\u00e1gio\/Secom) \u2013 Supervis\u00e3o: \u00c9velyn Azevedo Neste ano, a E.M. \u201cQuinzinho de Barros\u201d apresentou, na sua tradicional mostra cultural, a tem\u00e1tica sobre as personalidades que marcaram e marcam a hist\u00f3ria do Brasil. A 11\u00aa edi\u00e7\u00e3o da Expo Quin aconteceu nesta quinta-feira (25)","canonical_url":"https:\/\/ejornais.com.br\/index.php\/2025\/09\/26\/tradicional-mostra-cultural-da-e-m-quinzinho-de-barros-expoe-trabalhos-sobre-personalidades-brasileiras-agencia-de-noticias\/","robots":"max-image-preview:large","keywords":"","webmasterTools":{"miscellaneous":""},"schema":{"@context":"https:\/\/schema.org","@graph":[{"@type":"BlogPosting","@id":"https:\/\/ejornais.com.br\/index.php\/2025\/09\/26\/tradicional-mostra-cultural-da-e-m-quinzinho-de-barros-expoe-trabalhos-sobre-personalidades-brasileiras-agencia-de-noticias\/#blogposting","name":"Tradicional mostra cultural da E.M. \u201cQuinzinho de Barros\u201d exp\u00f5e trabalhos sobre personalidades brasileiras \u2013 Ag\u00eancia de Not\u00edcias - eJornais","headline":"Tradicional mostra cultural da E.M. \u201cQuinzinho de Barros\u201d exp\u00f5e trabalhos sobre personalidades brasileiras \u2013 Ag\u00eancia de Not\u00edcias","author":{"@id":"https:\/\/ejornais.com.br\/index.php\/author\/admin1\/#author"},"publisher":{"@id":"https:\/\/ejornais.com.br\/#organization"},"datePublished":"2025-09-26T22:27:09-03:00","dateModified":"2025-09-26T22:27:09-03:00","inLanguage":"pt-BR","mainEntityOfPage":{"@id":"https:\/\/ejornais.com.br\/index.php\/2025\/09\/26\/tradicional-mostra-cultural-da-e-m-quinzinho-de-barros-expoe-trabalhos-sobre-personalidades-brasileiras-agencia-de-noticias\/#webpage"},"isPartOf":{"@id":"https:\/\/ejornais.com.br\/index.php\/2025\/09\/26\/tradicional-mostra-cultural-da-e-m-quinzinho-de-barros-expoe-trabalhos-sobre-personalidades-brasileiras-agencia-de-noticias\/#webpage"},"articleSection":"Cat\u00e1logo de Jornais"},{"@type":"BreadcrumbList","@id":"https:\/\/ejornais.com.br\/index.php\/2025\/09\/26\/tradicional-mostra-cultural-da-e-m-quinzinho-de-barros-expoe-trabalhos-sobre-personalidades-brasileiras-agencia-de-noticias\/#breadcrumblist","itemListElement":[{"@type":"ListItem","@id":"https:\/\/ejornais.com.br#listItem","position":1,"name":"In\u00edcio","item":"https:\/\/ejornais.com.br","nextItem":{"@type":"ListItem","@id":"https:\/\/ejornais.com.br\/index.php\/category\/ejornais\/#listItem","name":"Cat\u00e1logo de Jornais"}},{"@type":"ListItem","@id":"https:\/\/ejornais.com.br\/index.php\/category\/ejornais\/#listItem","position":2,"name":"Cat\u00e1logo de Jornais","item":"https:\/\/ejornais.com.br\/index.php\/category\/ejornais\/","nextItem":{"@type":"ListItem","@id":"https:\/\/ejornais.com.br\/index.php\/2025\/09\/26\/tradicional-mostra-cultural-da-e-m-quinzinho-de-barros-expoe-trabalhos-sobre-personalidades-brasileiras-agencia-de-noticias\/#listItem","name":"Tradicional mostra cultural da E.M. \u201cQuinzinho de Barros\u201d exp\u00f5e trabalhos sobre personalidades brasileiras \u2013 Ag\u00eancia de Not\u00edcias"},"previousItem":{"@type":"ListItem","@id":"https:\/\/ejornais.com.br#listItem","name":"In\u00edcio"}},{"@type":"ListItem","@id":"https:\/\/ejornais.com.br\/index.php\/2025\/09\/26\/tradicional-mostra-cultural-da-e-m-quinzinho-de-barros-expoe-trabalhos-sobre-personalidades-brasileiras-agencia-de-noticias\/#listItem","position":3,"name":"Tradicional mostra cultural da E.M. \u201cQuinzinho de Barros\u201d exp\u00f5e trabalhos sobre personalidades brasileiras \u2013 Ag\u00eancia de Not\u00edcias","previousItem":{"@type":"ListItem","@id":"https:\/\/ejornais.com.br\/index.php\/category\/ejornais\/#listItem","name":"Cat\u00e1logo de Jornais"}}]},{"@type":"Organization","@id":"https:\/\/ejornais.com.br\/#organization","name":"eJornais","description":"Cat\u00e1logo de Jornais no mundo, Not\u00edcias, Blog e Esportes ao vivo","url":"https:\/\/ejornais.com.br\/"},{"@type":"Person","@id":"https:\/\/ejornais.com.br\/index.php\/author\/admin1\/#author","url":"https:\/\/ejornais.com.br\/index.php\/author\/admin1\/","name":"admin1","image":{"@type":"ImageObject","@id":"https:\/\/ejornais.com.br\/index.php\/2025\/09\/26\/tradicional-mostra-cultural-da-e-m-quinzinho-de-barros-expoe-trabalhos-sobre-personalidades-brasileiras-agencia-de-noticias\/#authorImage","url":"https:\/\/secure.gravatar.com\/avatar\/04084e6d73c042b8646e7c17b494073bf0ede3ea13c7105cfc45cbbbc28385a4?s=96&d=mm&r=g","width":96,"height":96,"caption":"admin1"}},{"@type":"WebPage","@id":"https:\/\/ejornais.com.br\/index.php\/2025\/09\/26\/tradicional-mostra-cultural-da-e-m-quinzinho-de-barros-expoe-trabalhos-sobre-personalidades-brasileiras-agencia-de-noticias\/#webpage","url":"https:\/\/ejornais.com.br\/index.php\/2025\/09\/26\/tradicional-mostra-cultural-da-e-m-quinzinho-de-barros-expoe-trabalhos-sobre-personalidades-brasileiras-agencia-de-noticias\/","name":"Tradicional mostra cultural da E.M. \u201cQuinzinho de Barros\u201d exp\u00f5e trabalhos sobre personalidades brasileiras \u2013 Ag\u00eancia de Not\u00edcias - eJornais","description":"26 de setembro de 2025 18:40 Por: Evelyn Azevedo Fotos: Gustavo Goes (Programa de Est\u00e1gio\/Secom) \u2013 Supervis\u00e3o: \u00c9velyn Azevedo Neste ano, a E.M. \u201cQuinzinho de Barros\u201d apresentou, na sua tradicional mostra cultural, a tem\u00e1tica sobre as personalidades que marcaram e marcam a hist\u00f3ria do Brasil. A 11\u00aa edi\u00e7\u00e3o da Expo Quin aconteceu nesta quinta-feira (25)","inLanguage":"pt-BR","isPartOf":{"@id":"https:\/\/ejornais.com.br\/#website"},"breadcrumb":{"@id":"https:\/\/ejornais.com.br\/index.php\/2025\/09\/26\/tradicional-mostra-cultural-da-e-m-quinzinho-de-barros-expoe-trabalhos-sobre-personalidades-brasileiras-agencia-de-noticias\/#breadcrumblist"},"author":{"@id":"https:\/\/ejornais.com.br\/index.php\/author\/admin1\/#author"},"creator":{"@id":"https:\/\/ejornais.com.br\/index.php\/author\/admin1\/#author"},"datePublished":"2025-09-26T22:27:09-03:00","dateModified":"2025-09-26T22:27:09-03:00"},{"@type":"WebSite","@id":"https:\/\/ejornais.com.br\/#website","url":"https:\/\/ejornais.com.br\/","name":"eJornais","description":"Cat\u00e1logo de Jornais no mundo, Not\u00edcias, Blog e Esportes ao vivo","inLanguage":"pt-BR","publisher":{"@id":"https:\/\/ejornais.com.br\/#organization"}}]},"og:locale":"pt_BR","og:site_name":"eJornais - Cat\u00e1logo de Jornais no mundo, Not\u00edcias, Blog e Esportes ao vivo","og:type":"article","og:title":"Tradicional mostra cultural da E.M. \u201cQuinzinho de Barros\u201d exp\u00f5e trabalhos sobre personalidades brasileiras \u2013 Ag\u00eancia de Not\u00edcias - eJornais","og:description":"26 de setembro de 2025 18:40 Por: Evelyn Azevedo Fotos: Gustavo Goes (Programa de Est\u00e1gio\/Secom) \u2013 Supervis\u00e3o: \u00c9velyn Azevedo Neste ano, a E.M. \u201cQuinzinho de Barros\u201d apresentou, na sua tradicional mostra cultural, a tem\u00e1tica sobre as personalidades que marcaram e marcam a hist\u00f3ria do Brasil. A 11\u00aa edi\u00e7\u00e3o da Expo Quin aconteceu nesta quinta-feira (25)","og:url":"https:\/\/ejornais.com.br\/index.php\/2025\/09\/26\/tradicional-mostra-cultural-da-e-m-quinzinho-de-barros-expoe-trabalhos-sobre-personalidades-brasileiras-agencia-de-noticias\/","article:published_time":"2025-09-27T01:27:09+00:00","article:modified_time":"2025-09-27T01:27:09+00:00","twitter:card":"summary_large_image","twitter:title":"Tradicional mostra cultural da E.M. \u201cQuinzinho de Barros\u201d exp\u00f5e trabalhos sobre personalidades brasileiras \u2013 Ag\u00eancia de Not\u00edcias - eJornais","twitter:description":"26 de setembro de 2025 18:40 Por: Evelyn Azevedo Fotos: Gustavo Goes (Programa de Est\u00e1gio\/Secom) \u2013 Supervis\u00e3o: \u00c9velyn Azevedo Neste ano, a E.M. \u201cQuinzinho de Barros\u201d apresentou, na sua tradicional mostra cultural, a tem\u00e1tica sobre as personalidades que marcaram e marcam a hist\u00f3ria do Brasil. A 11\u00aa edi\u00e7\u00e3o da Expo Quin aconteceu nesta quinta-feira (25)"},"aioseo_meta_data":{"post_id":"53061","title":null,"description":null,"keywords":null,"keyphrases":null,"primary_term":null,"canonical_url":null,"og_title":null,"og_description":null,"og_object_type":"default","og_image_type":"default","og_image_url":null,"og_image_width":null,"og_image_height":null,"og_image_custom_url":null,"og_image_custom_fields":null,"og_video":null,"og_custom_url":null,"og_article_section":null,"og_article_tags":null,"twitter_use_og":false,"twitter_card":"default","twitter_image_type":"default","twitter_image_url":null,"twitter_image_custom_url":null,"twitter_image_custom_fields":null,"twitter_title":null,"twitter_description":null,"schema":{"blockGraphs":[],"customGraphs":[],"default":{"data":{"Article":[],"Course":[],"Dataset":[],"FAQPage":[],"Movie":[],"Person":[],"Product":[],"ProductReview":[],"Car":[],"Recipe":[],"Service":[],"SoftwareApplication":[],"WebPage":[]},"graphName":"","isEnabled":true},"graphs":[]},"schema_type":"default","schema_type_options":null,"pillar_content":false,"robots_default":true,"robots_noindex":false,"robots_noarchive":false,"robots_nosnippet":false,"robots_nofollow":false,"robots_noimageindex":false,"robots_noodp":false,"robots_notranslate":false,"robots_max_snippet":null,"robots_max_videopreview":null,"robots_max_imagepreview":"large","priority":null,"frequency":null,"local_seo":null,"breadcrumb_settings":null,"limit_modified_date":false,"ai":null,"created":"2025-09-27 01:27:50","updated":"2025-09-27 01:27:50","seo_analyzer_scan_date":null,"focus_keyword":null,"additional_keywords":null,"truseo_locale":null},"aioseo_breadcrumb":"<div class=\"aioseo-breadcrumbs\"><span class=\"aioseo-breadcrumb\">\n\t\t\t<a href=\"https:\/\/ejornais.com.br\" title=\"In\u00edcio\">In\u00edcio<\/a>\n\t\t<\/span><span class=\"aioseo-breadcrumb-separator\">&raquo;<\/span><span class=\"aioseo-breadcrumb\">\n\t\t\t<a href=\"https:\/\/ejornais.com.br\/index.php\/category\/ejornais\/\" title=\"Cat\u00e1logo de Jornais\">Cat\u00e1logo de Jornais<\/a>\n\t\t<\/span><span class=\"aioseo-breadcrumb-separator\">&raquo;<\/span><span class=\"aioseo-breadcrumb\">\n\t\t\tTradicional mostra cultural da E.M. \u201cQuinzinho de Barros\u201d exp\u00f5e trabalhos sobre personalidades brasileiras \u2013 Ag\u00eancia de Not\u00edcias\n\t\t<\/span><\/div>","aioseo_breadcrumb_json":[{"label":"In\u00edcio","link":"https:\/\/ejornais.com.br"},{"label":"Cat\u00e1logo de Jornais","link":"https:\/\/ejornais.com.br\/index.php\/category\/ejornais\/"},{"label":"Tradicional mostra cultural da E.M. \u201cQuinzinho de Barros\u201d exp\u00f5e trabalhos sobre personalidades brasileiras \u2013 Ag\u00eancia de Not\u00edcias","link":"https:\/\/ejornais.com.br\/index.php\/2025\/09\/26\/tradicional-mostra-cultural-da-e-m-quinzinho-de-barros-expoe-trabalhos-sobre-personalidades-brasileiras-agencia-de-noticias\/"}],"amp_enabled":true,"_links":{"self":[{"href":"https:\/\/ejornais.com.br\/index.php\/wp-json\/wp\/v2\/posts\/53061","targetHints":{"allow":["GET"]}}],"collection":[{"href":"https:\/\/ejornais.com.br\/index.php\/wp-json\/wp\/v2\/posts"}],"about":[{"href":"https:\/\/ejornais.com.br\/index.php\/wp-json\/wp\/v2\/types\/post"}],"author":[{"embeddable":true,"href":"https:\/\/ejornais.com.br\/index.php\/wp-json\/wp\/v2\/users\/2"}],"replies":[{"embeddable":true,"href":"https:\/\/ejornais.com.br\/index.php\/wp-json\/wp\/v2\/comments?post=53061"}],"version-history":[{"count":0,"href":"https:\/\/ejornais.com.br\/index.php\/wp-json\/wp\/v2\/posts\/53061\/revisions"}],"wp:attachment":[{"href":"https:\/\/ejornais.com.br\/index.php\/wp-json\/wp\/v2\/media?parent=53061"}],"wp:term":[{"taxonomy":"category","embeddable":true,"href":"https:\/\/ejornais.com.br\/index.php\/wp-json\/wp\/v2\/categories?post=53061"},{"taxonomy":"post_tag","embeddable":true,"href":"https:\/\/ejornais.com.br\/index.php\/wp-json\/wp\/v2\/tags?post=53061"}],"curies":[{"name":"wp","href":"https:\/\/api.w.org\/{rel}","templated":true}]}}