{"id":53083,"date":"2025-09-27T09:12:40","date_gmt":"2025-09-27T12:12:40","guid":{"rendered":"https:\/\/ejornais.com.br\/index.php\/2025\/09\/27\/inss-faz-mutirao-de-pericia-em-35-cidades-veja-locais\/"},"modified":"2025-09-27T09:12:40","modified_gmt":"2025-09-27T12:12:40","slug":"inss-faz-mutirao-de-pericia-em-35-cidades-veja-locais","status":"publish","type":"post","link":"https:\/\/ejornais.com.br\/index.php\/2025\/09\/27\/inss-faz-mutirao-de-pericia-em-35-cidades-veja-locais\/","title":{"rendered":"INSS faz mutir\u00e3o de per\u00edcia em 35 cidades; veja locais"},"content":{"rendered":"<p> Por MRNews<br \/>\n<\/p>\n<div wp_automatic_readability=\"35.66699410609\">\n<p><strong>O INSS promove neste fim de semana, dias 27 e 28 de setembro, um mutir\u00e3o de per\u00edcia m\u00e9dica em 35 cidades<\/strong>. O Minist\u00e9rio da Previd\u00eancia Social calcula que<em> <\/em>cerca de 5\u00a0mil pessoas ser\u00e3o beneficiadas.<\/p>\n<p>A <strong>maior parte dos atendimentos ser\u00e1 feita por meio de telemedicina (per\u00edcia conectada)<\/strong>, o que deve ampliar o acesso da popula\u00e7\u00e3o, especialmente em regi\u00f5es com escassez de peritos.<\/p>\n<p>A iniciativa tem como objetivo reduzir o tempo de espera e evitar que os segurados enfrentem longo deslocamento.<\/p>\n<p><strong><a href=\"https:\/\/mrnews.com.br\/index.php\/2025\/09\/27\/pedagio-100-eletronico-comeca-a-funcionar-na-br-381-neste-sabado\/\">Ped\u00e1gio 100% eletr\u00f4nico come\u00e7a a funcionar na BR-381 neste s\u00e1bado<\/a><\/strong><\/p>\n<p><strong><a href=\"https:\/\/mrnews.com.br\/index.php\/2025\/09\/27\/premio-jabuti-divulga-lista-dos-semifinalistas-em-23-categorias\/\">Pr\u00eamio Jabuti divulga lista dos semifinalistas em 23 categorias<\/a><\/strong><\/p>\n<p><strong>Ser\u00e3o realizadas per\u00edcias iniciais para Benef\u00edcio por Incapacidade Tempor\u00e1ria<\/strong>, o antigo aux\u00edlio-doen\u00e7a, e tamb\u00e9m <strong>avalia\u00e7\u00f5es m\u00e9dicas de requerimentos de Benef\u00edcio de Presta\u00e7\u00e3o Continuada (BPC) \u00e0 pessoa com defici\u00eancia <\/strong>e nas revis\u00f5es desses benef\u00edcios assistenciais.<\/p>\n<p>Os <strong>atendimentos ser\u00e3o exclusivamente para segurados que j\u00e1 haviam agendado a per\u00edcia e est\u00e3o\u00a0na fila de espera<\/strong>.\u00a0<\/p>\n<p>O maior n\u00famero de vagas foi ofertado para a Regi\u00e3o Sul. Ser\u00e3o 800 atendimentos na cidade de Joinville (SC),\u00a0400 vagas em Curitiba\u00a0e 374, em Cascavel, ambas no\u00a0Paran\u00e1.<\/p>\n<h2>&gt;&gt; Veja onde ter\u00e1 mutir\u00e3o do INSS:<\/h2>\n<h2>Amazonas<\/h2>\n<ul>\n<li>Tabatinga (s\u00e1bado)<\/li>\n<li>Manacapuru<\/li>\n<li>Itacoatiara<\/li>\n<li>Presidente Figueiredo (domingo)<\/li>\n<li>Iranduba<\/li>\n<\/ul>\n<h2>Bahia<\/h2>\n<ul>\n<li>Irec\u00ea<\/li>\n<li>Paripiranga<\/li>\n<li>Caetit\u00e9 (s\u00e1bado)<\/li>\n<li>Barreiras<\/li>\n<li>Santa Rita de C\u00e1ssia<\/li>\n<li>Eun\u00e1polis<\/li>\n<li>Cruz das Almas<\/li>\n<li>Nazar\u00e9<\/li>\n<\/ul>\n<h2>Cear\u00e1<\/h2>\n<h2>Par\u00e1<\/h2>\n<ul>\n<li>Goian\u00e9sia do Par\u00e1<\/li>\n<li>Reden\u00e7\u00e3o\/Par\u00e1<\/li>\n<li>Marab\u00e1<\/li>\n<li>S\u00e3o Geraldo do Araguaia<\/li>\n<li>Rondon do Par\u00e1<\/li>\n<li>Jacund\u00e1<\/li>\n<li>Xinguara<\/li>\n<li>Parauapebas<\/li>\n<li>Concei\u00e7\u00e3o do Araguaia (s\u00e1bado)<\/li>\n<\/ul>\n<h2>Paran\u00e1<\/h2>\n<ul>\n<li>Campo Mour\u00e3o<\/li>\n<li>Maring\u00e1<\/li>\n<li>Cascavel<\/li>\n<li>Francisco Beltr\u00e3o<\/li>\n<li>Marechal Candido Rondon<\/li>\n<li>Medianeira<\/li>\n<li>Ponta Grossa<\/li>\n<li>Cianorte<\/li>\n<li>Curitiba<\/li>\n<\/ul>\n<h2>Rio Grande do Sul<\/h2>\n<ul>\n<li>Santa Rosa<\/li>\n<li>Frederico Westphalen<\/li>\n<\/ul>\n<h2>Santa Catarina<\/h2>\n<h2>&gt;&gt; Ou\u00e7a a reportagem na Radioag\u00eancia Nacional:\u00a0<\/h2>\n<p>\u00a0<\/p>\n<p><strong><a href=\"https:\/\/mrnews.com.br\/index.php\/2025\/09\/27\/alckmin-encontro-de-lula-e-trump-e-um-1o-passo-para-resolver-tarifaco\/\">Alckmin: encontro de Lula e Trump \u00e9 um 1\u00ba passo para resolver tarifa\u00e7o<\/a><\/strong><\/p>\n<p><strong><a href=\"https:\/\/mrnews.com.br\/index.php\/2025\/09\/26\/aneel-reduz-bandeira-para-vermelha-1-na-conta-de-luz-em-outubro\/\">Aneel reduz bandeira para vermelha 1 na conta de luz em outubro<\/a><\/strong><\/p>\n<\/div>\n","protected":false},"excerpt":{"rendered":"<p>Por MRNews O INSS promove neste fim de semana, dias 27 e 28 de setembro, um mutir\u00e3o de per\u00edcia m\u00e9dica<\/p>\n","protected":false},"author":2,"featured_media":0,"comment_status":"","ping_status":"","sticky":false,"template":"","format":"standard","meta":{"colormag_page_container_layout":"default_layout","colormag_page_sidebar_layout":"default_layout","footnotes":""},"categories":[1],"tags":[],"class_list":["post-53083","post","type-post","status-publish","format-standard","hentry","category-ejornais"],"aioseo_notices":[],"aioseo_head":"\n\t\t<!-- All in One SEO 5.0.1.1 - aioseo.com -->\n\t<meta name=\"description\" content=\"Por MRNews O INSS promove neste fim de semana, dias 27 e 28 de setembro, um mutir\u00e3o de per\u00edcia m\u00e9dica em 35 cidades. O Minist\u00e9rio da Previd\u00eancia Social calcula que cerca de 5 mil pessoas ser\u00e3o beneficiadas. A maior parte dos atendimentos ser\u00e1 feita por meio de telemedicina (per\u00edcia conectada), o que deve ampliar o acesso\" \/>\n\t<meta name=\"robots\" content=\"max-image-preview:large\" \/>\n\t<meta name=\"author\" content=\"admin1\"\/>\n\t<link rel=\"canonical\" href=\"https:\/\/ejornais.com.br\/index.php\/2025\/09\/27\/inss-faz-mutirao-de-pericia-em-35-cidades-veja-locais\/\" \/>\n\t<meta name=\"generator\" content=\"All in One SEO (AIOSEO) 5.0.1.1\" \/>\n\t\t<meta property=\"og:locale\" content=\"pt_BR\" \/>\n\t\t<meta property=\"og:site_name\" content=\"eJornais - Cat\u00e1logo de Jornais no mundo, Not\u00edcias, Blog e Esportes ao vivo\" \/>\n\t\t<meta property=\"og:type\" content=\"article\" \/>\n\t\t<meta property=\"og:title\" content=\"INSS faz mutir\u00e3o de per\u00edcia em 35 cidades; veja locais - eJornais\" \/>\n\t\t<meta property=\"og:description\" content=\"Por MRNews O INSS promove neste fim de semana, dias 27 e 28 de setembro, um mutir\u00e3o de per\u00edcia m\u00e9dica em 35 cidades. O Minist\u00e9rio da Previd\u00eancia Social calcula que cerca de 5 mil pessoas ser\u00e3o beneficiadas. A maior parte dos atendimentos ser\u00e1 feita por meio de telemedicina (per\u00edcia conectada), o que deve ampliar o acesso\" \/>\n\t\t<meta property=\"og:url\" content=\"https:\/\/ejornais.com.br\/index.php\/2025\/09\/27\/inss-faz-mutirao-de-pericia-em-35-cidades-veja-locais\/\" \/>\n\t\t<meta property=\"article:published_time\" content=\"2025-09-27T12:12:40+00:00\" \/>\n\t\t<meta property=\"article:modified_time\" content=\"2025-09-27T12:12:40+00:00\" \/>\n\t\t<meta name=\"twitter:card\" content=\"summary_large_image\" \/>\n\t\t<meta name=\"twitter:title\" content=\"INSS faz mutir\u00e3o de per\u00edcia em 35 cidades; veja locais - eJornais\" \/>\n\t\t<meta name=\"twitter:description\" content=\"Por MRNews O INSS promove neste fim de semana, dias 27 e 28 de setembro, um mutir\u00e3o de per\u00edcia m\u00e9dica em 35 cidades. O Minist\u00e9rio da Previd\u00eancia Social calcula que cerca de 5 mil pessoas ser\u00e3o beneficiadas. A maior parte dos atendimentos ser\u00e1 feita por meio de telemedicina (per\u00edcia conectada), o que deve ampliar o acesso\" \/>\n\t\t<script type=\"application\/ld+json\" class=\"aioseo-schema\">\n\t\t\t{\"@context\":\"https:\\\/\\\/schema.org\",\"@graph\":[{\"@type\":\"BlogPosting\",\"@id\":\"https:\\\/\\\/ejornais.com.br\\\/index.php\\\/2025\\\/09\\\/27\\\/inss-faz-mutirao-de-pericia-em-35-cidades-veja-locais\\\/#blogposting\",\"name\":\"INSS faz mutir\\u00e3o de per\\u00edcia em 35 cidades; veja locais - eJornais\",\"headline\":\"INSS faz mutir\\u00e3o de per\\u00edcia em 35 cidades; veja locais\",\"author\":{\"@id\":\"https:\\\/\\\/ejornais.com.br\\\/index.php\\\/author\\\/admin1\\\/#author\"},\"publisher\":{\"@id\":\"https:\\\/\\\/ejornais.com.br\\\/#organization\"},\"datePublished\":\"2025-09-27T09:12:40-03:00\",\"dateModified\":\"2025-09-27T09:12:40-03:00\",\"inLanguage\":\"pt-BR\",\"mainEntityOfPage\":{\"@id\":\"https:\\\/\\\/ejornais.com.br\\\/index.php\\\/2025\\\/09\\\/27\\\/inss-faz-mutirao-de-pericia-em-35-cidades-veja-locais\\\/#webpage\"},\"isPartOf\":{\"@id\":\"https:\\\/\\\/ejornais.com.br\\\/index.php\\\/2025\\\/09\\\/27\\\/inss-faz-mutirao-de-pericia-em-35-cidades-veja-locais\\\/#webpage\"},\"articleSection\":\"Cat\\u00e1logo de Jornais\"},{\"@type\":\"BreadcrumbList\",\"@id\":\"https:\\\/\\\/ejornais.com.br\\\/index.php\\\/2025\\\/09\\\/27\\\/inss-faz-mutirao-de-pericia-em-35-cidades-veja-locais\\\/#breadcrumblist\",\"itemListElement\":[{\"@type\":\"ListItem\",\"@id\":\"https:\\\/\\\/ejornais.com.br#listItem\",\"position\":1,\"name\":\"In\\u00edcio\",\"item\":\"https:\\\/\\\/ejornais.com.br\",\"nextItem\":{\"@type\":\"ListItem\",\"@id\":\"https:\\\/\\\/ejornais.com.br\\\/index.php\\\/category\\\/ejornais\\\/#listItem\",\"name\":\"Cat\\u00e1logo de Jornais\"}},{\"@type\":\"ListItem\",\"@id\":\"https:\\\/\\\/ejornais.com.br\\\/index.php\\\/category\\\/ejornais\\\/#listItem\",\"position\":2,\"name\":\"Cat\\u00e1logo de Jornais\",\"item\":\"https:\\\/\\\/ejornais.com.br\\\/index.php\\\/category\\\/ejornais\\\/\",\"nextItem\":{\"@type\":\"ListItem\",\"@id\":\"https:\\\/\\\/ejornais.com.br\\\/index.php\\\/2025\\\/09\\\/27\\\/inss-faz-mutirao-de-pericia-em-35-cidades-veja-locais\\\/#listItem\",\"name\":\"INSS faz mutir\\u00e3o de per\\u00edcia em 35 cidades; veja locais\"},\"previousItem\":{\"@type\":\"ListItem\",\"@id\":\"https:\\\/\\\/ejornais.com.br#listItem\",\"name\":\"In\\u00edcio\"}},{\"@type\":\"ListItem\",\"@id\":\"https:\\\/\\\/ejornais.com.br\\\/index.php\\\/2025\\\/09\\\/27\\\/inss-faz-mutirao-de-pericia-em-35-cidades-veja-locais\\\/#listItem\",\"position\":3,\"name\":\"INSS faz mutir\\u00e3o de per\\u00edcia em 35 cidades; veja locais\",\"previousItem\":{\"@type\":\"ListItem\",\"@id\":\"https:\\\/\\\/ejornais.com.br\\\/index.php\\\/category\\\/ejornais\\\/#listItem\",\"name\":\"Cat\\u00e1logo de Jornais\"}}]},{\"@type\":\"Organization\",\"@id\":\"https:\\\/\\\/ejornais.com.br\\\/#organization\",\"name\":\"eJornais\",\"description\":\"Cat\\u00e1logo de Jornais no mundo, Not\\u00edcias, Blog e Esportes ao vivo\",\"url\":\"https:\\\/\\\/ejornais.com.br\\\/\"},{\"@type\":\"Person\",\"@id\":\"https:\\\/\\\/ejornais.com.br\\\/index.php\\\/author\\\/admin1\\\/#author\",\"url\":\"https:\\\/\\\/ejornais.com.br\\\/index.php\\\/author\\\/admin1\\\/\",\"name\":\"admin1\",\"image\":{\"@type\":\"ImageObject\",\"@id\":\"https:\\\/\\\/ejornais.com.br\\\/index.php\\\/2025\\\/09\\\/27\\\/inss-faz-mutirao-de-pericia-em-35-cidades-veja-locais\\\/#authorImage\",\"url\":\"https:\\\/\\\/secure.gravatar.com\\\/avatar\\\/04084e6d73c042b8646e7c17b494073bf0ede3ea13c7105cfc45cbbbc28385a4?s=96&d=mm&r=g\",\"width\":96,\"height\":96,\"caption\":\"admin1\"}},{\"@type\":\"WebPage\",\"@id\":\"https:\\\/\\\/ejornais.com.br\\\/index.php\\\/2025\\\/09\\\/27\\\/inss-faz-mutirao-de-pericia-em-35-cidades-veja-locais\\\/#webpage\",\"url\":\"https:\\\/\\\/ejornais.com.br\\\/index.php\\\/2025\\\/09\\\/27\\\/inss-faz-mutirao-de-pericia-em-35-cidades-veja-locais\\\/\",\"name\":\"INSS faz mutir\\u00e3o de per\\u00edcia em 35 cidades; veja locais - eJornais\",\"description\":\"Por MRNews O INSS promove neste fim de semana, dias 27 e 28 de setembro, um mutir\\u00e3o de per\\u00edcia m\\u00e9dica em 35 cidades. O Minist\\u00e9rio da Previd\\u00eancia Social calcula que cerca de 5 mil pessoas ser\\u00e3o beneficiadas. A maior parte dos atendimentos ser\\u00e1 feita por meio de telemedicina (per\\u00edcia conectada), o que deve ampliar o acesso\",\"inLanguage\":\"pt-BR\",\"isPartOf\":{\"@id\":\"https:\\\/\\\/ejornais.com.br\\\/#website\"},\"breadcrumb\":{\"@id\":\"https:\\\/\\\/ejornais.com.br\\\/index.php\\\/2025\\\/09\\\/27\\\/inss-faz-mutirao-de-pericia-em-35-cidades-veja-locais\\\/#breadcrumblist\"},\"author\":{\"@id\":\"https:\\\/\\\/ejornais.com.br\\\/index.php\\\/author\\\/admin1\\\/#author\"},\"creator\":{\"@id\":\"https:\\\/\\\/ejornais.com.br\\\/index.php\\\/author\\\/admin1\\\/#author\"},\"datePublished\":\"2025-09-27T09:12:40-03:00\",\"dateModified\":\"2025-09-27T09:12:40-03:00\"},{\"@type\":\"WebSite\",\"@id\":\"https:\\\/\\\/ejornais.com.br\\\/#website\",\"url\":\"https:\\\/\\\/ejornais.com.br\\\/\",\"name\":\"eJornais\",\"description\":\"Cat\\u00e1logo de Jornais no mundo, Not\\u00edcias, Blog e Esportes ao vivo\",\"inLanguage\":\"pt-BR\",\"publisher\":{\"@id\":\"https:\\\/\\\/ejornais.com.br\\\/#organization\"}}]}\n\t\t<\/script>\n\t\t<!-- All in One SEO -->\n\n","aioseo_head_json":{"title":"INSS faz mutir\u00e3o de per\u00edcia em 35 cidades; veja locais - eJornais","description":"Por MRNews O INSS promove neste fim de semana, dias 27 e 28 de setembro, um mutir\u00e3o de per\u00edcia m\u00e9dica em 35 cidades. O Minist\u00e9rio da Previd\u00eancia Social calcula que cerca de 5 mil pessoas ser\u00e3o beneficiadas. A maior parte dos atendimentos ser\u00e1 feita por meio de telemedicina (per\u00edcia conectada), o que deve ampliar o acesso","canonical_url":"https:\/\/ejornais.com.br\/index.php\/2025\/09\/27\/inss-faz-mutirao-de-pericia-em-35-cidades-veja-locais\/","robots":"max-image-preview:large","keywords":"","webmasterTools":{"miscellaneous":""},"schema":{"@context":"https:\/\/schema.org","@graph":[{"@type":"BlogPosting","@id":"https:\/\/ejornais.com.br\/index.php\/2025\/09\/27\/inss-faz-mutirao-de-pericia-em-35-cidades-veja-locais\/#blogposting","name":"INSS faz mutir\u00e3o de per\u00edcia em 35 cidades; veja locais - eJornais","headline":"INSS faz mutir\u00e3o de per\u00edcia em 35 cidades; veja locais","author":{"@id":"https:\/\/ejornais.com.br\/index.php\/author\/admin1\/#author"},"publisher":{"@id":"https:\/\/ejornais.com.br\/#organization"},"datePublished":"2025-09-27T09:12:40-03:00","dateModified":"2025-09-27T09:12:40-03:00","inLanguage":"pt-BR","mainEntityOfPage":{"@id":"https:\/\/ejornais.com.br\/index.php\/2025\/09\/27\/inss-faz-mutirao-de-pericia-em-35-cidades-veja-locais\/#webpage"},"isPartOf":{"@id":"https:\/\/ejornais.com.br\/index.php\/2025\/09\/27\/inss-faz-mutirao-de-pericia-em-35-cidades-veja-locais\/#webpage"},"articleSection":"Cat\u00e1logo de Jornais"},{"@type":"BreadcrumbList","@id":"https:\/\/ejornais.com.br\/index.php\/2025\/09\/27\/inss-faz-mutirao-de-pericia-em-35-cidades-veja-locais\/#breadcrumblist","itemListElement":[{"@type":"ListItem","@id":"https:\/\/ejornais.com.br#listItem","position":1,"name":"In\u00edcio","item":"https:\/\/ejornais.com.br","nextItem":{"@type":"ListItem","@id":"https:\/\/ejornais.com.br\/index.php\/category\/ejornais\/#listItem","name":"Cat\u00e1logo de Jornais"}},{"@type":"ListItem","@id":"https:\/\/ejornais.com.br\/index.php\/category\/ejornais\/#listItem","position":2,"name":"Cat\u00e1logo de Jornais","item":"https:\/\/ejornais.com.br\/index.php\/category\/ejornais\/","nextItem":{"@type":"ListItem","@id":"https:\/\/ejornais.com.br\/index.php\/2025\/09\/27\/inss-faz-mutirao-de-pericia-em-35-cidades-veja-locais\/#listItem","name":"INSS faz mutir\u00e3o de per\u00edcia em 35 cidades; veja locais"},"previousItem":{"@type":"ListItem","@id":"https:\/\/ejornais.com.br#listItem","name":"In\u00edcio"}},{"@type":"ListItem","@id":"https:\/\/ejornais.com.br\/index.php\/2025\/09\/27\/inss-faz-mutirao-de-pericia-em-35-cidades-veja-locais\/#listItem","position":3,"name":"INSS faz mutir\u00e3o de per\u00edcia em 35 cidades; veja locais","previousItem":{"@type":"ListItem","@id":"https:\/\/ejornais.com.br\/index.php\/category\/ejornais\/#listItem","name":"Cat\u00e1logo de Jornais"}}]},{"@type":"Organization","@id":"https:\/\/ejornais.com.br\/#organization","name":"eJornais","description":"Cat\u00e1logo de Jornais no mundo, Not\u00edcias, Blog e Esportes ao vivo","url":"https:\/\/ejornais.com.br\/"},{"@type":"Person","@id":"https:\/\/ejornais.com.br\/index.php\/author\/admin1\/#author","url":"https:\/\/ejornais.com.br\/index.php\/author\/admin1\/","name":"admin1","image":{"@type":"ImageObject","@id":"https:\/\/ejornais.com.br\/index.php\/2025\/09\/27\/inss-faz-mutirao-de-pericia-em-35-cidades-veja-locais\/#authorImage","url":"https:\/\/secure.gravatar.com\/avatar\/04084e6d73c042b8646e7c17b494073bf0ede3ea13c7105cfc45cbbbc28385a4?s=96&d=mm&r=g","width":96,"height":96,"caption":"admin1"}},{"@type":"WebPage","@id":"https:\/\/ejornais.com.br\/index.php\/2025\/09\/27\/inss-faz-mutirao-de-pericia-em-35-cidades-veja-locais\/#webpage","url":"https:\/\/ejornais.com.br\/index.php\/2025\/09\/27\/inss-faz-mutirao-de-pericia-em-35-cidades-veja-locais\/","name":"INSS faz mutir\u00e3o de per\u00edcia em 35 cidades; veja locais - eJornais","description":"Por MRNews O INSS promove neste fim de semana, dias 27 e 28 de setembro, um mutir\u00e3o de per\u00edcia m\u00e9dica em 35 cidades. O Minist\u00e9rio da Previd\u00eancia Social calcula que cerca de 5 mil pessoas ser\u00e3o beneficiadas. A maior parte dos atendimentos ser\u00e1 feita por meio de telemedicina (per\u00edcia conectada), o que deve ampliar o acesso","inLanguage":"pt-BR","isPartOf":{"@id":"https:\/\/ejornais.com.br\/#website"},"breadcrumb":{"@id":"https:\/\/ejornais.com.br\/index.php\/2025\/09\/27\/inss-faz-mutirao-de-pericia-em-35-cidades-veja-locais\/#breadcrumblist"},"author":{"@id":"https:\/\/ejornais.com.br\/index.php\/author\/admin1\/#author"},"creator":{"@id":"https:\/\/ejornais.com.br\/index.php\/author\/admin1\/#author"},"datePublished":"2025-09-27T09:12:40-03:00","dateModified":"2025-09-27T09:12:40-03:00"},{"@type":"WebSite","@id":"https:\/\/ejornais.com.br\/#website","url":"https:\/\/ejornais.com.br\/","name":"eJornais","description":"Cat\u00e1logo de Jornais no mundo, Not\u00edcias, Blog e Esportes ao vivo","inLanguage":"pt-BR","publisher":{"@id":"https:\/\/ejornais.com.br\/#organization"}}]},"og:locale":"pt_BR","og:site_name":"eJornais - Cat\u00e1logo de Jornais no mundo, Not\u00edcias, Blog e Esportes ao vivo","og:type":"article","og:title":"INSS faz mutir\u00e3o de per\u00edcia em 35 cidades; veja locais - eJornais","og:description":"Por MRNews O INSS promove neste fim de semana, dias 27 e 28 de setembro, um mutir\u00e3o de per\u00edcia m\u00e9dica em 35 cidades. O Minist\u00e9rio da Previd\u00eancia Social calcula que cerca de 5 mil pessoas ser\u00e3o beneficiadas. A maior parte dos atendimentos ser\u00e1 feita por meio de telemedicina (per\u00edcia conectada), o que deve ampliar o acesso","og:url":"https:\/\/ejornais.com.br\/index.php\/2025\/09\/27\/inss-faz-mutirao-de-pericia-em-35-cidades-veja-locais\/","article:published_time":"2025-09-27T12:12:40+00:00","article:modified_time":"2025-09-27T12:12:40+00:00","twitter:card":"summary_large_image","twitter:title":"INSS faz mutir\u00e3o de per\u00edcia em 35 cidades; veja locais - eJornais","twitter:description":"Por MRNews O INSS promove neste fim de semana, dias 27 e 28 de setembro, um mutir\u00e3o de per\u00edcia m\u00e9dica em 35 cidades. O Minist\u00e9rio da Previd\u00eancia Social calcula que cerca de 5 mil pessoas ser\u00e3o beneficiadas. A maior parte dos atendimentos ser\u00e1 feita por meio de telemedicina (per\u00edcia conectada), o que deve ampliar o acesso"},"aioseo_meta_data":{"post_id":"53083","title":null,"description":null,"keywords":null,"keyphrases":null,"primary_term":null,"canonical_url":null,"og_title":null,"og_description":null,"og_object_type":"default","og_image_type":"default","og_image_url":null,"og_image_width":null,"og_image_height":null,"og_image_custom_url":null,"og_image_custom_fields":null,"og_video":null,"og_custom_url":null,"og_article_section":null,"og_article_tags":null,"twitter_use_og":false,"twitter_card":"default","twitter_image_type":"default","twitter_image_url":null,"twitter_image_custom_url":null,"twitter_image_custom_fields":null,"twitter_title":null,"twitter_description":null,"schema":{"blockGraphs":[],"customGraphs":[],"default":{"data":{"Article":[],"Course":[],"Dataset":[],"FAQPage":[],"Movie":[],"Person":[],"Product":[],"ProductReview":[],"Car":[],"Recipe":[],"Service":[],"SoftwareApplication":[],"WebPage":[]},"graphName":"","isEnabled":true},"graphs":[]},"schema_type":"default","schema_type_options":null,"pillar_content":false,"robots_default":true,"robots_noindex":false,"robots_noarchive":false,"robots_nosnippet":false,"robots_nofollow":false,"robots_noimageindex":false,"robots_noodp":false,"robots_notranslate":false,"robots_max_snippet":null,"robots_max_videopreview":null,"robots_max_imagepreview":"large","priority":null,"frequency":null,"local_seo":null,"breadcrumb_settings":null,"limit_modified_date":false,"ai":null,"created":"2025-09-27 12:21:37","updated":"2025-09-27 12:21:37","seo_analyzer_scan_date":null,"focus_keyword":null,"additional_keywords":null,"truseo_locale":null},"aioseo_breadcrumb":"<div class=\"aioseo-breadcrumbs\"><span class=\"aioseo-breadcrumb\">\n\t\t\t<a href=\"https:\/\/ejornais.com.br\" title=\"In\u00edcio\">In\u00edcio<\/a>\n\t\t<\/span><span class=\"aioseo-breadcrumb-separator\">&raquo;<\/span><span class=\"aioseo-breadcrumb\">\n\t\t\t<a href=\"https:\/\/ejornais.com.br\/index.php\/category\/ejornais\/\" title=\"Cat\u00e1logo de Jornais\">Cat\u00e1logo de Jornais<\/a>\n\t\t<\/span><span class=\"aioseo-breadcrumb-separator\">&raquo;<\/span><span class=\"aioseo-breadcrumb\">\n\t\t\tINSS faz mutir\u00e3o de per\u00edcia em 35 cidades; veja locais\n\t\t<\/span><\/div>","aioseo_breadcrumb_json":[{"label":"In\u00edcio","link":"https:\/\/ejornais.com.br"},{"label":"Cat\u00e1logo de Jornais","link":"https:\/\/ejornais.com.br\/index.php\/category\/ejornais\/"},{"label":"INSS faz mutir\u00e3o de per\u00edcia em 35 cidades; veja locais","link":"https:\/\/ejornais.com.br\/index.php\/2025\/09\/27\/inss-faz-mutirao-de-pericia-em-35-cidades-veja-locais\/"}],"amp_enabled":true,"_links":{"self":[{"href":"https:\/\/ejornais.com.br\/index.php\/wp-json\/wp\/v2\/posts\/53083","targetHints":{"allow":["GET"]}}],"collection":[{"href":"https:\/\/ejornais.com.br\/index.php\/wp-json\/wp\/v2\/posts"}],"about":[{"href":"https:\/\/ejornais.com.br\/index.php\/wp-json\/wp\/v2\/types\/post"}],"author":[{"embeddable":true,"href":"https:\/\/ejornais.com.br\/index.php\/wp-json\/wp\/v2\/users\/2"}],"replies":[{"embeddable":true,"href":"https:\/\/ejornais.com.br\/index.php\/wp-json\/wp\/v2\/comments?post=53083"}],"version-history":[{"count":0,"href":"https:\/\/ejornais.com.br\/index.php\/wp-json\/wp\/v2\/posts\/53083\/revisions"}],"wp:attachment":[{"href":"https:\/\/ejornais.com.br\/index.php\/wp-json\/wp\/v2\/media?parent=53083"}],"wp:term":[{"taxonomy":"category","embeddable":true,"href":"https:\/\/ejornais.com.br\/index.php\/wp-json\/wp\/v2\/categories?post=53083"},{"taxonomy":"post_tag","embeddable":true,"href":"https:\/\/ejornais.com.br\/index.php\/wp-json\/wp\/v2\/tags?post=53083"}],"curies":[{"name":"wp","href":"https:\/\/api.w.org\/{rel}","templated":true}]}}