{"id":53097,"date":"2025-09-27T15:58:48","date_gmt":"2025-09-27T18:58:48","guid":{"rendered":"https:\/\/ejornais.com.br\/index.php\/2025\/09\/27\/show-inedito-de-arrigo-barnabe-e-atracao-do-cena-musical-na-tv-brasil\/"},"modified":"2025-09-27T15:58:48","modified_gmt":"2025-09-27T18:58:48","slug":"show-inedito-de-arrigo-barnabe-e-atracao-do-cena-musical-na-tv-brasil","status":"publish","type":"post","link":"https:\/\/ejornais.com.br\/index.php\/2025\/09\/27\/show-inedito-de-arrigo-barnabe-e-atracao-do-cena-musical-na-tv-brasil\/","title":{"rendered":"Show in\u00e9dito de\u00a0Arrigo Barnab\u00e9 \u00e9 atra\u00e7\u00e3o do Cena Musical, na TV Brasil"},"content":{"rendered":"<p> Por MRNews<br \/>\n<\/p>\n<div wp_automatic_readability=\"98.731570920183\">\n<p>O programa <em>Cena Musical<\/em>, da <strong>TV Brasil<\/strong>, mostra um espet\u00e1culo in\u00e9dito do <strong>cantor, compositor e pianista paranaense Arrigo Barnab\u00e9<\/strong>. A apresenta\u00e7\u00e3o exclusiva comemora os 45 anos do LP <em>Clara Crocodilo<\/em>, disco marcante do artista, lan\u00e7ado em 1980 e considerado marco inicial da Vanguarda Paulista. <strong>O<em> show<\/em> ganha janela na telinha da emissora p\u00fablica na madrugada deste s\u00e1bado (27) para domingo (28), \u00e0 meia-noite.<\/strong><\/p>\n<p>Divisor de \u00e1guas na m\u00fasica brasileira, o \u00e1lbum com oito faixas era dissonante e agressivamente r\u00edtmico. A produ\u00e7\u00e3o musical permanece contempor\u00e2nea mais de quatro d\u00e9cadas ap\u00f3s a estreia ao transgredir costumes e abordar a trajet\u00f3ria de personagens marginais da cidade grande.<\/p>\n<p>Apresentado pela jornalista e cantora Bia Aparecida, o<strong> <em>Cena Musical<\/em> destaca nomes consagrados e novos talentos da cultura nacional<\/strong>. O programa fica dispon\u00edvel no app TV Brasil Play e no YouTube do canal. As performances s\u00e3o gravadas pela emissora no Espa\u00e7o Cultural BNDES, no Rio de Janeiro. O especial com Arrigo Barnab\u00e9 foi registrado no local em maio deste ano.<\/p>\n<p><strong><a href=\"https:\/\/mrnews.com.br\/index.php\/2025\/09\/27\/com-mais-3-medalhas-brasil-fecha-mundial-de-natacao-paralimpica\/\">Com mais 3 medalhas, Brasil fecha Mundial de Nata\u00e7\u00e3o Paral\u00edmpica<\/a><\/strong><\/p>\n<p><strong><a href=\"https:\/\/mrnews.com.br\/index.php\/2025\/09\/27\/morre-aos-82-anos-julio-iglesias-italiano-icone-das-baladas-romanticas\/\">Morre aos 82 anos Julio Iglesias italiano, \u00edcone das baladas rom\u00e2nticas<\/a><\/strong><\/p>\n<p>Nesta edi\u00e7\u00e3o do <em>Cena Musical<\/em>, o <strong>artista\u00a0resgata as can\u00e7\u00f5es do seu projeto de estreia junto com a banda Sabor de Veneno<\/strong>. Arrigo Barnab\u00e9 re\u00fane alguns m\u00fasicos que fizeram parte do hist\u00f3rico LP e apresenta uma releitura baseada nas su\u00edtes compostas por ele mesmo no in\u00edcio da d\u00e9cada de 1980.<\/p>\n<p>O veterano executa repert\u00f3rio autoral com todas as m\u00fasicas daquele trabalho, como os sucessos <em>Clara Crocodilo<\/em>, cl\u00e1ssico que d\u00e1 nome ao disco, <em>Divers\u00f5es Eletr\u00f4nicas<\/em>, <em>Orgasmo Total<\/em>, <em>Sabor de Veneno<\/em>, <em>Infort\u00fanio<\/em>\u00a0e <em>Office Boy<\/em>, entre outras obras da carreira.<\/p>\n<p>No palco, Arrigo Barnab\u00e9 \u00e9 acompanhado por um quarteto de grandes instrumentistas. O espet\u00e1culo tem a participa\u00e7\u00e3o dos artistas Paulo Braga (teclado), Mario Aydar (guitarra), Paulo Barnab\u00e9 (bateria) e Gustavo Boni (contrabaixo).<\/p>\n<h2>Sobre o programa<\/h2>\n<p>Lan\u00e7ado em 2007, o <em>Cena Musical<\/em> \u00e9 uma produ\u00e7\u00e3o da <strong>TV Brasil<\/strong> que traz para o p\u00fablico performances in\u00e9ditas da m\u00fasica nacional. Desde 2017, as apresenta\u00e7\u00f5es s\u00e3o gravadas no Espa\u00e7o Cultural BNDES, no Rio de Janeiro. O programa com janela semanal exibe <em>shows<\/em> que revelam e celebram a diversidade e a riqueza da sonoridade brasileira.<\/p>\n<p><strong><a href=\"https:\/\/mrnews.com.br\/index.php\/2025\/09\/27\/saiba-quais-remedios-podem-afetar-seguranca-na-hora-de-dirigir\/\">Saiba quais rem\u00e9dios podem afetar seguran\u00e7a na hora de dirigir<\/a><\/strong><\/p>\n<p><strong><a href=\"https:\/\/mrnews.com.br\/index.php\/2025\/09\/27\/stf-julgara-vinculo-trabalhista-de-motoristas-e-entregadores\/\">STF julgar\u00e1 v\u00ednculo trabalhista de motoristas e entregadores<\/a><\/strong><\/p>\n<p><strong>O comando da atual temporada \u00e9 de Bia Aparecida, cantora, jornalista e apresentadora da emissora p\u00fablica<\/strong>. Na nova leva de epis\u00f3dios, a atra\u00e7\u00e3o re\u00fane performances exclusivas de nomes consagrados de v\u00e1rios g\u00eaneros.<\/p>\n<p>Com dire\u00e7\u00e3o de Ma\u00edra de Assis e Waldecir de Oliveira, o <em>Cena Musical<\/em> j\u00e1 acompanhou personalidades como Elba Ramalho, Francis Hime, Olivia Hime, Geraldo Azevedo, Gilson Peranzzetta e Jards Macal\u00e9, al\u00e9m dos grupos MPB4 e Quarteto do Rio. Outras astros e talentos da nova gera\u00e7\u00e3o participam dos pr\u00f3ximos programas.<\/p>\n<h2>Ao vivo e <em>on demand<\/em><\/h2>\n<p>Acompanhe a programa\u00e7\u00e3o da <strong>TV Brasil <\/strong>pelo canal aberto, TV por assinatura e parab\u00f3lica. Sintonize: https:\/\/tvbrasil.ebc.com.br\/comosintonizar.<\/p>\n<p>Seus programas favoritos est\u00e3o no TV Brasil Play, pelo <em>site<\/em> http:\/\/tvbrasilplay.com.br ou por aplicativo no <em>smartphone<\/em>. O app pode ser baixado gratuitamente e est\u00e1 dispon\u00edvel para Android e iOS. Assista tamb\u00e9m pela WebTV: https:\/\/tvbrasil.ebc.com.br\/webtv.<\/p>\n<h2>Servi\u00e7o<\/h2>\n<p><em>Cena Musical<\/em> \u2013 s\u00e1bado, dia 27\/9, para domingo, dia 28\/9, \u00e0 meia-noite, na <strong>TV Brasil<\/strong><\/p>\n<h2><strong>TV Brasil<\/strong> na internet e nas redes sociais<\/h2>\n<p>Site \u2013 https:\/\/tvbrasil.ebc.com.br<br \/>Facebook \u2013 https:\/\/www.facebook.com\/tvbrasil<br \/>Instagram \u2013 https:\/\/www.instagram.com\/tvbrasil<br \/>YouTube \u2013 https:\/\/www.youtube.com\/tvbrasil<br \/>X \u2013 https:\/\/x.com\/TVBrasil<br \/>TikTok \u2013 https:\/\/www.tiktok.com\/@tvbrasil<br \/>TV Brasil Play \u2013 http:\/\/tvbrasilplay.com.br\u00a0<\/p>\n<\/div>\n<p><script async src=\"\/\/www.instagram.com\/embed.js\"><\/script><script async src=\"\/\/www.tiktok.com\/embed.js\"><\/script><\/p>\n","protected":false},"excerpt":{"rendered":"<p>Por MRNews O programa Cena Musical, da TV Brasil, mostra um espet\u00e1culo in\u00e9dito do cantor, compositor e pianista paranaense Arrigo<\/p>\n","protected":false},"author":2,"featured_media":0,"comment_status":"","ping_status":"","sticky":false,"template":"","format":"standard","meta":{"colormag_page_container_layout":"default_layout","colormag_page_sidebar_layout":"default_layout","footnotes":""},"categories":[1],"tags":[],"class_list":["post-53097","post","type-post","status-publish","format-standard","hentry","category-ejornais"],"aioseo_notices":[],"amp_enabled":true,"_links":{"self":[{"href":"https:\/\/ejornais.com.br\/index.php\/wp-json\/wp\/v2\/posts\/53097","targetHints":{"allow":["GET"]}}],"collection":[{"href":"https:\/\/ejornais.com.br\/index.php\/wp-json\/wp\/v2\/posts"}],"about":[{"href":"https:\/\/ejornais.com.br\/index.php\/wp-json\/wp\/v2\/types\/post"}],"author":[{"embeddable":true,"href":"https:\/\/ejornais.com.br\/index.php\/wp-json\/wp\/v2\/users\/2"}],"replies":[{"embeddable":true,"href":"https:\/\/ejornais.com.br\/index.php\/wp-json\/wp\/v2\/comments?post=53097"}],"version-history":[{"count":0,"href":"https:\/\/ejornais.com.br\/index.php\/wp-json\/wp\/v2\/posts\/53097\/revisions"}],"wp:attachment":[{"href":"https:\/\/ejornais.com.br\/index.php\/wp-json\/wp\/v2\/media?parent=53097"}],"wp:term":[{"taxonomy":"category","embeddable":true,"href":"https:\/\/ejornais.com.br\/index.php\/wp-json\/wp\/v2\/categories?post=53097"},{"taxonomy":"post_tag","embeddable":true,"href":"https:\/\/ejornais.com.br\/index.php\/wp-json\/wp\/v2\/tags?post=53097"}],"curies":[{"name":"wp","href":"https:\/\/api.w.org\/{rel}","templated":true}]}}