{"id":53353,"date":"2025-10-02T06:38:44","date_gmt":"2025-10-02T09:38:44","guid":{"rendered":"https:\/\/ejornais.com.br\/index.php\/2025\/10\/02\/ses-reforca-importancia-da-saude-unica-na-formacao-de-novos-profissionais-agencia-de-noticias-do-governo-de-mato-grosso-do-sul\/"},"modified":"2025-10-02T06:38:44","modified_gmt":"2025-10-02T09:38:44","slug":"ses-reforca-importancia-da-saude-unica-na-formacao-de-novos-profissionais-agencia-de-noticias-do-governo-de-mato-grosso-do-sul","status":"publish","type":"post","link":"https:\/\/ejornais.com.br\/index.php\/2025\/10\/02\/ses-reforca-importancia-da-saude-unica-na-formacao-de-novos-profissionais-agencia-de-noticias-do-governo-de-mato-grosso-do-sul\/","title":{"rendered":"SES refor\u00e7a import\u00e2ncia da Sa\u00fade \u00danica na forma\u00e7\u00e3o de novos profissionais \u2013 Ag\u00eancia de Noticias do Governo de Mato Grosso do Sul"},"content":{"rendered":"<p><\/p>\n<div>\n<p style=\"text-align: center;\"><em>Estudantes do Ensino M\u00e9dio conheceram na Feira das Profiss\u00f5es como a Sa\u00fade \u00danica integra cuidado com pessoas, animais e meio ambiente<\/em><\/p>\n<p>A SES (Secretaria de Estado de Sa\u00fade) participou da Feira das Profiss\u00f5es da Unigran Capital, em Campo Grande, destacando para os estudantes do Ensino M\u00e9dio a relev\u00e2ncia da Sa\u00fade \u00danica na forma\u00e7\u00e3o de profissionais conscientes.<\/p>\n<p>No estande do curso de Agronomia, a Coordenadoria de Sa\u00fade \u00danica da SES apresentou como a aplica\u00e7\u00e3o pr\u00e1tica desse conceito contribui para a prote\u00e7\u00e3o da sa\u00fade das pessoas, dos animais e do meio ambiente, despertando o interesse dos jovens e mostrando o impacto real da atua\u00e7\u00e3o profissional.<\/p>\n<p>\u201cQuando o futuro profissional compreende, desde a forma\u00e7\u00e3o, a responsabilidade de atuar de forma consciente, avan\u00e7amos n\u00e3o apenas na preserva\u00e7\u00e3o do ambiente e da sa\u00fade animal, mas tamb\u00e9m na promo\u00e7\u00e3o da sa\u00fade coletiva. Essa vis\u00e3o integrada chamou a aten\u00e7\u00e3o dos estudantes, que muitas vezes n\u00e3o associam a forma\u00e7\u00e3o acad\u00eamica ao cuidado com a sa\u00fade\u201d, destacou Danila Frias, Coordenadora de Sa\u00fade \u00danica da SES.<\/p>\n<p>Realizada na \u00faltima semana, a Feira das Profiss\u00f5es reuniu centenas de alunos dos terceiros anos de escolas p\u00fablicas e privadas da Capital. Al\u00e9m de conhecer diferentes \u00e1reas de conhecimento, os participantes tiveram contato direto com profissionais e docentes, ampliando a compreens\u00e3o sobre oportunidades de carreira e seu impacto na sociedade.<\/p>\n<p>Com a participa\u00e7\u00e3o na iniciativa, a SES refor\u00e7a seu compromisso em estimular escolhas conscientes e promover a conscientiza\u00e7\u00e3o sobre o conceito de Sa\u00fade \u00danica, valorizando a integra\u00e7\u00e3o entre educa\u00e7\u00e3o, ci\u00eancia e sa\u00fade em Mato Grosso do Sul.<\/p>\n<p><strong>Sa\u00fade \u00danica \u00e9 modelo pioneiro <\/strong><\/p>\n<p>Reconhecido internacionalmente pela Universidade de C\u00f3rdoba, na Col\u00f4mbia, Mato Grosso do Sul se tornou refer\u00eancia na ado\u00e7\u00e3o do modelo de Sa\u00fade \u00danica, abordagem que integra sa\u00fade humana, animal e ambiental de forma interdependente. Essa conquista refor\u00e7a o protagonismo do estado na constru\u00e7\u00e3o de pol\u00edticas p\u00fablicas inovadoras e na difus\u00e3o de boas pr\u00e1ticas voltadas para a promo\u00e7\u00e3o da sa\u00fade coletiva.<\/p>\n<p>A estrutura\u00e7\u00e3o do modelo em MS foi consolidada em 2023, com a cria\u00e7\u00e3o da CSU (Coordenadoria de Sa\u00fade \u00danica) no organograma da SES, por meio do Decreto n\u00ba 16.232. A iniciativa fortaleceu a governan\u00e7a, a integra\u00e7\u00e3o entre \u00e1reas e a capacidade de resposta da gest\u00e3o estadual diante de desafios complexos, consolidando o estado como exemplo no cen\u00e1rio nacional e internacional.<\/p>\n<p><em>Dan\u00fabia Burema, Comunica\u00e7\u00e3o SES<br \/>Fotos: Divulga\u00e7\u00e3o\u00a0<\/em><\/p>\n<\/div>\n","protected":false},"excerpt":{"rendered":"<p>Estudantes do Ensino M\u00e9dio conheceram na Feira das Profiss\u00f5es como a Sa\u00fade \u00danica integra cuidado com pessoas, animais e meio<\/p>\n","protected":false},"author":2,"featured_media":0,"comment_status":"","ping_status":"","sticky":false,"template":"","format":"standard","meta":{"colormag_page_container_layout":"default_layout","colormag_page_sidebar_layout":"default_layout","footnotes":""},"categories":[1],"tags":[],"class_list":["post-53353","post","type-post","status-publish","format-standard","hentry","category-ejornais"],"aioseo_notices":[],"amp_enabled":true,"_links":{"self":[{"href":"https:\/\/ejornais.com.br\/index.php\/wp-json\/wp\/v2\/posts\/53353","targetHints":{"allow":["GET"]}}],"collection":[{"href":"https:\/\/ejornais.com.br\/index.php\/wp-json\/wp\/v2\/posts"}],"about":[{"href":"https:\/\/ejornais.com.br\/index.php\/wp-json\/wp\/v2\/types\/post"}],"author":[{"embeddable":true,"href":"https:\/\/ejornais.com.br\/index.php\/wp-json\/wp\/v2\/users\/2"}],"replies":[{"embeddable":true,"href":"https:\/\/ejornais.com.br\/index.php\/wp-json\/wp\/v2\/comments?post=53353"}],"version-history":[{"count":0,"href":"https:\/\/ejornais.com.br\/index.php\/wp-json\/wp\/v2\/posts\/53353\/revisions"}],"wp:attachment":[{"href":"https:\/\/ejornais.com.br\/index.php\/wp-json\/wp\/v2\/media?parent=53353"}],"wp:term":[{"taxonomy":"category","embeddable":true,"href":"https:\/\/ejornais.com.br\/index.php\/wp-json\/wp\/v2\/categories?post=53353"},{"taxonomy":"post_tag","embeddable":true,"href":"https:\/\/ejornais.com.br\/index.php\/wp-json\/wp\/v2\/tags?post=53353"}],"curies":[{"name":"wp","href":"https:\/\/api.w.org\/{rel}","templated":true}]}}