{"id":53416,"date":"2025-10-03T03:39:45","date_gmt":"2025-10-03T06:39:45","guid":{"rendered":"https:\/\/ejornais.com.br\/index.php\/2025\/10\/03\/casa-mae-bebe-realiza-oficina-de-bordado-e-abre-programacao-do-outubro-rosa-no-icv\/"},"modified":"2025-10-03T03:39:45","modified_gmt":"2025-10-03T06:39:45","slug":"casa-mae-bebe-realiza-oficina-de-bordado-e-abre-programacao-do-outubro-rosa-no-icv","status":"publish","type":"post","link":"https:\/\/ejornais.com.br\/index.php\/2025\/10\/03\/casa-mae-bebe-realiza-oficina-de-bordado-e-abre-programacao-do-outubro-rosa-no-icv\/","title":{"rendered":"Casa M\u00e3e Beb\u00ea realiza oficina de bordado e abre programa\u00e7\u00e3o do Outubro Rosa no ICV"},"content":{"rendered":"<p><\/p>\n<div>\n<p>A Casa M\u00e3e Beb\u00ea, que faz parte do Instituto C\u00e2ndida Vargas (ICV), realizou, na tarde desta quinta-feira (2), uma oficina de bordado com as m\u00e3es acolhidas no espa\u00e7o. A atividade marcou a abertura da programa\u00e7\u00e3o da campanha Outubro Rosa na maternidade e foi realizada pela equipe multiprofissional, que envolve setores como psicologia, enfermagem e servi\u00e7o social.<\/p>\n<figure class=\"wp-block-gallery has-nested-images columns-default is-cropped wp-block-gallery-1 is-layout-flex wp-block-gallery-is-layout-flex\">\n<figure class=\"wp-block-image size-large\"><\/figure>\n<figure class=\"wp-block-image size-large\"><\/figure>\n<\/figure>\n<p>O objetivo da oficina \u00e9 promover momentos de integra\u00e7\u00e3o e cuidado com as m\u00e3es, mostrando o compromisso que a maternidade tem no atendimento humanizado e integral \u00e0s mulheres acolhidas de diversos munic\u00edpios do Estado, garantindo afeto e seguran\u00e7a.<\/p>\n<p>A coordenadora da Casa M\u00e3e Beb\u00ea, W\u00eania Ramalho, destacou a import\u00e2ncia da a\u00e7\u00e3o como forma de acolhimento e ocupa\u00e7\u00e3o saud\u00e1vel para as pu\u00e9rperas. \u201cAtividades como essa t\u00eam um papel fundamental no processo de cuidado das nossas m\u00e3es. Elas ajudam a ocupar o tempo de forma positiva, estimulam a criatividade e oferecem um momento de descontra\u00e7\u00e3o e troca de experi\u00eancias. Esse apoio faz toda diferen\u00e7a no bem-estar delas e reflete tamb\u00e9m no v\u00ednculo com seus beb\u00eas\u201d, afirmou.<\/p>\n<figure class=\"wp-block-gallery has-nested-images columns-default is-cropped wp-block-gallery-2 is-layout-flex wp-block-gallery-is-layout-flex\">\n<figure class=\"wp-block-image size-large\"><\/figure>\n<\/figure>\n<p>Maria das Gra\u00e7as, m\u00e3e de uma paciente da maternidade, falou sobre a experi\u00eancia de participar da atividade. \u201cMinha filha Luana Martins est\u00e1 na UTI e a bebezinha dela est\u00e1 na UCI. Hoje estive aqui na Casa M\u00e3e Beb\u00ea e recebi todo apoio da equipe. Eles nos ensinaram a fazer toalhinha, bordado, e eu gostei demais. Para mim \u00e9 nota 10\u201d, contou.<\/p>\n<p>A coordenadora da Psicologia do ICV, Poliana N\u00f3brega, tamb\u00e9m refor\u00e7ou o papel da campanha. \u201cO Outubro Rosa \u00e9 um per\u00edodo de conscientiza\u00e7\u00e3o e n\u00f3s aproveitamos para falar de autocuidado, da import\u00e2ncia de se tocar e de procurar os servi\u00e7os de sa\u00fade dispon\u00edveis. A prefeitura oferece os canais para que as mulheres realizem a mamografia gratuitamente e essa preven\u00e7\u00e3o \u00e9 fundamental. Nosso papel aqui \u00e9 apoiar, orientar e cuidar dessas mulheres, para que elas se sintam fortalecidas e seguras\u201d, destacou.<\/p>\n<p><strong>Encontros semanais<\/strong> \u2013 A oficina foi conduzida por Carol Lucena, que ensinou a produ\u00e7\u00e3o de bordado em panos de beb\u00ea, estimulando o aprendizado de uma poss\u00edvel fonte de renda. Os grupos se re\u00fanem semanalmente na Casa M\u00e3e Beb\u00ea, com o objetivo de integrar as m\u00e3es e promover atividades de fortalecimento emocional e social.<\/p>\n<\/p><\/div>\n","protected":false},"excerpt":{"rendered":"<p>A Casa M\u00e3e Beb\u00ea, que faz parte do Instituto C\u00e2ndida Vargas (ICV), realizou, na tarde desta quinta-feira (2), uma oficina<\/p>\n","protected":false},"author":2,"featured_media":0,"comment_status":"","ping_status":"","sticky":false,"template":"","format":"standard","meta":{"colormag_page_container_layout":"default_layout","colormag_page_sidebar_layout":"default_layout","footnotes":""},"categories":[1],"tags":[],"class_list":["post-53416","post","type-post","status-publish","format-standard","hentry","category-ejornais"],"aioseo_notices":[],"amp_enabled":true,"_links":{"self":[{"href":"https:\/\/ejornais.com.br\/index.php\/wp-json\/wp\/v2\/posts\/53416","targetHints":{"allow":["GET"]}}],"collection":[{"href":"https:\/\/ejornais.com.br\/index.php\/wp-json\/wp\/v2\/posts"}],"about":[{"href":"https:\/\/ejornais.com.br\/index.php\/wp-json\/wp\/v2\/types\/post"}],"author":[{"embeddable":true,"href":"https:\/\/ejornais.com.br\/index.php\/wp-json\/wp\/v2\/users\/2"}],"replies":[{"embeddable":true,"href":"https:\/\/ejornais.com.br\/index.php\/wp-json\/wp\/v2\/comments?post=53416"}],"version-history":[{"count":0,"href":"https:\/\/ejornais.com.br\/index.php\/wp-json\/wp\/v2\/posts\/53416\/revisions"}],"wp:attachment":[{"href":"https:\/\/ejornais.com.br\/index.php\/wp-json\/wp\/v2\/media?parent=53416"}],"wp:term":[{"taxonomy":"category","embeddable":true,"href":"https:\/\/ejornais.com.br\/index.php\/wp-json\/wp\/v2\/categories?post=53416"},{"taxonomy":"post_tag","embeddable":true,"href":"https:\/\/ejornais.com.br\/index.php\/wp-json\/wp\/v2\/tags?post=53416"}],"curies":[{"name":"wp","href":"https:\/\/api.w.org\/{rel}","templated":true}]}}