{"id":53473,"date":"2025-10-04T00:35:39","date_gmt":"2025-10-04T03:35:39","guid":{"rendered":"https:\/\/ejornais.com.br\/index.php\/2025\/10\/04\/brasil-mantem-lideranca-do-quadro-de-medalhas\/"},"modified":"2025-10-04T00:35:39","modified_gmt":"2025-10-04T03:35:39","slug":"brasil-mantem-lideranca-do-quadro-de-medalhas","status":"publish","type":"post","link":"https:\/\/ejornais.com.br\/index.php\/2025\/10\/04\/brasil-mantem-lideranca-do-quadro-de-medalhas\/","title":{"rendered":"Brasil mant\u00e9m lideran\u00e7a do quadro de medalhas"},"content":{"rendered":"<p> Por MRNews<br \/>\n<\/p>\n<div wp_automatic_readability=\"27.854838709677\">\n<p>O Brasil manteve a lideran\u00e7a do quadro de medalhas do Campeonato Mundial de atletismo paral\u00edmpico, nesta sexta-feira (3), quando chegou ao total de 37 p\u00f3dios, gra\u00e7as \u00e0 prata do paulista Alessandro Silva no lan\u00e7amento de disco F11 (defici\u00eancia visual).<\/p>\n<p>A dois dias do fim do megaevento esportivo, a delega\u00e7\u00e3o brasileira permanece na lideran\u00e7a do quadro de medalhas com o total de 12 ouros, 18 pratas e sete bronzes. A China \u00e9 a segunda colocada com o total de 38 p\u00f3dios (nove ouros, 16 pratas e 13 bronzes). J\u00e1 a Pol\u00f4nia aparece na terceira coloca\u00e7\u00e3o com oito ouros e 15 medalhas ao todo.<\/p>\n<p>A melhor campanha do Brasil em uma edi\u00e7\u00e3o de Mundial de atletismo paral\u00edmpico foi alcan\u00e7ada no ano de 2024, em Kobe (Jap\u00e3o). Naquela oportunidade a equipe brasileira encerrou a competi\u00e7\u00e3o na segunda posi\u00e7\u00e3o do quadro geral de medalhas, somente atr\u00e1s da China, com o total de 42 p\u00f3dios (19 ouros, 12 pratas e 11 bronzes).<\/p>\n<p><strong><a href=\"https:\/\/mrnews.com.br\/index.php\/2025\/10\/03\/agu-pede-que-redes-sociais-removam-desinformacao-sobre-cnu-2025\/\">AGU pede que redes sociais removam desinforma\u00e7\u00e3o sobre CNU 2025<\/a><\/strong><\/p>\n<p><strong><a href=\"https:\/\/mrnews.com.br\/index.php\/2025\/10\/03\/policia-prende-suspeito-de-adulterar-bebidas-alcoolicas-em-sao-paulo\/\">Pol\u00edcia prende suspeito de adulterar bebidas alco\u00f3licas em S\u00e3o Paulo<\/a><\/strong><\/p>\n<\/div>\n","protected":false},"excerpt":{"rendered":"<p>Por MRNews O Brasil manteve a lideran\u00e7a do quadro de medalhas do Campeonato Mundial de atletismo paral\u00edmpico, nesta sexta-feira (3),<\/p>\n","protected":false},"author":2,"featured_media":0,"comment_status":"","ping_status":"","sticky":false,"template":"","format":"standard","meta":{"colormag_page_container_layout":"default_layout","colormag_page_sidebar_layout":"default_layout","footnotes":""},"categories":[1],"tags":[],"class_list":["post-53473","post","type-post","status-publish","format-standard","hentry","category-ejornais"],"aioseo_notices":[],"amp_enabled":true,"_links":{"self":[{"href":"https:\/\/ejornais.com.br\/index.php\/wp-json\/wp\/v2\/posts\/53473","targetHints":{"allow":["GET"]}}],"collection":[{"href":"https:\/\/ejornais.com.br\/index.php\/wp-json\/wp\/v2\/posts"}],"about":[{"href":"https:\/\/ejornais.com.br\/index.php\/wp-json\/wp\/v2\/types\/post"}],"author":[{"embeddable":true,"href":"https:\/\/ejornais.com.br\/index.php\/wp-json\/wp\/v2\/users\/2"}],"replies":[{"embeddable":true,"href":"https:\/\/ejornais.com.br\/index.php\/wp-json\/wp\/v2\/comments?post=53473"}],"version-history":[{"count":0,"href":"https:\/\/ejornais.com.br\/index.php\/wp-json\/wp\/v2\/posts\/53473\/revisions"}],"wp:attachment":[{"href":"https:\/\/ejornais.com.br\/index.php\/wp-json\/wp\/v2\/media?parent=53473"}],"wp:term":[{"taxonomy":"category","embeddable":true,"href":"https:\/\/ejornais.com.br\/index.php\/wp-json\/wp\/v2\/categories?post=53473"},{"taxonomy":"post_tag","embeddable":true,"href":"https:\/\/ejornais.com.br\/index.php\/wp-json\/wp\/v2\/tags?post=53473"}],"curies":[{"name":"wp","href":"https:\/\/api.w.org\/{rel}","templated":true}]}}