{"id":53492,"date":"2025-10-04T08:41:39","date_gmt":"2025-10-04T11:41:39","guid":{"rendered":"https:\/\/ejornais.com.br\/index.php\/2025\/10\/04\/pgr-envia-ao-stf-parecer-contrario-a-mandato-remoto-no-congresso\/"},"modified":"2025-10-04T08:41:39","modified_gmt":"2025-10-04T11:41:39","slug":"pgr-envia-ao-stf-parecer-contrario-a-mandato-remoto-no-congresso","status":"publish","type":"post","link":"https:\/\/ejornais.com.br\/index.php\/2025\/10\/04\/pgr-envia-ao-stf-parecer-contrario-a-mandato-remoto-no-congresso\/","title":{"rendered":"PGR envia ao STF parecer contr\u00e1rio a mandato remoto no Congresso"},"content":{"rendered":"<p> Por MRNews<br \/>\n<\/p>\n<div wp_automatic_readability=\"51.722715736041\">\n<p>O procurador-geral da Rep\u00fablica, Paulo Gonet, enviou ao Supremo Tribunal Federal (STF) <strong>parecer contr\u00e1rio \u00e0 possiblidade de um parlamentar exercer mandato de forma remota<\/strong>.<\/p>\n<p>A manifesta\u00e7\u00e3o foi anexada nesta quinta-feira (2) ao <strong>mandado de seguran\u00e7a protocolado pela defesa do ex-deputado Chiquinho Braz\u00e3o<\/strong>, r\u00e9u no Supremo pela acusa\u00e7\u00e3o de ser o mandante do assassinato da vereadora Marielle Franco.<\/p>\n<p>Em abril deste ano, a C\u00e2mara dos Deputados cassou o mandato de Braz\u00e3o por faltas \u00e0s sess\u00f5es da Casa. O ex-deputado est\u00e1 preso em fun\u00e7\u00e3o das investiga\u00e7\u00f5es do caso Marielle.<\/p>\n<p><strong><a href=\"https:\/\/mrnews.com.br\/index.php\/2025\/10\/04\/mundial-de-atletismo-brasil-mantem-lideranca-do-quadro-de-medalhas\/\">Mundial de atletismo: Brasil mant\u00e9m lideran\u00e7a do quadro de medalhas<\/a><\/strong><\/p>\n<p><strong><a href=\"https:\/\/mrnews.com.br\/index.php\/2025\/10\/03\/agu-pede-que-redes-sociais-removam-desinformacao-sobre-cnu-2025\/\">AGU pede que redes sociais removam desinforma\u00e7\u00e3o sobre CNU 2025<\/a><\/strong><\/p>\n<p>De acordo com a defesa, as <strong>faltas ocorreram em fun\u00e7\u00e3o da pris\u00e3o preventiva<\/strong> e n\u00e3o podem ser equiparadas \u00e0s faltas injustificadas para cassa\u00e7\u00e3o do mandato.<\/p>\n<p>No entendimento de Gonet, <strong>a Constitui\u00e7\u00e3o definiu que a perda do mandato deve ser declarada no caso de deputados e senadores que faltarem a um ter\u00e7o das sess\u00f5es ordin\u00e1rias<\/strong>, exceto em situa\u00e7\u00f5es de licen\u00e7a ou miss\u00e3o autorizada pelo Congresso.<\/p>\n<blockquote wp_automatic_readability=\"12\">\n<p>\u201cDepreende-se do texto constitucional, portanto, que, como regra, o exerc\u00edcio do mandato parlamentar n\u00e3o prescinde da presen\u00e7a f\u00edsica do deputado ou senador nas sess\u00f5es da respectiva Casa Legislativa\u201d, afirmou Gonet.<\/p>\n<\/blockquote>\n<h2>Eduardo Bolsonaro<\/h2>\n<p><strong>O parecer da PGR corrobora com a decis\u00e3o do presidente da C\u00e2mara dos Deputados, Hugo Motta (Republicanos-PB), que negou pedido do PL para que o deputado Eduardo Bolsonaro (PL-SP) seja nomeado como l\u00edder da minoria na Casa.<\/strong><\/p>\n<p><strong><a href=\"https:\/\/mrnews.com.br\/index.php\/2025\/10\/03\/policia-prende-suspeito-de-adulterar-bebidas-alcoolicas-em-sao-paulo\/\">Pol\u00edcia prende suspeito de adulterar bebidas alco\u00f3licas em S\u00e3o Paulo<\/a><\/strong><\/p>\n<p><strong><a href=\"https:\/\/mrnews.com.br\/index.php\/2025\/10\/03\/cartilha-de-redacao-do-enem-2025-esta-disponivel-para-consulta\/\">Cartilha de reda\u00e7\u00e3o do Enem 2025 est\u00e1 dispon\u00edvel para consulta<\/a><\/strong><\/p>\n<p>A indica\u00e7\u00e3o foi uma tentativa da oposi\u00e7\u00e3o de livrar o deputado de faltas por n\u00e3o participar presencialmente das sess\u00f5es da Casa. L\u00edderes n\u00e3o s\u00e3o obrigados a registrar presen\u00e7a em plen\u00e1rio.<\/p>\n<p>Eduardo est\u00e1 no Estados Unidos desde fevereiro e \u00e9 acusado de fomentar as san\u00e7\u00f5es comerciais do governo do presidente Donald Trump contra as exporta\u00e7\u00f5es brasileiras, a aplica\u00e7\u00e3o da Lei\u00a0Magnitsky e a suspens\u00e3o de vistos dos ministros da Corte e integrantes do governo federal.<\/p>\n<p>Ao deixar o pa\u00eds, o parlamentar solicitou licen\u00e7a de 120 dias, que terminou no dia 20 de julho.<\/p>\n<\/div>\n","protected":false},"excerpt":{"rendered":"<p>Por MRNews O procurador-geral da Rep\u00fablica, Paulo Gonet, enviou ao Supremo Tribunal Federal (STF) parecer contr\u00e1rio \u00e0 possiblidade de um<\/p>\n","protected":false},"author":2,"featured_media":0,"comment_status":"","ping_status":"","sticky":false,"template":"","format":"standard","meta":{"colormag_page_container_layout":"default_layout","colormag_page_sidebar_layout":"default_layout","footnotes":""},"categories":[1],"tags":[],"class_list":["post-53492","post","type-post","status-publish","format-standard","hentry","category-ejornais"],"aioseo_notices":[],"amp_enabled":true,"_links":{"self":[{"href":"https:\/\/ejornais.com.br\/index.php\/wp-json\/wp\/v2\/posts\/53492","targetHints":{"allow":["GET"]}}],"collection":[{"href":"https:\/\/ejornais.com.br\/index.php\/wp-json\/wp\/v2\/posts"}],"about":[{"href":"https:\/\/ejornais.com.br\/index.php\/wp-json\/wp\/v2\/types\/post"}],"author":[{"embeddable":true,"href":"https:\/\/ejornais.com.br\/index.php\/wp-json\/wp\/v2\/users\/2"}],"replies":[{"embeddable":true,"href":"https:\/\/ejornais.com.br\/index.php\/wp-json\/wp\/v2\/comments?post=53492"}],"version-history":[{"count":0,"href":"https:\/\/ejornais.com.br\/index.php\/wp-json\/wp\/v2\/posts\/53492\/revisions"}],"wp:attachment":[{"href":"https:\/\/ejornais.com.br\/index.php\/wp-json\/wp\/v2\/media?parent=53492"}],"wp:term":[{"taxonomy":"category","embeddable":true,"href":"https:\/\/ejornais.com.br\/index.php\/wp-json\/wp\/v2\/categories?post=53492"},{"taxonomy":"post_tag","embeddable":true,"href":"https:\/\/ejornais.com.br\/index.php\/wp-json\/wp\/v2\/tags?post=53492"}],"curies":[{"name":"wp","href":"https:\/\/api.w.org\/{rel}","templated":true}]}}