{"id":53634,"date":"2025-10-07T06:29:40","date_gmt":"2025-10-07T09:29:40","guid":{"rendered":"https:\/\/ejornais.com.br\/index.php\/2025\/10\/07\/campeonato-de-escolinhas-de-futebol-kids-comeca-com-festa-desfile-e-disputas-em-campo\/"},"modified":"2025-10-07T06:29:40","modified_gmt":"2025-10-07T09:29:40","slug":"campeonato-de-escolinhas-de-futebol-kids-comeca-com-festa-desfile-e-disputas-em-campo","status":"publish","type":"post","link":"https:\/\/ejornais.com.br\/index.php\/2025\/10\/07\/campeonato-de-escolinhas-de-futebol-kids-comeca-com-festa-desfile-e-disputas-em-campo\/","title":{"rendered":"Campeonato de Escolinhas de Futebol Kids come\u00e7a com festa, desfile e disputas em campo"},"content":{"rendered":"<p><\/p>\n<div>\n<p>O m\u00eas das crian\u00e7as come\u00e7ou com bola rolando em Jo\u00e3o Pessoa. A Prefeitura, por meio da Secretaria de Juventude, Esporte e Recrea\u00e7\u00e3o (Sejer), deu in\u00edcio neste fim de semana ao 1\u00ba Campeonato de Escolinhas de Futebol \u2014 Jo\u00e3o Pessoa Futebol Kids, uma celebra\u00e7\u00e3o esportiva voltada para jovens das categorias Sub-11 e Sub-13.<\/p>\n<figure class=\"wp-block-gallery has-nested-images columns-default is-cropped wp-block-gallery-1 is-layout-flex wp-block-gallery-is-layout-flex\">\n<figure class=\"wp-block-image size-large\"><\/figure>\n<figure class=\"wp-block-image size-large\"><\/figure>\n<figure class=\"wp-block-image size-large\"><\/figure>\n<figure class=\"wp-block-image size-large\"><\/figure>\n<figure class=\"wp-block-image size-large\"><\/figure>\n<figure class=\"wp-block-image size-large\"><\/figure>\n<\/figure>\n<p>A abertura do torneio foi marcada por um desfile dos times, animado pela banda marcial da Escola Municipal Zulmira de Novais. As 18 escolas inscritas participaram do evento, que tamb\u00e9m contou com uma \u00e1rea de lazer para as crian\u00e7as, com lanches e brinquedos, tornando o dia ainda mais especial para os atletas e suas fam\u00edlias.<\/p>\n<p>Segundo o secret\u00e1rio de Juventude, Esporte e Recrea\u00e7\u00e3o, Zezinho Botafogo, o momento foi de pura emo\u00e7\u00e3o. \u201cFoi com muita alegria que demos o pontap\u00e9 dessa competi\u00e7\u00e3o. Foi emocionante ver tantas crian\u00e7as e jovens vivendo esse momento com entusiasmo, uni\u00e3o e amor pelo esporte. O futebol \u00e9 mais do que um jogo, \u00e9 forma\u00e7\u00e3o, conviv\u00eancia e esperan\u00e7a em um futuro melhor\u201d, ressaltou.<\/p>\n<p>A bola rolou pela categoria Sub-11 com dois confrontos que abriram oficialmente a competi\u00e7\u00e3o. Se enfrentaram as equipes do Tottenham 0 x 2 Unidos do Colinas; e Viva Sonho Meu 0 x 4 Cruzeiro.<\/p>\n<figure class=\"wp-block-gallery has-nested-images columns-default is-cropped wp-block-gallery-2 is-layout-flex wp-block-gallery-is-layout-flex\">\n<figure class=\"wp-block-image size-large\"><\/figure>\n<figure class=\"wp-block-image size-large\"><\/figure>\n<\/figure>\n<p>O torneio continua no pr\u00f3ximo s\u00e1bado (11), com duas partidas pela manh\u00e3, na categoria Sub-11, e quatro \u00e0 tarde, na categoria Sub-13, realizadas simultaneamente na Arena Marquise e Arena da Gra\u00e7a.<\/p>\n<p><strong>Competi\u00e7\u00e3o <\/strong>\u2013 Com a participa\u00e7\u00e3o exclusiva de escolinhas, sem a presen\u00e7a de clubes ou atletas federados, o Jo\u00e3o Pessoa Futebol Kids tem como objetivo incentivar a base e garantir igualdade entre os participantes.<\/p>\n<figure class=\"wp-block-gallery has-nested-images columns-default is-cropped wp-block-gallery-3 is-layout-flex wp-block-gallery-is-layout-flex\">\n<figure class=\"wp-block-image size-large\"><\/figure>\n<figure class=\"wp-block-image size-large\"><\/figure>\n<\/figure>\n<p>As inscri\u00e7\u00f5es foram gratuitas, realizadas pelo aplicativo \u2018Na Palma da M\u00e3o\u2019, permitindo que cada escolinha inscrevesse at\u00e9 20 atletas por categoria. O campeonato acontece ao longo do m\u00eas de outubro, com as finais das duas categorias marcadas para o dia 1\u00ba de novembro.<\/p>\n<p><strong>Confira os jogos do pr\u00f3ximo s\u00e1bado (11 de outubro)<\/strong><\/p>\n<p><strong>Categoria: Sub-11<\/strong><\/p>\n<p>Local: Arena da Gra\u00e7a<\/p>\n<p>8h \u2013 Grupo A: Unidos Colinas \u00d7 Lara Madri (Jogo 4);<\/p>\n<p>9h \u2013 Grupo B: Cruzeiro M8 \u00d7 Vila Ol\u00edmpica PB.<\/p>\n<p><strong>Categoria: Sub-13<\/strong><\/p>\n<p>Local: Arena Marquise<\/p>\n<p>15h \u2013 Grupo A \u2013 Cteles \u00d7 Vila Ol\u00edmpica PB (Jogo 2);<\/p>\n<p>16h \u2013 Grupo B \u2013 PFH \u00d7 Unidos Colinas (Jogo 3).<\/p>\n<p>Local: Arena da Gra\u00e7a<\/p>\n<p>15h \u2013 Grupo C \u2013 Desportivo PB \u00d7 Viva Sonho Meu (Jogo 4);<\/p>\n<p>16h \u2013 Grupo D \u2013 Cruzeiro M8 \u00d7 Tottenham.<\/p>\n<\/p><\/div>\n","protected":false},"excerpt":{"rendered":"<p>O m\u00eas das crian\u00e7as come\u00e7ou com bola rolando em Jo\u00e3o Pessoa. A Prefeitura, por meio da Secretaria de Juventude, Esporte<\/p>\n","protected":false},"author":2,"featured_media":0,"comment_status":"","ping_status":"","sticky":false,"template":"","format":"standard","meta":{"colormag_page_container_layout":"default_layout","colormag_page_sidebar_layout":"default_layout","footnotes":""},"categories":[1],"tags":[],"class_list":["post-53634","post","type-post","status-publish","format-standard","hentry","category-ejornais"],"aioseo_notices":[],"aioseo_head":"\n\t\t<!-- All in One SEO 5.0.1.1 - aioseo.com -->\n\t<meta name=\"description\" content=\"O m\u00eas das crian\u00e7as come\u00e7ou com bola rolando em Jo\u00e3o Pessoa. A Prefeitura, por meio da Secretaria de Juventude, Esporte e Recrea\u00e7\u00e3o (Sejer), deu in\u00edcio neste fim de semana ao 1\u00ba Campeonato de Escolinhas de Futebol \u2014 Jo\u00e3o Pessoa Futebol Kids, uma celebra\u00e7\u00e3o esportiva voltada para jovens das categorias Sub-11 e Sub-13. A abertura do\" \/>\n\t<meta name=\"robots\" content=\"max-image-preview:large\" \/>\n\t<meta name=\"author\" content=\"admin1\"\/>\n\t<link rel=\"canonical\" href=\"https:\/\/ejornais.com.br\/index.php\/2025\/10\/07\/campeonato-de-escolinhas-de-futebol-kids-comeca-com-festa-desfile-e-disputas-em-campo\/\" \/>\n\t<meta name=\"generator\" content=\"All in One SEO (AIOSEO) 5.0.1.1\" \/>\n\t\t<meta property=\"og:locale\" content=\"pt_BR\" \/>\n\t\t<meta property=\"og:site_name\" content=\"eJornais - Cat\u00e1logo de Jornais no mundo, Not\u00edcias, Blog e Esportes ao vivo\" \/>\n\t\t<meta property=\"og:type\" content=\"article\" \/>\n\t\t<meta property=\"og:title\" content=\"Campeonato de Escolinhas de Futebol Kids come\u00e7a com festa, desfile e disputas em campo - eJornais\" \/>\n\t\t<meta property=\"og:description\" content=\"O m\u00eas das crian\u00e7as come\u00e7ou com bola rolando em Jo\u00e3o Pessoa. A Prefeitura, por meio da Secretaria de Juventude, Esporte e Recrea\u00e7\u00e3o (Sejer), deu in\u00edcio neste fim de semana ao 1\u00ba Campeonato de Escolinhas de Futebol \u2014 Jo\u00e3o Pessoa Futebol Kids, uma celebra\u00e7\u00e3o esportiva voltada para jovens das categorias Sub-11 e Sub-13. A abertura do\" \/>\n\t\t<meta property=\"og:url\" content=\"https:\/\/ejornais.com.br\/index.php\/2025\/10\/07\/campeonato-de-escolinhas-de-futebol-kids-comeca-com-festa-desfile-e-disputas-em-campo\/\" \/>\n\t\t<meta property=\"article:published_time\" content=\"2025-10-07T09:29:40+00:00\" \/>\n\t\t<meta property=\"article:modified_time\" content=\"2025-10-07T09:29:40+00:00\" \/>\n\t\t<meta name=\"twitter:card\" content=\"summary_large_image\" \/>\n\t\t<meta name=\"twitter:title\" content=\"Campeonato de Escolinhas de Futebol Kids come\u00e7a com festa, desfile e disputas em campo - eJornais\" \/>\n\t\t<meta name=\"twitter:description\" content=\"O m\u00eas das crian\u00e7as come\u00e7ou com bola rolando em Jo\u00e3o Pessoa. A Prefeitura, por meio da Secretaria de Juventude, Esporte e Recrea\u00e7\u00e3o (Sejer), deu in\u00edcio neste fim de semana ao 1\u00ba Campeonato de Escolinhas de Futebol \u2014 Jo\u00e3o Pessoa Futebol Kids, uma celebra\u00e7\u00e3o esportiva voltada para jovens das categorias Sub-11 e Sub-13. A abertura do\" \/>\n\t\t<script type=\"application\/ld+json\" class=\"aioseo-schema\">\n\t\t\t{\"@context\":\"https:\\\/\\\/schema.org\",\"@graph\":[{\"@type\":\"BlogPosting\",\"@id\":\"https:\\\/\\\/ejornais.com.br\\\/index.php\\\/2025\\\/10\\\/07\\\/campeonato-de-escolinhas-de-futebol-kids-comeca-com-festa-desfile-e-disputas-em-campo\\\/#blogposting\",\"name\":\"Campeonato de Escolinhas de Futebol Kids come\\u00e7a com festa, desfile e disputas em campo - eJornais\",\"headline\":\"Campeonato de Escolinhas de Futebol Kids come\\u00e7a com festa, desfile e disputas em campo\",\"author\":{\"@id\":\"https:\\\/\\\/ejornais.com.br\\\/index.php\\\/author\\\/admin1\\\/#author\"},\"publisher\":{\"@id\":\"https:\\\/\\\/ejornais.com.br\\\/#organization\"},\"datePublished\":\"2025-10-07T06:29:40-03:00\",\"dateModified\":\"2025-10-07T06:29:40-03:00\",\"inLanguage\":\"pt-BR\",\"mainEntityOfPage\":{\"@id\":\"https:\\\/\\\/ejornais.com.br\\\/index.php\\\/2025\\\/10\\\/07\\\/campeonato-de-escolinhas-de-futebol-kids-comeca-com-festa-desfile-e-disputas-em-campo\\\/#webpage\"},\"isPartOf\":{\"@id\":\"https:\\\/\\\/ejornais.com.br\\\/index.php\\\/2025\\\/10\\\/07\\\/campeonato-de-escolinhas-de-futebol-kids-comeca-com-festa-desfile-e-disputas-em-campo\\\/#webpage\"},\"articleSection\":\"Cat\\u00e1logo de Jornais\"},{\"@type\":\"BreadcrumbList\",\"@id\":\"https:\\\/\\\/ejornais.com.br\\\/index.php\\\/2025\\\/10\\\/07\\\/campeonato-de-escolinhas-de-futebol-kids-comeca-com-festa-desfile-e-disputas-em-campo\\\/#breadcrumblist\",\"itemListElement\":[{\"@type\":\"ListItem\",\"@id\":\"https:\\\/\\\/ejornais.com.br#listItem\",\"position\":1,\"name\":\"In\\u00edcio\",\"item\":\"https:\\\/\\\/ejornais.com.br\",\"nextItem\":{\"@type\":\"ListItem\",\"@id\":\"https:\\\/\\\/ejornais.com.br\\\/index.php\\\/category\\\/ejornais\\\/#listItem\",\"name\":\"Cat\\u00e1logo de Jornais\"}},{\"@type\":\"ListItem\",\"@id\":\"https:\\\/\\\/ejornais.com.br\\\/index.php\\\/category\\\/ejornais\\\/#listItem\",\"position\":2,\"name\":\"Cat\\u00e1logo de Jornais\",\"item\":\"https:\\\/\\\/ejornais.com.br\\\/index.php\\\/category\\\/ejornais\\\/\",\"nextItem\":{\"@type\":\"ListItem\",\"@id\":\"https:\\\/\\\/ejornais.com.br\\\/index.php\\\/2025\\\/10\\\/07\\\/campeonato-de-escolinhas-de-futebol-kids-comeca-com-festa-desfile-e-disputas-em-campo\\\/#listItem\",\"name\":\"Campeonato de Escolinhas de Futebol Kids come\\u00e7a com festa, desfile e disputas em campo\"},\"previousItem\":{\"@type\":\"ListItem\",\"@id\":\"https:\\\/\\\/ejornais.com.br#listItem\",\"name\":\"In\\u00edcio\"}},{\"@type\":\"ListItem\",\"@id\":\"https:\\\/\\\/ejornais.com.br\\\/index.php\\\/2025\\\/10\\\/07\\\/campeonato-de-escolinhas-de-futebol-kids-comeca-com-festa-desfile-e-disputas-em-campo\\\/#listItem\",\"position\":3,\"name\":\"Campeonato de Escolinhas de Futebol Kids come\\u00e7a com festa, desfile e disputas em campo\",\"previousItem\":{\"@type\":\"ListItem\",\"@id\":\"https:\\\/\\\/ejornais.com.br\\\/index.php\\\/category\\\/ejornais\\\/#listItem\",\"name\":\"Cat\\u00e1logo de Jornais\"}}]},{\"@type\":\"Organization\",\"@id\":\"https:\\\/\\\/ejornais.com.br\\\/#organization\",\"name\":\"eJornais\",\"description\":\"Cat\\u00e1logo de Jornais no mundo, Not\\u00edcias, Blog e Esportes ao vivo\",\"url\":\"https:\\\/\\\/ejornais.com.br\\\/\"},{\"@type\":\"Person\",\"@id\":\"https:\\\/\\\/ejornais.com.br\\\/index.php\\\/author\\\/admin1\\\/#author\",\"url\":\"https:\\\/\\\/ejornais.com.br\\\/index.php\\\/author\\\/admin1\\\/\",\"name\":\"admin1\",\"image\":{\"@type\":\"ImageObject\",\"@id\":\"https:\\\/\\\/ejornais.com.br\\\/index.php\\\/2025\\\/10\\\/07\\\/campeonato-de-escolinhas-de-futebol-kids-comeca-com-festa-desfile-e-disputas-em-campo\\\/#authorImage\",\"url\":\"https:\\\/\\\/secure.gravatar.com\\\/avatar\\\/04084e6d73c042b8646e7c17b494073bf0ede3ea13c7105cfc45cbbbc28385a4?s=96&d=mm&r=g\",\"width\":96,\"height\":96,\"caption\":\"admin1\"}},{\"@type\":\"WebPage\",\"@id\":\"https:\\\/\\\/ejornais.com.br\\\/index.php\\\/2025\\\/10\\\/07\\\/campeonato-de-escolinhas-de-futebol-kids-comeca-com-festa-desfile-e-disputas-em-campo\\\/#webpage\",\"url\":\"https:\\\/\\\/ejornais.com.br\\\/index.php\\\/2025\\\/10\\\/07\\\/campeonato-de-escolinhas-de-futebol-kids-comeca-com-festa-desfile-e-disputas-em-campo\\\/\",\"name\":\"Campeonato de Escolinhas de Futebol Kids come\\u00e7a com festa, desfile e disputas em campo - eJornais\",\"description\":\"O m\\u00eas das crian\\u00e7as come\\u00e7ou com bola rolando em Jo\\u00e3o Pessoa. A Prefeitura, por meio da Secretaria de Juventude, Esporte e Recrea\\u00e7\\u00e3o (Sejer), deu in\\u00edcio neste fim de semana ao 1\\u00ba Campeonato de Escolinhas de Futebol \\u2014 Jo\\u00e3o Pessoa Futebol Kids, uma celebra\\u00e7\\u00e3o esportiva voltada para jovens das categorias Sub-11 e Sub-13. A abertura do\",\"inLanguage\":\"pt-BR\",\"isPartOf\":{\"@id\":\"https:\\\/\\\/ejornais.com.br\\\/#website\"},\"breadcrumb\":{\"@id\":\"https:\\\/\\\/ejornais.com.br\\\/index.php\\\/2025\\\/10\\\/07\\\/campeonato-de-escolinhas-de-futebol-kids-comeca-com-festa-desfile-e-disputas-em-campo\\\/#breadcrumblist\"},\"author\":{\"@id\":\"https:\\\/\\\/ejornais.com.br\\\/index.php\\\/author\\\/admin1\\\/#author\"},\"creator\":{\"@id\":\"https:\\\/\\\/ejornais.com.br\\\/index.php\\\/author\\\/admin1\\\/#author\"},\"datePublished\":\"2025-10-07T06:29:40-03:00\",\"dateModified\":\"2025-10-07T06:29:40-03:00\"},{\"@type\":\"WebSite\",\"@id\":\"https:\\\/\\\/ejornais.com.br\\\/#website\",\"url\":\"https:\\\/\\\/ejornais.com.br\\\/\",\"name\":\"eJornais\",\"description\":\"Cat\\u00e1logo de Jornais no mundo, Not\\u00edcias, Blog e Esportes ao vivo\",\"inLanguage\":\"pt-BR\",\"publisher\":{\"@id\":\"https:\\\/\\\/ejornais.com.br\\\/#organization\"}}]}\n\t\t<\/script>\n\t\t<!-- All in One SEO -->\n\n","aioseo_head_json":{"title":"Campeonato de Escolinhas de Futebol Kids come\u00e7a com festa, desfile e disputas em campo - eJornais","description":"O m\u00eas das crian\u00e7as come\u00e7ou com bola rolando em Jo\u00e3o Pessoa. A Prefeitura, por meio da Secretaria de Juventude, Esporte e Recrea\u00e7\u00e3o (Sejer), deu in\u00edcio neste fim de semana ao 1\u00ba Campeonato de Escolinhas de Futebol \u2014 Jo\u00e3o Pessoa Futebol Kids, uma celebra\u00e7\u00e3o esportiva voltada para jovens das categorias Sub-11 e Sub-13. A abertura do","canonical_url":"https:\/\/ejornais.com.br\/index.php\/2025\/10\/07\/campeonato-de-escolinhas-de-futebol-kids-comeca-com-festa-desfile-e-disputas-em-campo\/","robots":"max-image-preview:large","keywords":"","webmasterTools":{"miscellaneous":""},"schema":{"@context":"https:\/\/schema.org","@graph":[{"@type":"BlogPosting","@id":"https:\/\/ejornais.com.br\/index.php\/2025\/10\/07\/campeonato-de-escolinhas-de-futebol-kids-comeca-com-festa-desfile-e-disputas-em-campo\/#blogposting","name":"Campeonato de Escolinhas de Futebol Kids come\u00e7a com festa, desfile e disputas em campo - eJornais","headline":"Campeonato de Escolinhas de Futebol Kids come\u00e7a com festa, desfile e disputas em campo","author":{"@id":"https:\/\/ejornais.com.br\/index.php\/author\/admin1\/#author"},"publisher":{"@id":"https:\/\/ejornais.com.br\/#organization"},"datePublished":"2025-10-07T06:29:40-03:00","dateModified":"2025-10-07T06:29:40-03:00","inLanguage":"pt-BR","mainEntityOfPage":{"@id":"https:\/\/ejornais.com.br\/index.php\/2025\/10\/07\/campeonato-de-escolinhas-de-futebol-kids-comeca-com-festa-desfile-e-disputas-em-campo\/#webpage"},"isPartOf":{"@id":"https:\/\/ejornais.com.br\/index.php\/2025\/10\/07\/campeonato-de-escolinhas-de-futebol-kids-comeca-com-festa-desfile-e-disputas-em-campo\/#webpage"},"articleSection":"Cat\u00e1logo de Jornais"},{"@type":"BreadcrumbList","@id":"https:\/\/ejornais.com.br\/index.php\/2025\/10\/07\/campeonato-de-escolinhas-de-futebol-kids-comeca-com-festa-desfile-e-disputas-em-campo\/#breadcrumblist","itemListElement":[{"@type":"ListItem","@id":"https:\/\/ejornais.com.br#listItem","position":1,"name":"In\u00edcio","item":"https:\/\/ejornais.com.br","nextItem":{"@type":"ListItem","@id":"https:\/\/ejornais.com.br\/index.php\/category\/ejornais\/#listItem","name":"Cat\u00e1logo de Jornais"}},{"@type":"ListItem","@id":"https:\/\/ejornais.com.br\/index.php\/category\/ejornais\/#listItem","position":2,"name":"Cat\u00e1logo de Jornais","item":"https:\/\/ejornais.com.br\/index.php\/category\/ejornais\/","nextItem":{"@type":"ListItem","@id":"https:\/\/ejornais.com.br\/index.php\/2025\/10\/07\/campeonato-de-escolinhas-de-futebol-kids-comeca-com-festa-desfile-e-disputas-em-campo\/#listItem","name":"Campeonato de Escolinhas de Futebol Kids come\u00e7a com festa, desfile e disputas em campo"},"previousItem":{"@type":"ListItem","@id":"https:\/\/ejornais.com.br#listItem","name":"In\u00edcio"}},{"@type":"ListItem","@id":"https:\/\/ejornais.com.br\/index.php\/2025\/10\/07\/campeonato-de-escolinhas-de-futebol-kids-comeca-com-festa-desfile-e-disputas-em-campo\/#listItem","position":3,"name":"Campeonato de Escolinhas de Futebol Kids come\u00e7a com festa, desfile e disputas em campo","previousItem":{"@type":"ListItem","@id":"https:\/\/ejornais.com.br\/index.php\/category\/ejornais\/#listItem","name":"Cat\u00e1logo de Jornais"}}]},{"@type":"Organization","@id":"https:\/\/ejornais.com.br\/#organization","name":"eJornais","description":"Cat\u00e1logo de Jornais no mundo, Not\u00edcias, Blog e Esportes ao vivo","url":"https:\/\/ejornais.com.br\/"},{"@type":"Person","@id":"https:\/\/ejornais.com.br\/index.php\/author\/admin1\/#author","url":"https:\/\/ejornais.com.br\/index.php\/author\/admin1\/","name":"admin1","image":{"@type":"ImageObject","@id":"https:\/\/ejornais.com.br\/index.php\/2025\/10\/07\/campeonato-de-escolinhas-de-futebol-kids-comeca-com-festa-desfile-e-disputas-em-campo\/#authorImage","url":"https:\/\/secure.gravatar.com\/avatar\/04084e6d73c042b8646e7c17b494073bf0ede3ea13c7105cfc45cbbbc28385a4?s=96&d=mm&r=g","width":96,"height":96,"caption":"admin1"}},{"@type":"WebPage","@id":"https:\/\/ejornais.com.br\/index.php\/2025\/10\/07\/campeonato-de-escolinhas-de-futebol-kids-comeca-com-festa-desfile-e-disputas-em-campo\/#webpage","url":"https:\/\/ejornais.com.br\/index.php\/2025\/10\/07\/campeonato-de-escolinhas-de-futebol-kids-comeca-com-festa-desfile-e-disputas-em-campo\/","name":"Campeonato de Escolinhas de Futebol Kids come\u00e7a com festa, desfile e disputas em campo - eJornais","description":"O m\u00eas das crian\u00e7as come\u00e7ou com bola rolando em Jo\u00e3o Pessoa. A Prefeitura, por meio da Secretaria de Juventude, Esporte e Recrea\u00e7\u00e3o (Sejer), deu in\u00edcio neste fim de semana ao 1\u00ba Campeonato de Escolinhas de Futebol \u2014 Jo\u00e3o Pessoa Futebol Kids, uma celebra\u00e7\u00e3o esportiva voltada para jovens das categorias Sub-11 e Sub-13. A abertura do","inLanguage":"pt-BR","isPartOf":{"@id":"https:\/\/ejornais.com.br\/#website"},"breadcrumb":{"@id":"https:\/\/ejornais.com.br\/index.php\/2025\/10\/07\/campeonato-de-escolinhas-de-futebol-kids-comeca-com-festa-desfile-e-disputas-em-campo\/#breadcrumblist"},"author":{"@id":"https:\/\/ejornais.com.br\/index.php\/author\/admin1\/#author"},"creator":{"@id":"https:\/\/ejornais.com.br\/index.php\/author\/admin1\/#author"},"datePublished":"2025-10-07T06:29:40-03:00","dateModified":"2025-10-07T06:29:40-03:00"},{"@type":"WebSite","@id":"https:\/\/ejornais.com.br\/#website","url":"https:\/\/ejornais.com.br\/","name":"eJornais","description":"Cat\u00e1logo de Jornais no mundo, Not\u00edcias, Blog e Esportes ao vivo","inLanguage":"pt-BR","publisher":{"@id":"https:\/\/ejornais.com.br\/#organization"}}]},"og:locale":"pt_BR","og:site_name":"eJornais - Cat\u00e1logo de Jornais no mundo, Not\u00edcias, Blog e Esportes ao vivo","og:type":"article","og:title":"Campeonato de Escolinhas de Futebol Kids come\u00e7a com festa, desfile e disputas em campo - eJornais","og:description":"O m\u00eas das crian\u00e7as come\u00e7ou com bola rolando em Jo\u00e3o Pessoa. A Prefeitura, por meio da Secretaria de Juventude, Esporte e Recrea\u00e7\u00e3o (Sejer), deu in\u00edcio neste fim de semana ao 1\u00ba Campeonato de Escolinhas de Futebol \u2014 Jo\u00e3o Pessoa Futebol Kids, uma celebra\u00e7\u00e3o esportiva voltada para jovens das categorias Sub-11 e Sub-13. A abertura do","og:url":"https:\/\/ejornais.com.br\/index.php\/2025\/10\/07\/campeonato-de-escolinhas-de-futebol-kids-comeca-com-festa-desfile-e-disputas-em-campo\/","article:published_time":"2025-10-07T09:29:40+00:00","article:modified_time":"2025-10-07T09:29:40+00:00","twitter:card":"summary_large_image","twitter:title":"Campeonato de Escolinhas de Futebol Kids come\u00e7a com festa, desfile e disputas em campo - eJornais","twitter:description":"O m\u00eas das crian\u00e7as come\u00e7ou com bola rolando em Jo\u00e3o Pessoa. A Prefeitura, por meio da Secretaria de Juventude, Esporte e Recrea\u00e7\u00e3o (Sejer), deu in\u00edcio neste fim de semana ao 1\u00ba Campeonato de Escolinhas de Futebol \u2014 Jo\u00e3o Pessoa Futebol Kids, uma celebra\u00e7\u00e3o esportiva voltada para jovens das categorias Sub-11 e Sub-13. A abertura do"},"aioseo_meta_data":{"post_id":"53634","title":null,"description":null,"keywords":null,"keyphrases":null,"primary_term":null,"canonical_url":null,"og_title":null,"og_description":null,"og_object_type":"default","og_image_type":"default","og_image_url":null,"og_image_width":null,"og_image_height":null,"og_image_custom_url":null,"og_image_custom_fields":null,"og_video":null,"og_custom_url":null,"og_article_section":null,"og_article_tags":null,"twitter_use_og":false,"twitter_card":"default","twitter_image_type":"default","twitter_image_url":null,"twitter_image_custom_url":null,"twitter_image_custom_fields":null,"twitter_title":null,"twitter_description":null,"schema":{"blockGraphs":[],"customGraphs":[],"default":{"data":{"Article":[],"Course":[],"Dataset":[],"FAQPage":[],"Movie":[],"Person":[],"Product":[],"ProductReview":[],"Car":[],"Recipe":[],"Service":[],"SoftwareApplication":[],"WebPage":[]},"graphName":"","isEnabled":true},"graphs":[]},"schema_type":"default","schema_type_options":null,"pillar_content":false,"robots_default":true,"robots_noindex":false,"robots_noarchive":false,"robots_nosnippet":false,"robots_nofollow":false,"robots_noimageindex":false,"robots_noodp":false,"robots_notranslate":false,"robots_max_snippet":null,"robots_max_videopreview":null,"robots_max_imagepreview":"large","priority":null,"frequency":null,"local_seo":null,"breadcrumb_settings":null,"limit_modified_date":false,"ai":null,"created":"2025-10-07 09:30:39","updated":"2025-10-07 09:30:39","seo_analyzer_scan_date":null,"focus_keyword":null,"additional_keywords":null,"truseo_locale":null},"aioseo_breadcrumb":"<div class=\"aioseo-breadcrumbs\"><span class=\"aioseo-breadcrumb\">\n\t\t\t<a href=\"https:\/\/ejornais.com.br\" title=\"In\u00edcio\">In\u00edcio<\/a>\n\t\t<\/span><span class=\"aioseo-breadcrumb-separator\">&raquo;<\/span><span class=\"aioseo-breadcrumb\">\n\t\t\t<a href=\"https:\/\/ejornais.com.br\/index.php\/category\/ejornais\/\" title=\"Cat\u00e1logo de Jornais\">Cat\u00e1logo de Jornais<\/a>\n\t\t<\/span><span class=\"aioseo-breadcrumb-separator\">&raquo;<\/span><span class=\"aioseo-breadcrumb\">\n\t\t\tCampeonato de Escolinhas de Futebol Kids come\u00e7a com festa, desfile e disputas em campo\n\t\t<\/span><\/div>","aioseo_breadcrumb_json":[{"label":"In\u00edcio","link":"https:\/\/ejornais.com.br"},{"label":"Cat\u00e1logo de Jornais","link":"https:\/\/ejornais.com.br\/index.php\/category\/ejornais\/"},{"label":"Campeonato de Escolinhas de Futebol Kids come\u00e7a com festa, desfile e disputas em campo","link":"https:\/\/ejornais.com.br\/index.php\/2025\/10\/07\/campeonato-de-escolinhas-de-futebol-kids-comeca-com-festa-desfile-e-disputas-em-campo\/"}],"amp_enabled":true,"_links":{"self":[{"href":"https:\/\/ejornais.com.br\/index.php\/wp-json\/wp\/v2\/posts\/53634","targetHints":{"allow":["GET"]}}],"collection":[{"href":"https:\/\/ejornais.com.br\/index.php\/wp-json\/wp\/v2\/posts"}],"about":[{"href":"https:\/\/ejornais.com.br\/index.php\/wp-json\/wp\/v2\/types\/post"}],"author":[{"embeddable":true,"href":"https:\/\/ejornais.com.br\/index.php\/wp-json\/wp\/v2\/users\/2"}],"replies":[{"embeddable":true,"href":"https:\/\/ejornais.com.br\/index.php\/wp-json\/wp\/v2\/comments?post=53634"}],"version-history":[{"count":0,"href":"https:\/\/ejornais.com.br\/index.php\/wp-json\/wp\/v2\/posts\/53634\/revisions"}],"wp:attachment":[{"href":"https:\/\/ejornais.com.br\/index.php\/wp-json\/wp\/v2\/media?parent=53634"}],"wp:term":[{"taxonomy":"category","embeddable":true,"href":"https:\/\/ejornais.com.br\/index.php\/wp-json\/wp\/v2\/categories?post=53634"},{"taxonomy":"post_tag","embeddable":true,"href":"https:\/\/ejornais.com.br\/index.php\/wp-json\/wp\/v2\/tags?post=53634"}],"curies":[{"name":"wp","href":"https:\/\/api.w.org\/{rel}","templated":true}]}}