{"id":53671,"date":"2025-10-07T16:21:39","date_gmt":"2025-10-07T19:21:39","guid":{"rendered":"https:\/\/ejornais.com.br\/index.php\/2025\/10\/07\/comeca-em-brasilia-festival-sobre-inovacao-e-tecnologia-na-industria\/"},"modified":"2025-10-07T16:21:39","modified_gmt":"2025-10-07T19:21:39","slug":"comeca-em-brasilia-festival-sobre-inovacao-e-tecnologia-na-industria","status":"publish","type":"post","link":"https:\/\/ejornais.com.br\/index.php\/2025\/10\/07\/comeca-em-brasilia-festival-sobre-inovacao-e-tecnologia-na-industria\/","title":{"rendered":"Come\u00e7a em Bras\u00edlia festival sobre inova\u00e7\u00e3o e tecnologia na ind\u00fastria"},"content":{"rendered":"<p> Por MRNews<br \/>\n<\/p>\n<div wp_automatic_readability=\"103.76350907898\">\n<p>Bras\u00edlia sedia at\u00e9 s\u00e1bado (11) o Festival Internacional sobre Tecnologia e Sustentabilidade na Ind\u00fastria \u2013 Curicaca, no Est\u00e1dio Nacional Man\u00e9 Garrincha (Arena BRB), no centro de Bras\u00edlia, com o tema <em>Um Novo Tempo, Uma Nova Ind\u00fastria<\/em>.<\/p>\n<p>Na cerim\u00f4nia de abertura, nesta ter\u00e7a-feira (7), o vice-presidente e ministro do Desenvolvimento, Ind\u00fastria, Com\u00e9rcio e Servi\u00e7os (Mdic), Geraldo Alckmin, disse que a nova ind\u00fastria brasileira precisa de investimentos em inova\u00e7\u00e3o para agregar valor aos produtos nacionais e avan\u00e7ar economicamente.<\/p>\n<blockquote wp_automatic_readability=\"7.1964285714286\">\n<p>\u201cTemos que ter uma ind\u00fastria mais inovadora com universidades, institutos de pesquisa, setor produtivo, todo mundo junto para a gente poder avan\u00e7ar.\u201d<\/p>\n<p><strong><a href=\"https:\/\/mrnews.com.br\/index.php\/2025\/10\/07\/premio-jabuti-conheca-os-finalistas-de-cada-categoria-deste-ano\/\">Pr\u00eamio Jabuti: conhe\u00e7a os finalistas de cada categoria deste ano<\/a><\/strong><\/p>\n<p><strong><a href=\"https:\/\/mrnews.com.br\/index.php\/2025\/10\/07\/morre-terceira-vitima-intoxicada-por-metanol-em-sao-paulo\/\">Morre terceira v\u00edtima intoxicada por metanol em S\u00e3o Paulo<\/a><\/strong><\/p>\n<\/blockquote>\n<p>Geraldo Alckmin define a estrat\u00e9gia de desenvolvimento para a ind\u00fastria brasileira focada em quatro eixos principais: mais exportadora; mais competitiva com foco na reforma tribut\u00e1ria; mais sustent\u00e1vel, pela inova\u00e7\u00e3o tecnol\u00f3gica verde; e mais inovadora para aumentar o valor agregado ao com\u00e9rcio brasileiro.<\/p>\n<p>&gt;&gt; Siga o canal da <strong>Ag\u00eancia Brasil <\/strong>no WhatsApp<\/p>\n<h2>Transforma\u00e7\u00e3o energ\u00e9tica<\/h2>\n<p>J\u00e1 a ministra da Ci\u00eancia, Tecnologia e Inova\u00e7\u00e3o (MCTI), Luciana Santos, destacou que a ind\u00fastria de transforma\u00e7\u00e3o puxou o crescimento nacional em 2024, ap\u00f3s mais de uma d\u00e9cada.<\/p>\n<blockquote wp_automatic_readability=\"15\">\n<p>\u201cEstamos no rumo certo: o rumo da transi\u00e7\u00e3o energ\u00e9tica, da transforma\u00e7\u00e3o digital. Esse \u00e9 o rumo para que a gente possa enfrentar o aquecimento global, \u00e0s v\u00e9speras da COP30, e ter a certeza que, quando a gente aposta na intelig\u00eancia, na criatividade do povo brasileiro, a gente vai longe\u201d, disse Luciana.<\/p>\n<\/blockquote>\n<p><strong>A ministra ressalta que o governo tem um compromisso inabal\u00e1vel com a moderniza\u00e7\u00e3o da ind\u00fastria, transformando-a em um motor de crescimento mais verde, digital, conectado e sustent\u00e1vel.<\/strong><\/p>\n<div class=\"dnd-widget-wrapper context-medio_4colunas type-image atom-align-right\">\n<h6 class=\"meta\">Ministro da educa\u00e7\u00e3o, Camilo Santana \u2013 <strong>Jos\u00e9 Cruz\/Ag\u00eancia Brasil<\/strong><!--END copyright=439600--><\/h6>\n<\/div>\n<p>No mesmo evento, o ministro da Educa\u00e7\u00e3o, Camilo Santana, anunciou a oferta de 5 mil novas vagas no pr\u00f3ximo Exame Nacional do Ensino M\u00e9dio (Enem) em cursos e universidades e de instituto federais focados nas \u00e1reas de STEM, sigla em ingl\u00eas para ci\u00eancia (science), tecnologia (technology), engenharia (engineering) e matem\u00e1tica (mathematics).<\/p>\n<h2>Festival Curicaca<br \/>\u00a0<\/h2>\n<div class=\"dnd-widget-wrapper context-cheio_8colunas type-image\">\n<h6 class=\"meta\">Lan\u00e7amento do Festival Curicaca nesta ter\u00e7a-feira \u2013 <strong>Jos\u00e9 Cruz\/Ag\u00eancia Brasil<\/strong><!--END copyright=439594--><\/h6>\n<\/div>\n<p>Sob coordena\u00e7\u00e3o da Ag\u00eancia Brasileira de Desenvolvimento Industrial (ABDI), vinculada ao Mdic, o Festival Curicaca homenageia a ave que habita, entre outros, o bioma do Cerrado, e \u00e9 conhecida por seu canto caracter\u00edstico, que soa como um grito rouco, e que simboliza a transforma\u00e7\u00e3o.<\/p>\n<blockquote wp_automatic_readability=\"9\">\n<p>\u201cTransforma\u00e7\u00e3o para gerar mais desenvolvimento, emprego, renda e oportunidades no pa\u00eds\u201d, prioriza a organiza\u00e7\u00e3o do festival.<\/p>\n<\/blockquote>\n<p>O presidente da ABDI, Ricardo Cappelli, disse esperar que o Festival Curicaca seja a semente para consolidar a pol\u00edtica industrial no Brasil juntando em um mesmo evento representantes da ind\u00fastria, pesquisadores, empreendedores e criadores.<\/p>\n<p>\u201cA gente n\u00e3o faz um pa\u00eds grande, desenvolvido e justo, sem uma ind\u00fastria forte. A gente n\u00e3o faz um pa\u00eds vendendo s\u00f3 <em>commodities<\/em>. E para implantar produtos de maior valor agregado, quem faz isso \u00e9 a ind\u00fastria.\u201d<\/p>\n<p>O evento ter\u00e1 atividades para promover o compartilhamento de pr\u00e1ticas inovadoras e sustent\u00e1veis, estimular solu\u00e7\u00f5es tecnol\u00f3gicas para desafios produtivos e socioambientais.<\/p>\n<p>Os debates e as a\u00e7\u00f5es do Festival est\u00e3o divididos em dez trilhas de conhecimento focadas em tecnologia, inova\u00e7\u00e3o e sustentabilidade para a ind\u00fastria e o desenvolvimento nacional. S\u00e3o elas:<\/p>\n<ol>\n<li>Energia renov\u00e1vel e sustentabilidade energ\u00e9tica;<\/li>\n<li>Inova\u00e7\u00e3o em sa\u00fade e biotecnologia;<\/li>\n<li>Transforma\u00e7\u00e3o digital e Ind\u00fastria 4.0;<\/li>\n<li>Seguran\u00e7a e defesa tecnol\u00f3gica;<\/li>\n<li>Ind\u00fastria verde e economia circular;<\/li>\n<li>Agroind\u00fastria sustent\u00e1vel e agricultura familiar;<\/li>\n<li>Inova\u00e7\u00e3o social e desenvolvimento regional;<\/li>\n<li>Pol\u00edticas e regula\u00e7\u00e3o;<\/li>\n<li>Infraestrutura sustent\u00e1vel e mobilidade verde;<\/li>\n<li>Tecnologia criativa e inclus\u00e3o digital.<\/li>\n<\/ol>\n<p>A programa\u00e7\u00e3o do Festival Curica, que inclui tamb\u00e9m atra\u00e7\u00f5es culturais e gastronomia, pode ser conferida aqui.<\/p>\n<p>\u00a0<\/p>\n<\/div>\n","protected":false},"excerpt":{"rendered":"<p>Por MRNews Bras\u00edlia sedia at\u00e9 s\u00e1bado (11) o Festival Internacional sobre Tecnologia e Sustentabilidade na Ind\u00fastria \u2013 Curicaca, no Est\u00e1dio<\/p>\n","protected":false},"author":2,"featured_media":0,"comment_status":"","ping_status":"","sticky":false,"template":"","format":"standard","meta":{"colormag_page_container_layout":"default_layout","colormag_page_sidebar_layout":"default_layout","footnotes":""},"categories":[1],"tags":[],"class_list":["post-53671","post","type-post","status-publish","format-standard","hentry","category-ejornais"],"aioseo_notices":[],"amp_enabled":true,"_links":{"self":[{"href":"https:\/\/ejornais.com.br\/index.php\/wp-json\/wp\/v2\/posts\/53671","targetHints":{"allow":["GET"]}}],"collection":[{"href":"https:\/\/ejornais.com.br\/index.php\/wp-json\/wp\/v2\/posts"}],"about":[{"href":"https:\/\/ejornais.com.br\/index.php\/wp-json\/wp\/v2\/types\/post"}],"author":[{"embeddable":true,"href":"https:\/\/ejornais.com.br\/index.php\/wp-json\/wp\/v2\/users\/2"}],"replies":[{"embeddable":true,"href":"https:\/\/ejornais.com.br\/index.php\/wp-json\/wp\/v2\/comments?post=53671"}],"version-history":[{"count":0,"href":"https:\/\/ejornais.com.br\/index.php\/wp-json\/wp\/v2\/posts\/53671\/revisions"}],"wp:attachment":[{"href":"https:\/\/ejornais.com.br\/index.php\/wp-json\/wp\/v2\/media?parent=53671"}],"wp:term":[{"taxonomy":"category","embeddable":true,"href":"https:\/\/ejornais.com.br\/index.php\/wp-json\/wp\/v2\/categories?post=53671"},{"taxonomy":"post_tag","embeddable":true,"href":"https:\/\/ejornais.com.br\/index.php\/wp-json\/wp\/v2\/tags?post=53671"}],"curies":[{"name":"wp","href":"https:\/\/api.w.org\/{rel}","templated":true}]}}