{"id":53785,"date":"2025-10-09T12:19:40","date_gmt":"2025-10-09T15:19:40","guid":{"rendered":"https:\/\/ejornais.com.br\/index.php\/2025\/10\/09\/prefeitura-da-posse-aos-membros-do-conselho-municipal-dos-direitos-da-pessoa-idosa-cgnoticias\/"},"modified":"2025-10-09T12:19:40","modified_gmt":"2025-10-09T15:19:40","slug":"prefeitura-da-posse-aos-membros-do-conselho-municipal-dos-direitos-da-pessoa-idosa-cgnoticias","status":"publish","type":"post","link":"https:\/\/ejornais.com.br\/index.php\/2025\/10\/09\/prefeitura-da-posse-aos-membros-do-conselho-municipal-dos-direitos-da-pessoa-idosa-cgnoticias\/","title":{"rendered":"Prefeitura d\u00e1 posse aos membros do Conselho Municipal dos Direitos da Pessoa Idosa \u2013 CGNot\u00edcias"},"content":{"rendered":"<p><\/p>\n<div>\n<h2 class=\"wp-block-heading\"\/>\n<p>Com a participa\u00e7\u00e3o de diversas entidades p\u00fablicas e da sociedade civil organizada, a Prefeitura de Campo Grande deu posse, na manh\u00e3 desta quinta-feira (9), aos membros do Conselho Municipal dos Direitos da Pessoa Idosa (CMDPI) para o bi\u00eanio 2025\u20132027. A cerim\u00f4nia aconteceu no Teatro do Pa\u00e7o Municipal e contou com a presen\u00e7a da prefeita em exerc\u00edcio, Camilla Nascimento.<\/p>\n<p>Durante a solenidade, Camilla destacou a import\u00e2ncia da uni\u00e3o entre os diferentes setores. \u201cOs conselhos t\u00eam um valor imenso para a sociedade e \u00e9 com uni\u00e3o entre poder p\u00fablico, iniciativa privada e sociedade civil que conseguimos garantir que as pol\u00edticas p\u00fablicas se tornem realidade. A prefeitura reafirma que est\u00e1 aqui para trabalhar junto, como parceira, e que esse compromisso n\u00e3o \u00e9 moment\u00e2neo, mas permanente. Sejam muito bem-vindos e contem sempre conosco para avan\u00e7ar nessa causa\u201d, afirmou.<\/p>\n<figure class=\"wp-block-image size-large\"><\/figure>\n<p>Criado pela Lei Municipal n\u00ba 3.329, de 12 de maio de 1997, e regulamentado em 2005, o CMDPI \u00e9 um \u00f3rg\u00e3o colegiado, parit\u00e1rio, permanente e deliberativo, que tem como finalidade acompanhar, propor, fiscalizar, avaliar e divulgar pol\u00edticas voltadas \u00e0 pessoa idosa. Sua composi\u00e7\u00e3o re\u00fane 18 membros titulares e 18 suplentes \u2014 metade representantes do poder p\u00fablico e metade da sociedade civil organizada.<\/p>\n<p>O presidente da Organiza\u00e7\u00e3o da Sociedade Civil (OSC) Obras Sociais Francisco Thiesen e membro do Conselho, Jo\u00e3o Carlos Rosa, ressaltou a import\u00e2ncia da parceria entre as institui\u00e7\u00f5es. \u201c\u00c9 muito importante porque nos d\u00e1 mais visibilidade e fortalece o atendimento aos nossos usu\u00e1rios, especialmente os idosos. A nossa institui\u00e7\u00e3o atua na defesa e garantia de direitos em todas as fases da vida, desde as crian\u00e7as de 0 a 6 anos, passando por adolescentes, jovens, adultos at\u00e9 chegar aos idosos.\u201d<\/p>\n<figure class=\"wp-block-image size-large\"><\/figure>\n<p>Ainda segundo Jo\u00e3o, no trabalho com os idosos, \u00e9 percept\u00edvel que muitos deles s\u00e3o os principais respons\u00e1veis pelo sustento das fam\u00edlias. \u201cMuitas vezes os respons\u00e1veis diretos pelo sustento das fam\u00edlias ainda s\u00e3o os idosos. Por isso, integrar o conselho \u00e9 motivo de muita alegria, porque nos permite ampliar as a\u00e7\u00f5es de prote\u00e7\u00e3o, fortalecer essa rede de cuidado e garantir que os direitos dos nossos idosos sejam cada vez mais respeitados\u201d, pontuou.<\/p>\n<p>Entre as atribui\u00e7\u00f5es estrat\u00e9gicas do Conselho est\u00e3o a proposi\u00e7\u00e3o de programas e projetos aos poderes Executivo e Legislativo, a articula\u00e7\u00e3o de a\u00e7\u00f5es intersetoriais e a integra\u00e7\u00e3o de pol\u00edticas p\u00fablicas nas \u00e1reas de trabalho, emprego e renda, assist\u00eancia social, sa\u00fade, educa\u00e7\u00e3o, transporte, cultura, comunica\u00e7\u00e3o, habita\u00e7\u00e3o e acessibilidade.<\/p>\n<p>O CMDPI conta com 18 membros titulares e 18 suplentes, sendo 9 representantes do poder p\u00fablico e 9 da sociedade civil organizada. O evento tamb\u00e9m teve apresenta\u00e7\u00e3o cultural do grupo Violeiros Passageiros do Tempo, coordenado por Ana Lia Manvailer e pelo facilitador Manoel S\u00f3tero de Oliveira..<\/p>\n<figure class=\"wp-block-image size-large\"><\/figure>\n<h3 class=\"wp-block-heading\">Confira a composi\u00e7\u00e3o dos novos conselheiros do CMDPI para o bi\u00eanio 2025\u20132027:<\/h3>\n<p><strong>I \u2013 Representantes de \u00f3rg\u00e3os governamentais<\/strong><\/p>\n<ol class=\"wp-block-list\">\n<li>Secretaria Municipal de Educa\u00e7\u00e3o \u2013 SEMED\n<ul class=\"wp-block-list\">\n<li>Titular: Andrew Vin\u00edcius Cristaldo da Silva<\/li>\n<li>Suplente: Gleice Kelly Rojas Guilherme<\/li>\n<\/ul>\n<\/li>\n<li>Secretaria Municipal de Infraestrutura e Servi\u00e7os P\u00fablicos \u2013 SISEP\n<ul class=\"wp-block-list\">\n<li>Titular: Elvennis Donizete Ennis<\/li>\n<li>Suplente: Simone Coelho Santos<\/li>\n<\/ul>\n<\/li>\n<li>Secretaria Municipal de Cultura e Turismo \u2013 SECTUR\n<ul class=\"wp-block-list\">\n<li>Titular: Silva Maria Soares da Silveira<\/li>\n<li>Suplente: Itamar Ferreira Malta<\/li>\n<\/ul>\n<\/li>\n<li>Funda\u00e7\u00e3o Municipal de Esportes \u2013 FUNESP\n<ul class=\"wp-block-list\">\n<li>Titular: Sandra Pereira Locatelli Fernandes<\/li>\n<li>Suplente: Joacir Moro Gabardo<\/li>\n<\/ul>\n<\/li>\n<li>Corpo de Bombeiros Militar\n<ul class=\"wp-block-list\">\n<li>Titular: Vinicius Nascimento de Castro<\/li>\n<li>Suplente: Paulo Costa Neto<\/li>\n<\/ul>\n<\/li>\n<li>Instituto Nacional do Seguro Social \u2013 INSS\n<ul class=\"wp-block-list\">\n<li>Titular: Vac\u00e2ncia<\/li>\n<li>Suplente: Vac\u00e2ncia<\/li>\n<\/ul>\n<\/li>\n<li>Ag\u00eancia Municipal de Transporte e Tr\u00e2nsito \u2013 AGETRAN\n<ul class=\"wp-block-list\">\n<li>Titular: M\u00e1rcia Cristina da Silva<\/li>\n<li>Suplente: Juliana da Silva C\u00e1ceres Valente<\/li>\n<\/ul>\n<\/li>\n<li>Secretaria Municipal de Sa\u00fade \u2013 SESAU\n<ul class=\"wp-block-list\">\n<li>Titular: Giovanna de Figueiredo Pogodin<\/li>\n<li>Suplente: Let\u00edcia Benites Braga Leite<\/li>\n<\/ul>\n<\/li>\n<li>Secretaria Municipal de Assist\u00eancia Social e Cidadania \u2013 SAS\n<ul class=\"wp-block-list\">\n<li>Titular: Maria Aparecida Nogueira Abdalla Barbosa<\/li>\n<li>Suplente: Ana Lia Manvailer<\/li>\n<\/ul>\n<\/li>\n<\/ol>\n<p><strong>II \u2013 Representantes de entidades n\u00e3o governamentais<\/strong><\/p>\n<p><strong>1. Organiza\u00e7\u00f5es de Usu\u00e1rios:<\/strong><\/p>\n<ul class=\"wp-block-list\">\n<li>Associa\u00e7\u00e3o Beneficente dos Renais Cr\u00f4nicos de MS \u2013 ABREC\n<ul class=\"wp-block-list\">\n<li>Titular: Mara Rubia Benites Gamon Rebello<\/li>\n<\/ul>\n<\/li>\n<li>Associa\u00e7\u00e3o Trabalho Social Estrela Branca\n<ul class=\"wp-block-list\">\n<li>Titular: Paula Adalgiza Lacerda Soares<\/li>\n<\/ul>\n<\/li>\n<li>Espa\u00e7o Vida Ativa \u2013 EVA\n<ul class=\"wp-block-list\">\n<li>Titular: Janete Bakargy Morais<\/li>\n<\/ul>\n<\/li>\n<li>Funda\u00e7\u00e3o Manoel de Barros \u2013 FMB\n<ul class=\"wp-block-list\">\n<li>Titular: Marcos Henrique Marques<\/li>\n<\/ul>\n<\/li>\n<li>Associa\u00e7\u00e3o Campo-Grandense da Pessoa com Defici\u00eancia \u2013 ACPD\n<ul class=\"wp-block-list\">\n<li>Suplente: Juliana Barbosa Lanzarini<\/li>\n<\/ul>\n<\/li>\n<li>Instituto de Desenvolvimento Social Pr\u00f3-Social \u2013 IDEPS\n<ul class=\"wp-block-list\">\n<li>Suplente: Maria Auxiliadora Leal Capill\u00e9<\/li>\n<\/ul>\n<\/li>\n<li>Obras Sociais Francisco Thiesen\n<ul class=\"wp-block-list\">\n<li>Suplente: Jo\u00e3o Carlos Rosa<\/li>\n<\/ul>\n<\/li>\n<\/ul>\n<p><strong>2. Organiza\u00e7\u00f5es de Prestadores de Servi\u00e7os:<\/strong><\/p>\n<ul class=\"wp-block-list\">\n<li>Centro Especializado para Idosos \u2013 CEI\n<ul class=\"wp-block-list\">\n<li>Titular: Ros\u00e2ngela Aparecida Alves Caldo<\/li>\n<\/ul>\n<\/li>\n<li>Feliz Idade Hotel Resid\u00eancia para Idosos\n<ul class=\"wp-block-list\">\n<li>Titular: Jessica Alda Pereira<\/li>\n<\/ul>\n<\/li>\n<li>SIRPHA \u2013 Lar do Idoso\n<ul class=\"wp-block-list\">\n<li>Titular: Maria Chistina Gomes de Oliveira<\/li>\n<\/ul>\n<\/li>\n<li>Associa\u00e7\u00e3o Asilo S\u00e3o Jo\u00e3o Bosco\n<ul class=\"wp-block-list\">\n<li>Titular: Isislene Gomes Magalh\u00e3es<\/li>\n<\/ul>\n<\/li>\n<li>Casa do Idoso Nossa Senhora Aparecida\n<ul class=\"wp-block-list\">\n<li>Suplente: Edson Garcia Ferreira<\/li>\n<\/ul>\n<\/li>\n<li>Casamor Lar para Idosos\n<ul class=\"wp-block-list\">\n<li>Suplente: Caroline Greguer Fernandes de Morais<\/li>\n<\/ul>\n<\/li>\n<\/ul>\n<p><strong>3. Organiza\u00e7\u00f5es de Trabalhadores da \u00c1rea:<\/strong><\/p>\n<ul class=\"wp-block-list\">\n<li>Conselho Regional de Fisioterapia e Terapia Ocupacional \u2013 13\u00aa Regi\u00e3o\/MS\n<ul class=\"wp-block-list\">\n<li>Titular: Gustavo Christofoletti<\/li>\n<\/ul>\n<\/li>\n<li>Conselho Regional de Psicologia \u2013 14\u00aa Regi\u00e3o\/MS\n<\/li>\n<li>Conselho Regional de Educa\u00e7\u00e3o F\u00edsica \u2013 11\u00aa Regi\u00e3o\/MS\n<\/li>\n<li>Conselho Regional de Nutricionistas \u2013 3\u00aa Regi\u00e3o\/MS\n<\/li>\n<\/ul>\n<\/div>\n<p><script async defer async defer src=\"https:\/\/connect.facebook.net\/en_US\/sdk.js?ver=1#xfbml=1&amp;version=v3.2\" id=\"prefeitura-campogrande-script-facebook-sdk-js\"><\/script><\/p>\n","protected":false},"excerpt":{"rendered":"<p>Com a participa\u00e7\u00e3o de diversas entidades p\u00fablicas e da sociedade civil organizada, a Prefeitura de Campo Grande deu posse, na<\/p>\n","protected":false},"author":2,"featured_media":0,"comment_status":"","ping_status":"","sticky":false,"template":"","format":"standard","meta":{"colormag_page_container_layout":"default_layout","colormag_page_sidebar_layout":"default_layout","footnotes":""},"categories":[1],"tags":[],"class_list":["post-53785","post","type-post","status-publish","format-standard","hentry","category-ejornais"],"aioseo_notices":[],"amp_enabled":true,"_links":{"self":[{"href":"https:\/\/ejornais.com.br\/index.php\/wp-json\/wp\/v2\/posts\/53785","targetHints":{"allow":["GET"]}}],"collection":[{"href":"https:\/\/ejornais.com.br\/index.php\/wp-json\/wp\/v2\/posts"}],"about":[{"href":"https:\/\/ejornais.com.br\/index.php\/wp-json\/wp\/v2\/types\/post"}],"author":[{"embeddable":true,"href":"https:\/\/ejornais.com.br\/index.php\/wp-json\/wp\/v2\/users\/2"}],"replies":[{"embeddable":true,"href":"https:\/\/ejornais.com.br\/index.php\/wp-json\/wp\/v2\/comments?post=53785"}],"version-history":[{"count":0,"href":"https:\/\/ejornais.com.br\/index.php\/wp-json\/wp\/v2\/posts\/53785\/revisions"}],"wp:attachment":[{"href":"https:\/\/ejornais.com.br\/index.php\/wp-json\/wp\/v2\/media?parent=53785"}],"wp:term":[{"taxonomy":"category","embeddable":true,"href":"https:\/\/ejornais.com.br\/index.php\/wp-json\/wp\/v2\/categories?post=53785"},{"taxonomy":"post_tag","embeddable":true,"href":"https:\/\/ejornais.com.br\/index.php\/wp-json\/wp\/v2\/tags?post=53785"}],"curies":[{"name":"wp","href":"https:\/\/api.w.org\/{rel}","templated":true}]}}