{"id":53973,"date":"2025-10-12T22:20:52","date_gmt":"2025-10-13T01:20:52","guid":{"rendered":"https:\/\/ejornais.com.br\/index.php\/2025\/10\/12\/hospital-geral-de-nova-iguacu-celebra-dia-das-criancas-com-pacientes-da-pediatria\/"},"modified":"2025-10-12T22:20:52","modified_gmt":"2025-10-13T01:20:52","slug":"hospital-geral-de-nova-iguacu-celebra-dia-das-criancas-com-pacientes-da-pediatria","status":"publish","type":"post","link":"https:\/\/ejornais.com.br\/index.php\/2025\/10\/12\/hospital-geral-de-nova-iguacu-celebra-dia-das-criancas-com-pacientes-da-pediatria\/","title":{"rendered":"Hospital Geral de Nova Igua\u00e7u celebra Dia das Crian\u00e7as com pacientes da pediatria"},"content":{"rendered":"<p><\/p>\n<div id=\"post_35961\">\n<header>\n<h2>Hospital Geral de Nova Igua\u00e7u celebra Dia das Crian\u00e7as com pacientes da pediatria<\/h2>\n<h4>\n                <em><br \/>\n                    <time class=\"text-muted\" datetime=\"10-10-2025\">10 de outubro de 2025<\/time><br \/>\n                <\/em><br \/>\n            <\/h4>\n<\/header>\n<section>\n<p style=\"text-align: justify;\">O Dia das Crian\u00e7as chegou mais cedo na pediatria do Hospital Geral de Nova Igua\u00e7u (HGNI). Nesta sexta-feira (10), os pequenos pacientes e seus familiares foram surpreendidos pelos personagens Woody e Jesse, do filme \u201cToy Story\u201d. Eles percorreram o setor distribuindo presentes e interagindo com as crian\u00e7as, levando alegria para o ambiente hospitalar.<\/p>\n<p style=\"text-align: justify;\">A celebra\u00e7\u00e3o aconteceu na Brinquedoteca, onde as crian\u00e7as brincaram com os personagens e com novos brinquedos no parquinho. Quem n\u00e3o p\u00f4de se deslocar at\u00e9 a \u00e1rea de recrea\u00e7\u00e3o recebeu a visita de Woody e Jesse \u00e0 beira do leito, garantindo momentos de divers\u00e3o e descontra\u00e7\u00e3o tamb\u00e9m nas enfermarias.<\/p>\n<p>\u00a0<\/p>\n<p style=\"text-align: justify;\">O diretor-geral do HGNI, Ulisses Melo, destacou que a\u00e7\u00f5es como essa fazem parte das atividades de humaniza\u00e7\u00e3o do hospital, voltadas ao acolhimento e cuidado integral dos pacientes. \u201cSabemos que o ambiente hospitalar pode ser dif\u00edcil, especialmente para as crian\u00e7as. Por isso, promovemos momentos como este, que trazem leveza e alegria, ajudando na recupera\u00e7\u00e3o. \u00c9 uma forma de mostrar que o cuidado vai al\u00e9m do tratamento m\u00e9dico\u201d, afirmou.<\/p>\n<p style=\"text-align: justify;\">O evento tamb\u00e9m foi de alegria para pais e acompanhantes, que registraram fotos, abriram presentes e se divertiram com os filhos. Entre eles estava B\u00e1rbara Maria, de 33 anos, m\u00e3e do pequeno Felipe, de 4 anos, internado com infec\u00e7\u00e3o urin\u00e1ria.<\/p>\n<p style=\"text-align: justify;\">\u201cA gente tem plano de sa\u00fade, mas mesmo assim trouxe meu filho para a unidade p\u00fablica, porque sempre fomos bem acolhidos. Ver uma a\u00e7\u00e3o como essa refor\u00e7a que fiz a escolha certa. \u00c9 lindo ver o carinho com que tratam as crian\u00e7as, mesmo em momentos delicados\u201d, contou B\u00e1rbara.<\/p>\n<\/p>\n<\/section><\/div>\n","protected":false},"excerpt":{"rendered":"<p>Hospital Geral de Nova Igua\u00e7u celebra Dia das Crian\u00e7as com pacientes da pediatria 10 de outubro de 2025 O Dia<\/p>\n","protected":false},"author":2,"featured_media":0,"comment_status":"","ping_status":"","sticky":false,"template":"","format":"standard","meta":{"colormag_page_container_layout":"default_layout","colormag_page_sidebar_layout":"default_layout","footnotes":""},"categories":[1],"tags":[],"class_list":["post-53973","post","type-post","status-publish","format-standard","hentry","category-ejornais"],"aioseo_notices":[],"amp_enabled":true,"_links":{"self":[{"href":"https:\/\/ejornais.com.br\/index.php\/wp-json\/wp\/v2\/posts\/53973","targetHints":{"allow":["GET"]}}],"collection":[{"href":"https:\/\/ejornais.com.br\/index.php\/wp-json\/wp\/v2\/posts"}],"about":[{"href":"https:\/\/ejornais.com.br\/index.php\/wp-json\/wp\/v2\/types\/post"}],"author":[{"embeddable":true,"href":"https:\/\/ejornais.com.br\/index.php\/wp-json\/wp\/v2\/users\/2"}],"replies":[{"embeddable":true,"href":"https:\/\/ejornais.com.br\/index.php\/wp-json\/wp\/v2\/comments?post=53973"}],"version-history":[{"count":0,"href":"https:\/\/ejornais.com.br\/index.php\/wp-json\/wp\/v2\/posts\/53973\/revisions"}],"wp:attachment":[{"href":"https:\/\/ejornais.com.br\/index.php\/wp-json\/wp\/v2\/media?parent=53973"}],"wp:term":[{"taxonomy":"category","embeddable":true,"href":"https:\/\/ejornais.com.br\/index.php\/wp-json\/wp\/v2\/categories?post=53973"},{"taxonomy":"post_tag","embeddable":true,"href":"https:\/\/ejornais.com.br\/index.php\/wp-json\/wp\/v2\/tags?post=53973"}],"curies":[{"name":"wp","href":"https:\/\/api.w.org\/{rel}","templated":true}]}}