{"id":54240,"date":"2025-10-17T01:45:38","date_gmt":"2025-10-17T04:45:38","guid":{"rendered":"https:\/\/ejornais.com.br\/index.php\/2025\/10\/17\/agencia-minas-gerais-epamig-inicia-pesquisas-sobre-cultivo-do-cacau\/"},"modified":"2025-10-17T01:45:38","modified_gmt":"2025-10-17T04:45:38","slug":"agencia-minas-gerais-epamig-inicia-pesquisas-sobre-cultivo-do-cacau","status":"publish","type":"post","link":"https:\/\/ejornais.com.br\/index.php\/2025\/10\/17\/agencia-minas-gerais-epamig-inicia-pesquisas-sobre-cultivo-do-cacau\/","title":{"rendered":"Ag\u00eancia Minas Gerais | Epamig inicia pesquisas sobre cultivo do cacau"},"content":{"rendered":"<p><\/p>\n<div>\n<p dir=\"ltr\">A\u00a0Empresa de Pesquisa Agropecu\u00e1ria de Minas Gerais (Epamig)\u00a0est\u00e1 desenvolvendo o seu primeiro projeto de pesquisa voltado para o cultivo de cacau. Os estudos buscam gerar conhecimento t\u00e9cnico e cient\u00edfico sobre o comportamento do cacaueiro em diferentes sistemas de cultivo nas condi\u00e7\u00f5es clim\u00e1ticas do Norte mineiro.<\/p>\n<p>A regi\u00e3o possui grande potencial para o desenvolvimento da cultura, devido \u00e0s caracter\u00edsticas de clima, solo e estruturas favor\u00e1veis. Al\u00e9m da atratividade econ\u00f4mica, o cacau representa uma alternativa sustent\u00e1vel, capaz de recuperar \u00e1reas degradadas e contribuir para a mitiga\u00e7\u00e3o das mudan\u00e7as clim\u00e1ticas.<\/p>\n<p><strong>Perspectivas do projeto<\/strong><\/p>\n<p>O projeto\u00a0\u201cDesempenho Agron\u00f4mico do Cacaueiro Cultivado em Pleno Sol e Consorciado com Bananeira no Semi\u00e1rido Mineiro\u201d \u00e9 financiado pela\u00a0Funda\u00e7\u00e3o de Amparo \u00e0 Pesquisa do Estado de Minas Gerais (Fapemig), por meio do edital de \u201cDemanda Universal\u201d, o que refor\u00e7a o car\u00e1ter cient\u00edfico e inovador da iniciativa dentro das a\u00e7\u00f5es de pesquisa agropecu\u00e1ria em Minas.<\/p>\n<p>\u201cAtualmente, o projeto est\u00e1 na fase de prepara\u00e7\u00e3o das \u00e1reas experimentais e aquisi\u00e7\u00e3o dos materiais necess\u00e1rios, entre eles as mudas para plantio, que ser\u00e3o implantadas nas unidades da Epamig Norte, nos Campos Experimentais de Mocambinho e Gorutuba, em abril de 2026\u201d, comenta Wlly Dias, pesquisadora da Epamig e coordenadora do projeto.<\/p>\n<p>Segundo ela, as atividades futuras englobam a verifica\u00e7\u00e3o do impacto do cons\u00f3rcio com a bananeira em diferentes espa\u00e7amentos, a an\u00e1lise do uso de prote\u00e7\u00e3o solar nas folhas do cacaueiro, diante da plena exposi\u00e7\u00e3o ao sol, e a viabilidade e benef\u00edcios para as condi\u00e7\u00f5es do semi\u00e1rido.<\/p>\n<p>A partir do fortalecimento das a\u00e7\u00f5es, a Epamig planeja a cria\u00e7\u00e3o e difus\u00e3o de tecnologias voltadas para toda a cadeia produtiva do cacau, desde a produ\u00e7\u00e3o de mudas qualificadas at\u00e9 o processamento das am\u00eandoas.<\/p>\n<p>\u201cProjetos como esse ajudam a unir for\u00e7as para alavancar a produ\u00e7\u00e3o mineira e nacional, levando em considera\u00e7\u00e3o que o Brasil est\u00e1 entre os maiores produtores globais de cacau, por\u00e9m ainda n\u00e3o consegue suprir a pr\u00f3pria demanda interna\u201d, enfatiza.<\/p>\n<p><strong>1\u00ba Workshop Cacau<\/strong><\/p>\n<p>No dia 2\/10, foi realizado, em Belo Horizonte, o 1\u00ba Workshop Cacau, promovido pela Fral\u00eda Cacau Brasil e o Invest Minas. A iniciativa in\u00e9dita contou com a participa\u00e7\u00e3o de representantes da Epamig e teve como objetivo fortalecer parcerias e alinhar estrat\u00e9gias de desenvolvimento da cacauicultura em Minas.<\/p>\n<p>Tamb\u00e9m estiveram presentes representantes do BDMG, Sede MG, Seapa, Emater-MG, Ima, Abanorte, Fapemig e a Secretaria de Agricultura de Raul Soares.<\/p>\n<p>\u00a0<\/p>\n<p>\u00a0<\/p>\n<\/p><\/div>\n","protected":false},"excerpt":{"rendered":"<p>A\u00a0Empresa de Pesquisa Agropecu\u00e1ria de Minas Gerais (Epamig)\u00a0est\u00e1 desenvolvendo o seu primeiro projeto de pesquisa voltado para o cultivo de<\/p>\n","protected":false},"author":2,"featured_media":0,"comment_status":"","ping_status":"","sticky":false,"template":"","format":"standard","meta":{"colormag_page_container_layout":"default_layout","colormag_page_sidebar_layout":"default_layout","footnotes":""},"categories":[1],"tags":[],"class_list":["post-54240","post","type-post","status-publish","format-standard","hentry","category-ejornais"],"aioseo_notices":[],"amp_enabled":true,"_links":{"self":[{"href":"https:\/\/ejornais.com.br\/index.php\/wp-json\/wp\/v2\/posts\/54240","targetHints":{"allow":["GET"]}}],"collection":[{"href":"https:\/\/ejornais.com.br\/index.php\/wp-json\/wp\/v2\/posts"}],"about":[{"href":"https:\/\/ejornais.com.br\/index.php\/wp-json\/wp\/v2\/types\/post"}],"author":[{"embeddable":true,"href":"https:\/\/ejornais.com.br\/index.php\/wp-json\/wp\/v2\/users\/2"}],"replies":[{"embeddable":true,"href":"https:\/\/ejornais.com.br\/index.php\/wp-json\/wp\/v2\/comments?post=54240"}],"version-history":[{"count":0,"href":"https:\/\/ejornais.com.br\/index.php\/wp-json\/wp\/v2\/posts\/54240\/revisions"}],"wp:attachment":[{"href":"https:\/\/ejornais.com.br\/index.php\/wp-json\/wp\/v2\/media?parent=54240"}],"wp:term":[{"taxonomy":"category","embeddable":true,"href":"https:\/\/ejornais.com.br\/index.php\/wp-json\/wp\/v2\/categories?post=54240"},{"taxonomy":"post_tag","embeddable":true,"href":"https:\/\/ejornais.com.br\/index.php\/wp-json\/wp\/v2\/tags?post=54240"}],"curies":[{"name":"wp","href":"https:\/\/api.w.org\/{rel}","templated":true}]}}