{"id":54260,"date":"2025-10-17T09:27:52","date_gmt":"2025-10-17T12:27:52","guid":{"rendered":"https:\/\/ejornais.com.br\/index.php\/2025\/10\/17\/escolas-de-mato-grosso-do-sul-passam-por-avaliacoes-nacional-e-regional-a-partir-de-segunda-feira\/"},"modified":"2025-10-17T09:27:52","modified_gmt":"2025-10-17T12:27:52","slug":"escolas-de-mato-grosso-do-sul-passam-por-avaliacoes-nacional-e-regional-a-partir-de-segunda-feira","status":"publish","type":"post","link":"https:\/\/ejornais.com.br\/index.php\/2025\/10\/17\/escolas-de-mato-grosso-do-sul-passam-por-avaliacoes-nacional-e-regional-a-partir-de-segunda-feira\/","title":{"rendered":"Escolas de Mato Grosso do Sul passam por avalia\u00e7\u00f5es nacional e regional a partir de segunda-feira"},"content":{"rendered":"<p><\/p>\n<div>\n<p style=\"text-align: center;\"><em>Per\u00edodo para realiza\u00e7\u00e3o das provas come\u00e7a no dia 20 de outubro; as duas etapas, Saeb e Saems, acontecem nos meses de outubro e novembro<\/em><\/p>\n<p>As escolas de Mato Grosso do Sul se preparam para um importante ciclo de avalia\u00e7\u00f5es em larga escala, dividido em duas etapas fundamentais para a Educa\u00e7\u00e3o do Estado. A primeira etapa \u00e9 a aplica\u00e7\u00e3o do Saeb (Sistema de Avalia\u00e7\u00e3o da Educa\u00e7\u00e3o B\u00e1sica), entre os dias 20 e 31 de outubro de 2025.<\/p>\n<p>Vinculado ao MEC (Minist\u00e9rio da Educa\u00e7\u00e3o), o Inep (Instituto Nacional de Estudos e Pesquisas Educacionais An\u00edsio Teixeira) \u00e9 quem coordena o Saeb, que tem car\u00e1ter nacional e avalia estudantes do 2\u00ba, 5\u00ba e 9\u00ba anos do Ensino Fundamental e da 3\u00aa s\u00e9rie do Ensino M\u00e9dio, em L\u00edngua Portuguesa e Matem\u00e1tica.<\/p>\n<p>Tamb\u00e9m s\u00e3o aplicados question\u00e1rios contextuais a estudantes, professores e diretores. Os resultados do Saeb ajudam a compor o Ideb (\u00cdndice de Desenvolvimento da Educa\u00e7\u00e3o B\u00e1sica), indicador que compara o desempenho das redes em todo o pa\u00eds.<\/p>\n<p>J\u00e1 a segunda etapa \u00e9 a aplica\u00e7\u00e3o do Saems (Sistema de Avalia\u00e7\u00e3o da Educa\u00e7\u00e3o B\u00e1sica de Mato Grosso do Sul), entre 10 e 25 de novembro de 2025. Avalia\u00e7\u00e3o estadual realizada pela SED (Secretaria de Estado de Educa\u00e7\u00e3o), o Saems \u00e9 voltado exclusivamente \u00e0 Rede Estadual de Ensino.<\/p>\n<p>Em 2025, ser\u00e3o avaliados os estudantes do 5\u00ba e 9\u00ba anos do Ensino Fundamental e das tr\u00eas s\u00e9ries do Ensino M\u00e9dio, tamb\u00e9m em L\u00edngua Portuguesa (com produ\u00e7\u00e3o de texto) e Matem\u00e1tica. Uma das novidades \u00e9 a aplica\u00e7\u00e3o dos question\u00e1rios contextuais para professores e estudantes do 5\u00ba ano, ampliando o entendimento sobre os fatores que impactam a aprendizagem.<\/p>\n<figure id=\"attachment_523091\" aria-describedby=\"caption-attachment-523091\" style=\"width: 1024px\" class=\"wp-caption aligncenter\"><figcaption id=\"caption-attachment-523091\" class=\"wp-caption-text\">Alunos da escola estadual Lucia Martins Coelho, em Campo Grande (Foto: Bruno Rezende\/Secom\/Arquivo)<\/figcaption><\/figure>\n<p>&#8220;Contamos com a participa\u00e7\u00e3o de todos, estudantes, professores, gestores e fam\u00edlias, nesse momento t\u00e3o importante para a nossa Educa\u00e7\u00e3o. O Saeb e o Saems s\u00e3o ferramentas que nos ajudam a entender onde estamos e para onde precisamos ir. Vamos juntos mostrar o quanto estamos aprendendo e construir uma escola cada vez melhor para todos&#8221;, destaca o secret\u00e1rio estadual de Educa\u00e7\u00e3o, H\u00e9lio Daher.<\/p>\n<p>Embora sejam realizadas em per\u00edodos pr\u00f3ximos, o Saeb e o Saems s\u00e3o avalia\u00e7\u00f5es distintas, cada uma com sua proposta e abrang\u00eancia. Contudo, ambas t\u00eam papel estrat\u00e9gico para a melhoria da qualidade da Educa\u00e7\u00e3o, pois permitem que escolas, munic\u00edpios e o pr\u00f3prio Estado analisem com profundidade como est\u00e1 o andamento do processo de aprendizagem.<\/p>\n<p>Os resultados das duas avalia\u00e7\u00f5es servem como base para criar, monitorar e melhorar pol\u00edticas educacionais sob um olhar nacional, no caso da Saeb, e tamb\u00e9m sob um olhar regional, como acontece com o Saems. O foco sempre fica na realidade de cada rede de ensino.<\/p>\n<p>&#8220;Os resultados do Saeb e do Saems n\u00e3o devem ser vistos como cobran\u00e7a ou competi\u00e7\u00e3o, mas sim como ferramentas para refletir, planejar e agir com base em evid\u00eancias reais da aprendizagem. Eles ajudam cada escola a identificar suas conquistas, compreender seus desafios e tra\u00e7ar estrat\u00e9gias para melhorar ainda mais o ensino&#8221;, finaliza Daher.<\/p>\n<p>Para mais informa\u00e7\u00f5es sobre o Saeb, Saems e outras a\u00e7\u00f5es de avalia\u00e7\u00e3o da aprendizagem no estado, acesse a p\u00e1gina oficial de avalia\u00e7\u00f5es da SED, <span style=\"color: #0000ff;\">www.sed.ms.gov.br\/avalia<\/span>.<\/p>\n<p><em>Comunica\u00e7\u00e3o SED<\/em><br \/><em>Edi\u00e7\u00e3o: Nyelder Rodrigues<\/em><\/p>\n<\/div>\n","protected":false},"excerpt":{"rendered":"<p>Per\u00edodo para realiza\u00e7\u00e3o das provas come\u00e7a no dia 20 de outubro; as duas etapas, Saeb e Saems, acontecem nos meses<\/p>\n","protected":false},"author":2,"featured_media":0,"comment_status":"","ping_status":"","sticky":false,"template":"","format":"standard","meta":{"colormag_page_container_layout":"default_layout","colormag_page_sidebar_layout":"default_layout","footnotes":""},"categories":[1],"tags":[],"class_list":["post-54260","post","type-post","status-publish","format-standard","hentry","category-ejornais"],"aioseo_notices":[],"aioseo_head":"\n\t\t<!-- All in One SEO 5.0.1.1 - aioseo.com -->\n\t<meta name=\"description\" content=\"Per\u00edodo para realiza\u00e7\u00e3o das provas come\u00e7a no dia 20 de outubro; as duas etapas, Saeb e Saems, acontecem nos meses de outubro e novembro As escolas de Mato Grosso do Sul se preparam para um importante ciclo de avalia\u00e7\u00f5es em larga escala, dividido em duas etapas fundamentais para a Educa\u00e7\u00e3o do Estado. A primeira etapa\" \/>\n\t<meta name=\"robots\" content=\"max-image-preview:large\" \/>\n\t<meta name=\"author\" content=\"admin1\"\/>\n\t<link rel=\"canonical\" href=\"https:\/\/ejornais.com.br\/index.php\/2025\/10\/17\/escolas-de-mato-grosso-do-sul-passam-por-avaliacoes-nacional-e-regional-a-partir-de-segunda-feira\/\" \/>\n\t<meta name=\"generator\" content=\"All in One SEO (AIOSEO) 5.0.1.1\" \/>\n\t\t<meta property=\"og:locale\" content=\"pt_BR\" \/>\n\t\t<meta property=\"og:site_name\" content=\"eJornais - Cat\u00e1logo de Jornais no mundo, Not\u00edcias, Blog e Esportes ao vivo\" \/>\n\t\t<meta property=\"og:type\" content=\"article\" \/>\n\t\t<meta property=\"og:title\" content=\"Escolas de Mato Grosso do Sul passam por avalia\u00e7\u00f5es nacional e regional a partir de segunda-feira - eJornais\" \/>\n\t\t<meta property=\"og:description\" content=\"Per\u00edodo para realiza\u00e7\u00e3o das provas come\u00e7a no dia 20 de outubro; as duas etapas, Saeb e Saems, acontecem nos meses de outubro e novembro As escolas de Mato Grosso do Sul se preparam para um importante ciclo de avalia\u00e7\u00f5es em larga escala, dividido em duas etapas fundamentais para a Educa\u00e7\u00e3o do Estado. A primeira etapa\" \/>\n\t\t<meta property=\"og:url\" content=\"https:\/\/ejornais.com.br\/index.php\/2025\/10\/17\/escolas-de-mato-grosso-do-sul-passam-por-avaliacoes-nacional-e-regional-a-partir-de-segunda-feira\/\" \/>\n\t\t<meta property=\"article:published_time\" content=\"2025-10-17T12:27:52+00:00\" \/>\n\t\t<meta property=\"article:modified_time\" content=\"2025-10-17T12:27:52+00:00\" \/>\n\t\t<meta name=\"twitter:card\" content=\"summary_large_image\" \/>\n\t\t<meta name=\"twitter:title\" content=\"Escolas de Mato Grosso do Sul passam por avalia\u00e7\u00f5es nacional e regional a partir de segunda-feira - eJornais\" \/>\n\t\t<meta name=\"twitter:description\" content=\"Per\u00edodo para realiza\u00e7\u00e3o das provas come\u00e7a no dia 20 de outubro; as duas etapas, Saeb e Saems, acontecem nos meses de outubro e novembro As escolas de Mato Grosso do Sul se preparam para um importante ciclo de avalia\u00e7\u00f5es em larga escala, dividido em duas etapas fundamentais para a Educa\u00e7\u00e3o do Estado. A primeira etapa\" \/>\n\t\t<script type=\"application\/ld+json\" class=\"aioseo-schema\">\n\t\t\t{\"@context\":\"https:\\\/\\\/schema.org\",\"@graph\":[{\"@type\":\"BlogPosting\",\"@id\":\"https:\\\/\\\/ejornais.com.br\\\/index.php\\\/2025\\\/10\\\/17\\\/escolas-de-mato-grosso-do-sul-passam-por-avaliacoes-nacional-e-regional-a-partir-de-segunda-feira\\\/#blogposting\",\"name\":\"Escolas de Mato Grosso do Sul passam por avalia\\u00e7\\u00f5es nacional e regional a partir de segunda-feira - eJornais\",\"headline\":\"Escolas de Mato Grosso do Sul passam por avalia\\u00e7\\u00f5es nacional e regional a partir de segunda-feira\",\"author\":{\"@id\":\"https:\\\/\\\/ejornais.com.br\\\/index.php\\\/author\\\/admin1\\\/#author\"},\"publisher\":{\"@id\":\"https:\\\/\\\/ejornais.com.br\\\/#organization\"},\"datePublished\":\"2025-10-17T09:27:52-03:00\",\"dateModified\":\"2025-10-17T09:27:52-03:00\",\"inLanguage\":\"pt-BR\",\"mainEntityOfPage\":{\"@id\":\"https:\\\/\\\/ejornais.com.br\\\/index.php\\\/2025\\\/10\\\/17\\\/escolas-de-mato-grosso-do-sul-passam-por-avaliacoes-nacional-e-regional-a-partir-de-segunda-feira\\\/#webpage\"},\"isPartOf\":{\"@id\":\"https:\\\/\\\/ejornais.com.br\\\/index.php\\\/2025\\\/10\\\/17\\\/escolas-de-mato-grosso-do-sul-passam-por-avaliacoes-nacional-e-regional-a-partir-de-segunda-feira\\\/#webpage\"},\"articleSection\":\"Cat\\u00e1logo de Jornais\"},{\"@type\":\"BreadcrumbList\",\"@id\":\"https:\\\/\\\/ejornais.com.br\\\/index.php\\\/2025\\\/10\\\/17\\\/escolas-de-mato-grosso-do-sul-passam-por-avaliacoes-nacional-e-regional-a-partir-de-segunda-feira\\\/#breadcrumblist\",\"itemListElement\":[{\"@type\":\"ListItem\",\"@id\":\"https:\\\/\\\/ejornais.com.br#listItem\",\"position\":1,\"name\":\"In\\u00edcio\",\"item\":\"https:\\\/\\\/ejornais.com.br\",\"nextItem\":{\"@type\":\"ListItem\",\"@id\":\"https:\\\/\\\/ejornais.com.br\\\/index.php\\\/category\\\/ejornais\\\/#listItem\",\"name\":\"Cat\\u00e1logo de Jornais\"}},{\"@type\":\"ListItem\",\"@id\":\"https:\\\/\\\/ejornais.com.br\\\/index.php\\\/category\\\/ejornais\\\/#listItem\",\"position\":2,\"name\":\"Cat\\u00e1logo de Jornais\",\"item\":\"https:\\\/\\\/ejornais.com.br\\\/index.php\\\/category\\\/ejornais\\\/\",\"nextItem\":{\"@type\":\"ListItem\",\"@id\":\"https:\\\/\\\/ejornais.com.br\\\/index.php\\\/2025\\\/10\\\/17\\\/escolas-de-mato-grosso-do-sul-passam-por-avaliacoes-nacional-e-regional-a-partir-de-segunda-feira\\\/#listItem\",\"name\":\"Escolas de Mato Grosso do Sul passam por avalia\\u00e7\\u00f5es nacional e regional a partir de segunda-feira\"},\"previousItem\":{\"@type\":\"ListItem\",\"@id\":\"https:\\\/\\\/ejornais.com.br#listItem\",\"name\":\"In\\u00edcio\"}},{\"@type\":\"ListItem\",\"@id\":\"https:\\\/\\\/ejornais.com.br\\\/index.php\\\/2025\\\/10\\\/17\\\/escolas-de-mato-grosso-do-sul-passam-por-avaliacoes-nacional-e-regional-a-partir-de-segunda-feira\\\/#listItem\",\"position\":3,\"name\":\"Escolas de Mato Grosso do Sul passam por avalia\\u00e7\\u00f5es nacional e regional a partir de segunda-feira\",\"previousItem\":{\"@type\":\"ListItem\",\"@id\":\"https:\\\/\\\/ejornais.com.br\\\/index.php\\\/category\\\/ejornais\\\/#listItem\",\"name\":\"Cat\\u00e1logo de Jornais\"}}]},{\"@type\":\"Organization\",\"@id\":\"https:\\\/\\\/ejornais.com.br\\\/#organization\",\"name\":\"eJornais\",\"description\":\"Cat\\u00e1logo de Jornais no mundo, Not\\u00edcias, Blog e Esportes ao vivo\",\"url\":\"https:\\\/\\\/ejornais.com.br\\\/\"},{\"@type\":\"Person\",\"@id\":\"https:\\\/\\\/ejornais.com.br\\\/index.php\\\/author\\\/admin1\\\/#author\",\"url\":\"https:\\\/\\\/ejornais.com.br\\\/index.php\\\/author\\\/admin1\\\/\",\"name\":\"admin1\",\"image\":{\"@type\":\"ImageObject\",\"@id\":\"https:\\\/\\\/ejornais.com.br\\\/index.php\\\/2025\\\/10\\\/17\\\/escolas-de-mato-grosso-do-sul-passam-por-avaliacoes-nacional-e-regional-a-partir-de-segunda-feira\\\/#authorImage\",\"url\":\"https:\\\/\\\/secure.gravatar.com\\\/avatar\\\/04084e6d73c042b8646e7c17b494073bf0ede3ea13c7105cfc45cbbbc28385a4?s=96&d=mm&r=g\",\"width\":96,\"height\":96,\"caption\":\"admin1\"}},{\"@type\":\"WebPage\",\"@id\":\"https:\\\/\\\/ejornais.com.br\\\/index.php\\\/2025\\\/10\\\/17\\\/escolas-de-mato-grosso-do-sul-passam-por-avaliacoes-nacional-e-regional-a-partir-de-segunda-feira\\\/#webpage\",\"url\":\"https:\\\/\\\/ejornais.com.br\\\/index.php\\\/2025\\\/10\\\/17\\\/escolas-de-mato-grosso-do-sul-passam-por-avaliacoes-nacional-e-regional-a-partir-de-segunda-feira\\\/\",\"name\":\"Escolas de Mato Grosso do Sul passam por avalia\\u00e7\\u00f5es nacional e regional a partir de segunda-feira - eJornais\",\"description\":\"Per\\u00edodo para realiza\\u00e7\\u00e3o das provas come\\u00e7a no dia 20 de outubro; as duas etapas, Saeb e Saems, acontecem nos meses de outubro e novembro As escolas de Mato Grosso do Sul se preparam para um importante ciclo de avalia\\u00e7\\u00f5es em larga escala, dividido em duas etapas fundamentais para a Educa\\u00e7\\u00e3o do Estado. A primeira etapa\",\"inLanguage\":\"pt-BR\",\"isPartOf\":{\"@id\":\"https:\\\/\\\/ejornais.com.br\\\/#website\"},\"breadcrumb\":{\"@id\":\"https:\\\/\\\/ejornais.com.br\\\/index.php\\\/2025\\\/10\\\/17\\\/escolas-de-mato-grosso-do-sul-passam-por-avaliacoes-nacional-e-regional-a-partir-de-segunda-feira\\\/#breadcrumblist\"},\"author\":{\"@id\":\"https:\\\/\\\/ejornais.com.br\\\/index.php\\\/author\\\/admin1\\\/#author\"},\"creator\":{\"@id\":\"https:\\\/\\\/ejornais.com.br\\\/index.php\\\/author\\\/admin1\\\/#author\"},\"datePublished\":\"2025-10-17T09:27:52-03:00\",\"dateModified\":\"2025-10-17T09:27:52-03:00\"},{\"@type\":\"WebSite\",\"@id\":\"https:\\\/\\\/ejornais.com.br\\\/#website\",\"url\":\"https:\\\/\\\/ejornais.com.br\\\/\",\"name\":\"eJornais\",\"description\":\"Cat\\u00e1logo de Jornais no mundo, Not\\u00edcias, Blog e Esportes ao vivo\",\"inLanguage\":\"pt-BR\",\"publisher\":{\"@id\":\"https:\\\/\\\/ejornais.com.br\\\/#organization\"}}]}\n\t\t<\/script>\n\t\t<!-- All in One SEO -->\n\n","aioseo_head_json":{"title":"Escolas de Mato Grosso do Sul passam por avalia\u00e7\u00f5es nacional e regional a partir de segunda-feira - eJornais","description":"Per\u00edodo para realiza\u00e7\u00e3o das provas come\u00e7a no dia 20 de outubro; as duas etapas, Saeb e Saems, acontecem nos meses de outubro e novembro As escolas de Mato Grosso do Sul se preparam para um importante ciclo de avalia\u00e7\u00f5es em larga escala, dividido em duas etapas fundamentais para a Educa\u00e7\u00e3o do Estado. A primeira etapa","canonical_url":"https:\/\/ejornais.com.br\/index.php\/2025\/10\/17\/escolas-de-mato-grosso-do-sul-passam-por-avaliacoes-nacional-e-regional-a-partir-de-segunda-feira\/","robots":"max-image-preview:large","keywords":"","webmasterTools":{"miscellaneous":""},"schema":{"@context":"https:\/\/schema.org","@graph":[{"@type":"BlogPosting","@id":"https:\/\/ejornais.com.br\/index.php\/2025\/10\/17\/escolas-de-mato-grosso-do-sul-passam-por-avaliacoes-nacional-e-regional-a-partir-de-segunda-feira\/#blogposting","name":"Escolas de Mato Grosso do Sul passam por avalia\u00e7\u00f5es nacional e regional a partir de segunda-feira - eJornais","headline":"Escolas de Mato Grosso do Sul passam por avalia\u00e7\u00f5es nacional e regional a partir de segunda-feira","author":{"@id":"https:\/\/ejornais.com.br\/index.php\/author\/admin1\/#author"},"publisher":{"@id":"https:\/\/ejornais.com.br\/#organization"},"datePublished":"2025-10-17T09:27:52-03:00","dateModified":"2025-10-17T09:27:52-03:00","inLanguage":"pt-BR","mainEntityOfPage":{"@id":"https:\/\/ejornais.com.br\/index.php\/2025\/10\/17\/escolas-de-mato-grosso-do-sul-passam-por-avaliacoes-nacional-e-regional-a-partir-de-segunda-feira\/#webpage"},"isPartOf":{"@id":"https:\/\/ejornais.com.br\/index.php\/2025\/10\/17\/escolas-de-mato-grosso-do-sul-passam-por-avaliacoes-nacional-e-regional-a-partir-de-segunda-feira\/#webpage"},"articleSection":"Cat\u00e1logo de Jornais"},{"@type":"BreadcrumbList","@id":"https:\/\/ejornais.com.br\/index.php\/2025\/10\/17\/escolas-de-mato-grosso-do-sul-passam-por-avaliacoes-nacional-e-regional-a-partir-de-segunda-feira\/#breadcrumblist","itemListElement":[{"@type":"ListItem","@id":"https:\/\/ejornais.com.br#listItem","position":1,"name":"In\u00edcio","item":"https:\/\/ejornais.com.br","nextItem":{"@type":"ListItem","@id":"https:\/\/ejornais.com.br\/index.php\/category\/ejornais\/#listItem","name":"Cat\u00e1logo de Jornais"}},{"@type":"ListItem","@id":"https:\/\/ejornais.com.br\/index.php\/category\/ejornais\/#listItem","position":2,"name":"Cat\u00e1logo de Jornais","item":"https:\/\/ejornais.com.br\/index.php\/category\/ejornais\/","nextItem":{"@type":"ListItem","@id":"https:\/\/ejornais.com.br\/index.php\/2025\/10\/17\/escolas-de-mato-grosso-do-sul-passam-por-avaliacoes-nacional-e-regional-a-partir-de-segunda-feira\/#listItem","name":"Escolas de Mato Grosso do Sul passam por avalia\u00e7\u00f5es nacional e regional a partir de segunda-feira"},"previousItem":{"@type":"ListItem","@id":"https:\/\/ejornais.com.br#listItem","name":"In\u00edcio"}},{"@type":"ListItem","@id":"https:\/\/ejornais.com.br\/index.php\/2025\/10\/17\/escolas-de-mato-grosso-do-sul-passam-por-avaliacoes-nacional-e-regional-a-partir-de-segunda-feira\/#listItem","position":3,"name":"Escolas de Mato Grosso do Sul passam por avalia\u00e7\u00f5es nacional e regional a partir de segunda-feira","previousItem":{"@type":"ListItem","@id":"https:\/\/ejornais.com.br\/index.php\/category\/ejornais\/#listItem","name":"Cat\u00e1logo de Jornais"}}]},{"@type":"Organization","@id":"https:\/\/ejornais.com.br\/#organization","name":"eJornais","description":"Cat\u00e1logo de Jornais no mundo, Not\u00edcias, Blog e Esportes ao vivo","url":"https:\/\/ejornais.com.br\/"},{"@type":"Person","@id":"https:\/\/ejornais.com.br\/index.php\/author\/admin1\/#author","url":"https:\/\/ejornais.com.br\/index.php\/author\/admin1\/","name":"admin1","image":{"@type":"ImageObject","@id":"https:\/\/ejornais.com.br\/index.php\/2025\/10\/17\/escolas-de-mato-grosso-do-sul-passam-por-avaliacoes-nacional-e-regional-a-partir-de-segunda-feira\/#authorImage","url":"https:\/\/secure.gravatar.com\/avatar\/04084e6d73c042b8646e7c17b494073bf0ede3ea13c7105cfc45cbbbc28385a4?s=96&d=mm&r=g","width":96,"height":96,"caption":"admin1"}},{"@type":"WebPage","@id":"https:\/\/ejornais.com.br\/index.php\/2025\/10\/17\/escolas-de-mato-grosso-do-sul-passam-por-avaliacoes-nacional-e-regional-a-partir-de-segunda-feira\/#webpage","url":"https:\/\/ejornais.com.br\/index.php\/2025\/10\/17\/escolas-de-mato-grosso-do-sul-passam-por-avaliacoes-nacional-e-regional-a-partir-de-segunda-feira\/","name":"Escolas de Mato Grosso do Sul passam por avalia\u00e7\u00f5es nacional e regional a partir de segunda-feira - eJornais","description":"Per\u00edodo para realiza\u00e7\u00e3o das provas come\u00e7a no dia 20 de outubro; as duas etapas, Saeb e Saems, acontecem nos meses de outubro e novembro As escolas de Mato Grosso do Sul se preparam para um importante ciclo de avalia\u00e7\u00f5es em larga escala, dividido em duas etapas fundamentais para a Educa\u00e7\u00e3o do Estado. A primeira etapa","inLanguage":"pt-BR","isPartOf":{"@id":"https:\/\/ejornais.com.br\/#website"},"breadcrumb":{"@id":"https:\/\/ejornais.com.br\/index.php\/2025\/10\/17\/escolas-de-mato-grosso-do-sul-passam-por-avaliacoes-nacional-e-regional-a-partir-de-segunda-feira\/#breadcrumblist"},"author":{"@id":"https:\/\/ejornais.com.br\/index.php\/author\/admin1\/#author"},"creator":{"@id":"https:\/\/ejornais.com.br\/index.php\/author\/admin1\/#author"},"datePublished":"2025-10-17T09:27:52-03:00","dateModified":"2025-10-17T09:27:52-03:00"},{"@type":"WebSite","@id":"https:\/\/ejornais.com.br\/#website","url":"https:\/\/ejornais.com.br\/","name":"eJornais","description":"Cat\u00e1logo de Jornais no mundo, Not\u00edcias, Blog e Esportes ao vivo","inLanguage":"pt-BR","publisher":{"@id":"https:\/\/ejornais.com.br\/#organization"}}]},"og:locale":"pt_BR","og:site_name":"eJornais - Cat\u00e1logo de Jornais no mundo, Not\u00edcias, Blog e Esportes ao vivo","og:type":"article","og:title":"Escolas de Mato Grosso do Sul passam por avalia\u00e7\u00f5es nacional e regional a partir de segunda-feira - eJornais","og:description":"Per\u00edodo para realiza\u00e7\u00e3o das provas come\u00e7a no dia 20 de outubro; as duas etapas, Saeb e Saems, acontecem nos meses de outubro e novembro As escolas de Mato Grosso do Sul se preparam para um importante ciclo de avalia\u00e7\u00f5es em larga escala, dividido em duas etapas fundamentais para a Educa\u00e7\u00e3o do Estado. A primeira etapa","og:url":"https:\/\/ejornais.com.br\/index.php\/2025\/10\/17\/escolas-de-mato-grosso-do-sul-passam-por-avaliacoes-nacional-e-regional-a-partir-de-segunda-feira\/","article:published_time":"2025-10-17T12:27:52+00:00","article:modified_time":"2025-10-17T12:27:52+00:00","twitter:card":"summary_large_image","twitter:title":"Escolas de Mato Grosso do Sul passam por avalia\u00e7\u00f5es nacional e regional a partir de segunda-feira - eJornais","twitter:description":"Per\u00edodo para realiza\u00e7\u00e3o das provas come\u00e7a no dia 20 de outubro; as duas etapas, Saeb e Saems, acontecem nos meses de outubro e novembro As escolas de Mato Grosso do Sul se preparam para um importante ciclo de avalia\u00e7\u00f5es em larga escala, dividido em duas etapas fundamentais para a Educa\u00e7\u00e3o do Estado. A primeira etapa"},"aioseo_meta_data":{"post_id":"54260","title":null,"description":null,"keywords":null,"keyphrases":null,"primary_term":null,"canonical_url":null,"og_title":null,"og_description":null,"og_object_type":"default","og_image_type":"default","og_image_url":null,"og_image_width":null,"og_image_height":null,"og_image_custom_url":null,"og_image_custom_fields":null,"og_video":null,"og_custom_url":null,"og_article_section":null,"og_article_tags":null,"twitter_use_og":false,"twitter_card":"default","twitter_image_type":"default","twitter_image_url":null,"twitter_image_custom_url":null,"twitter_image_custom_fields":null,"twitter_title":null,"twitter_description":null,"schema":{"blockGraphs":[],"customGraphs":[],"default":{"data":{"Article":[],"Course":[],"Dataset":[],"FAQPage":[],"Movie":[],"Person":[],"Product":[],"ProductReview":[],"Car":[],"Recipe":[],"Service":[],"SoftwareApplication":[],"WebPage":[]},"graphName":"","isEnabled":true},"graphs":[]},"schema_type":"default","schema_type_options":null,"pillar_content":false,"robots_default":true,"robots_noindex":false,"robots_noarchive":false,"robots_nosnippet":false,"robots_nofollow":false,"robots_noimageindex":false,"robots_noodp":false,"robots_notranslate":false,"robots_max_snippet":null,"robots_max_videopreview":null,"robots_max_imagepreview":"large","priority":null,"frequency":null,"local_seo":null,"breadcrumb_settings":null,"limit_modified_date":false,"ai":null,"created":"2025-10-17 12:34:03","updated":"2025-10-17 12:34:03","seo_analyzer_scan_date":null,"focus_keyword":null,"additional_keywords":null,"truseo_locale":null},"aioseo_breadcrumb":"<div class=\"aioseo-breadcrumbs\"><span class=\"aioseo-breadcrumb\">\n\t\t\t<a href=\"https:\/\/ejornais.com.br\" title=\"In\u00edcio\">In\u00edcio<\/a>\n\t\t<\/span><span class=\"aioseo-breadcrumb-separator\">&raquo;<\/span><span class=\"aioseo-breadcrumb\">\n\t\t\t<a href=\"https:\/\/ejornais.com.br\/index.php\/category\/ejornais\/\" title=\"Cat\u00e1logo de Jornais\">Cat\u00e1logo de Jornais<\/a>\n\t\t<\/span><span class=\"aioseo-breadcrumb-separator\">&raquo;<\/span><span class=\"aioseo-breadcrumb\">\n\t\t\tEscolas de Mato Grosso do Sul passam por avalia\u00e7\u00f5es nacional e regional a partir de segunda-feira\n\t\t<\/span><\/div>","aioseo_breadcrumb_json":[{"label":"In\u00edcio","link":"https:\/\/ejornais.com.br"},{"label":"Cat\u00e1logo de Jornais","link":"https:\/\/ejornais.com.br\/index.php\/category\/ejornais\/"},{"label":"Escolas de Mato Grosso do Sul passam por avalia\u00e7\u00f5es nacional e regional a partir de segunda-feira","link":"https:\/\/ejornais.com.br\/index.php\/2025\/10\/17\/escolas-de-mato-grosso-do-sul-passam-por-avaliacoes-nacional-e-regional-a-partir-de-segunda-feira\/"}],"amp_enabled":true,"_links":{"self":[{"href":"https:\/\/ejornais.com.br\/index.php\/wp-json\/wp\/v2\/posts\/54260","targetHints":{"allow":["GET"]}}],"collection":[{"href":"https:\/\/ejornais.com.br\/index.php\/wp-json\/wp\/v2\/posts"}],"about":[{"href":"https:\/\/ejornais.com.br\/index.php\/wp-json\/wp\/v2\/types\/post"}],"author":[{"embeddable":true,"href":"https:\/\/ejornais.com.br\/index.php\/wp-json\/wp\/v2\/users\/2"}],"replies":[{"embeddable":true,"href":"https:\/\/ejornais.com.br\/index.php\/wp-json\/wp\/v2\/comments?post=54260"}],"version-history":[{"count":0,"href":"https:\/\/ejornais.com.br\/index.php\/wp-json\/wp\/v2\/posts\/54260\/revisions"}],"wp:attachment":[{"href":"https:\/\/ejornais.com.br\/index.php\/wp-json\/wp\/v2\/media?parent=54260"}],"wp:term":[{"taxonomy":"category","embeddable":true,"href":"https:\/\/ejornais.com.br\/index.php\/wp-json\/wp\/v2\/categories?post=54260"},{"taxonomy":"post_tag","embeddable":true,"href":"https:\/\/ejornais.com.br\/index.php\/wp-json\/wp\/v2\/tags?post=54260"}],"curies":[{"name":"wp","href":"https:\/\/api.w.org\/{rel}","templated":true}]}}