{"id":54261,"date":"2025-10-17T09:55:51","date_gmt":"2025-10-17T12:55:51","guid":{"rendered":"https:\/\/ejornais.com.br\/index.php\/2025\/10\/17\/bndes-vai-liberar-r-12-bi-para-produtores-rurais-com-perdas-de-safra\/"},"modified":"2025-10-17T09:55:51","modified_gmt":"2025-10-17T12:55:51","slug":"bndes-vai-liberar-r-12-bi-para-produtores-rurais-com-perdas-de-safra","status":"publish","type":"post","link":"https:\/\/ejornais.com.br\/index.php\/2025\/10\/17\/bndes-vai-liberar-r-12-bi-para-produtores-rurais-com-perdas-de-safra\/","title":{"rendered":"BNDES vai liberar R$ 12 bi para produtores rurais com perdas de safra"},"content":{"rendered":"<p> Por MRNews<br \/>\n<\/p>\n<div wp_automatic_readability=\"34.775637688704\">\n<p>Com or\u00e7amento de R$ 12 bilh\u00f5es, o Banco Nacional de Desenvolvimento Econ\u00f4mico e Social (BNDES) abriu, nessa\u00a0quinta-feira (16), protocolo para receber pedidos de cr\u00e9dito no \u00e2mbito do Programa BNDES para Liquida\u00e7\u00e3o de D\u00edvidas Rurais. A finalidade \u00e9 auxiliar a retomada da capacidade econ\u00f4mica e apoiar a recupera\u00e7\u00e3o dos produtores agropecu\u00e1rios que registraram perdas significativas de safra.<\/p>\n<p><strong>As opera\u00e7\u00f5es poder\u00e3o ser feitas\u00a0por meio da rede de institui\u00e7\u00f5es financeiras parceiras credenciadas no BNDES. O financiamento ter\u00e1 prazo de at\u00e9 nove anos, incluindo um de car\u00eancia.<\/strong> O programa vai apoiar produtores rurais, associa\u00e7\u00f5es, condom\u00ednios rurais e cooperativas agr\u00edcolas localizados em munic\u00edpios que, entre 2020 e 2024, tiveram declara\u00e7\u00e3o de estado de calamidade p\u00fablica ou de situa\u00e7\u00e3o de emerg\u00eancia reconhecidas pelo governo federal, em decorr\u00eancia de eventos clim\u00e1ticos adversos.\u00a0<\/p>\n<blockquote wp_automatic_readability=\"15.607142857143\">\n<p>\u201cO BNDES \u00e9 o principal agente do governo federal para a execu\u00e7\u00e3o de pol\u00edticas p\u00fablicas de cr\u00e9dito de longo prazo no pa\u00eds. Assim como ocorreu no Rio Grande do Sul, com empresas afetadas pelos extremos clim\u00e1ticos, o banco oferece aos produtores rurais\u00a0al\u00edvio econ\u00f4mico, para garantir a continuidade da atividade produtiva no campo, especialmente para agricultores familiares e m\u00e9dios produtores, que t\u00eam papel central na seguran\u00e7a alimentar e no desenvolvimento regional\u201d, disse Maria Fernanda Coelho, diretora de Cr\u00e9dito Digital e Gest\u00e3o do Fundo Rio Doce.<\/p>\n<p><strong><a href=\"https:\/\/mrnews.com.br\/index.php\/2025\/10\/17\/saiba-como-solicitar-a-carteira-nacional-docente-do-brasil\/\">Saiba como solicitar a Carteira Nacional Docente do Brasil<\/a><\/strong><\/p>\n<p><strong><a href=\"https:\/\/mrnews.com.br\/index.php\/2025\/10\/17\/falta-de-acesso-a-mamografos-limita-prevencao-do-cancer-de-mama\/\">Falta de acesso a mam\u00f3grafos limita preven\u00e7\u00e3o do c\u00e2ncer de mama<\/a><\/strong><\/p>\n<\/blockquote>\n<p><strong>Do total de recursos, 40% est\u00e3o reservados para produtores benefici\u00e1rios do Programa Nacional de Agricultura Familiar (Pronaf) e do Programa Nacional de Apoio ao M\u00e9dio Produtor Rural (Pronamp), segmentos mais vulner\u00e1veis aos efeitos das perdas de safra<\/strong>.<\/p>\n<\/div>\n","protected":false},"excerpt":{"rendered":"<p>Por MRNews Com or\u00e7amento de R$ 12 bilh\u00f5es, o Banco Nacional de Desenvolvimento Econ\u00f4mico e Social (BNDES) abriu, nessa\u00a0quinta-feira (16),<\/p>\n","protected":false},"author":2,"featured_media":0,"comment_status":"","ping_status":"","sticky":false,"template":"","format":"standard","meta":{"colormag_page_container_layout":"default_layout","colormag_page_sidebar_layout":"default_layout","footnotes":""},"categories":[1],"tags":[],"class_list":["post-54261","post","type-post","status-publish","format-standard","hentry","category-ejornais"],"aioseo_notices":[],"aioseo_head":"\n\t\t<!-- All in One SEO 5.0.1.1 - aioseo.com -->\n\t<meta name=\"description\" content=\"Por MRNews Com or\u00e7amento de R$ 12 bilh\u00f5es, o Banco Nacional de Desenvolvimento Econ\u00f4mico e Social (BNDES) abriu, nessa quinta-feira (16), protocolo para receber pedidos de cr\u00e9dito no \u00e2mbito do Programa BNDES para Liquida\u00e7\u00e3o de D\u00edvidas Rurais. A finalidade \u00e9 auxiliar a retomada da capacidade econ\u00f4mica e apoiar a recupera\u00e7\u00e3o dos produtores agropecu\u00e1rios que registraram perdas\" \/>\n\t<meta name=\"robots\" content=\"max-image-preview:large\" \/>\n\t<meta name=\"author\" content=\"admin1\"\/>\n\t<link rel=\"canonical\" href=\"https:\/\/ejornais.com.br\/index.php\/2025\/10\/17\/bndes-vai-liberar-r-12-bi-para-produtores-rurais-com-perdas-de-safra\/\" \/>\n\t<meta name=\"generator\" content=\"All in One SEO (AIOSEO) 5.0.1.1\" \/>\n\t\t<meta property=\"og:locale\" content=\"pt_BR\" \/>\n\t\t<meta property=\"og:site_name\" content=\"eJornais - Cat\u00e1logo de Jornais no mundo, Not\u00edcias, Blog e Esportes ao vivo\" \/>\n\t\t<meta property=\"og:type\" content=\"article\" \/>\n\t\t<meta property=\"og:title\" content=\"BNDES vai liberar R$ 12 bi para produtores rurais com perdas de safra - eJornais\" \/>\n\t\t<meta property=\"og:description\" content=\"Por MRNews Com or\u00e7amento de R$ 12 bilh\u00f5es, o Banco Nacional de Desenvolvimento Econ\u00f4mico e Social (BNDES) abriu, nessa quinta-feira (16), protocolo para receber pedidos de cr\u00e9dito no \u00e2mbito do Programa BNDES para Liquida\u00e7\u00e3o de D\u00edvidas Rurais. A finalidade \u00e9 auxiliar a retomada da capacidade econ\u00f4mica e apoiar a recupera\u00e7\u00e3o dos produtores agropecu\u00e1rios que registraram perdas\" \/>\n\t\t<meta property=\"og:url\" content=\"https:\/\/ejornais.com.br\/index.php\/2025\/10\/17\/bndes-vai-liberar-r-12-bi-para-produtores-rurais-com-perdas-de-safra\/\" \/>\n\t\t<meta property=\"article:published_time\" content=\"2025-10-17T12:55:51+00:00\" \/>\n\t\t<meta property=\"article:modified_time\" content=\"2025-10-17T12:55:51+00:00\" \/>\n\t\t<meta name=\"twitter:card\" content=\"summary_large_image\" \/>\n\t\t<meta name=\"twitter:title\" content=\"BNDES vai liberar R$ 12 bi para produtores rurais com perdas de safra - eJornais\" \/>\n\t\t<meta name=\"twitter:description\" content=\"Por MRNews Com or\u00e7amento de R$ 12 bilh\u00f5es, o Banco Nacional de Desenvolvimento Econ\u00f4mico e Social (BNDES) abriu, nessa quinta-feira (16), protocolo para receber pedidos de cr\u00e9dito no \u00e2mbito do Programa BNDES para Liquida\u00e7\u00e3o de D\u00edvidas Rurais. A finalidade \u00e9 auxiliar a retomada da capacidade econ\u00f4mica e apoiar a recupera\u00e7\u00e3o dos produtores agropecu\u00e1rios que registraram perdas\" \/>\n\t\t<script type=\"application\/ld+json\" class=\"aioseo-schema\">\n\t\t\t{\"@context\":\"https:\\\/\\\/schema.org\",\"@graph\":[{\"@type\":\"BlogPosting\",\"@id\":\"https:\\\/\\\/ejornais.com.br\\\/index.php\\\/2025\\\/10\\\/17\\\/bndes-vai-liberar-r-12-bi-para-produtores-rurais-com-perdas-de-safra\\\/#blogposting\",\"name\":\"BNDES vai liberar R$ 12 bi para produtores rurais com perdas de safra - eJornais\",\"headline\":\"BNDES vai liberar R$ 12 bi para produtores rurais com perdas de safra\",\"author\":{\"@id\":\"https:\\\/\\\/ejornais.com.br\\\/index.php\\\/author\\\/admin1\\\/#author\"},\"publisher\":{\"@id\":\"https:\\\/\\\/ejornais.com.br\\\/#organization\"},\"datePublished\":\"2025-10-17T09:55:51-03:00\",\"dateModified\":\"2025-10-17T09:55:51-03:00\",\"inLanguage\":\"pt-BR\",\"mainEntityOfPage\":{\"@id\":\"https:\\\/\\\/ejornais.com.br\\\/index.php\\\/2025\\\/10\\\/17\\\/bndes-vai-liberar-r-12-bi-para-produtores-rurais-com-perdas-de-safra\\\/#webpage\"},\"isPartOf\":{\"@id\":\"https:\\\/\\\/ejornais.com.br\\\/index.php\\\/2025\\\/10\\\/17\\\/bndes-vai-liberar-r-12-bi-para-produtores-rurais-com-perdas-de-safra\\\/#webpage\"},\"articleSection\":\"Cat\\u00e1logo de Jornais\"},{\"@type\":\"BreadcrumbList\",\"@id\":\"https:\\\/\\\/ejornais.com.br\\\/index.php\\\/2025\\\/10\\\/17\\\/bndes-vai-liberar-r-12-bi-para-produtores-rurais-com-perdas-de-safra\\\/#breadcrumblist\",\"itemListElement\":[{\"@type\":\"ListItem\",\"@id\":\"https:\\\/\\\/ejornais.com.br#listItem\",\"position\":1,\"name\":\"In\\u00edcio\",\"item\":\"https:\\\/\\\/ejornais.com.br\",\"nextItem\":{\"@type\":\"ListItem\",\"@id\":\"https:\\\/\\\/ejornais.com.br\\\/index.php\\\/category\\\/ejornais\\\/#listItem\",\"name\":\"Cat\\u00e1logo de Jornais\"}},{\"@type\":\"ListItem\",\"@id\":\"https:\\\/\\\/ejornais.com.br\\\/index.php\\\/category\\\/ejornais\\\/#listItem\",\"position\":2,\"name\":\"Cat\\u00e1logo de Jornais\",\"item\":\"https:\\\/\\\/ejornais.com.br\\\/index.php\\\/category\\\/ejornais\\\/\",\"nextItem\":{\"@type\":\"ListItem\",\"@id\":\"https:\\\/\\\/ejornais.com.br\\\/index.php\\\/2025\\\/10\\\/17\\\/bndes-vai-liberar-r-12-bi-para-produtores-rurais-com-perdas-de-safra\\\/#listItem\",\"name\":\"BNDES vai liberar R$ 12 bi para produtores rurais com perdas de safra\"},\"previousItem\":{\"@type\":\"ListItem\",\"@id\":\"https:\\\/\\\/ejornais.com.br#listItem\",\"name\":\"In\\u00edcio\"}},{\"@type\":\"ListItem\",\"@id\":\"https:\\\/\\\/ejornais.com.br\\\/index.php\\\/2025\\\/10\\\/17\\\/bndes-vai-liberar-r-12-bi-para-produtores-rurais-com-perdas-de-safra\\\/#listItem\",\"position\":3,\"name\":\"BNDES vai liberar R$ 12 bi para produtores rurais com perdas de safra\",\"previousItem\":{\"@type\":\"ListItem\",\"@id\":\"https:\\\/\\\/ejornais.com.br\\\/index.php\\\/category\\\/ejornais\\\/#listItem\",\"name\":\"Cat\\u00e1logo de Jornais\"}}]},{\"@type\":\"Organization\",\"@id\":\"https:\\\/\\\/ejornais.com.br\\\/#organization\",\"name\":\"eJornais\",\"description\":\"Cat\\u00e1logo de Jornais no mundo, Not\\u00edcias, Blog e Esportes ao vivo\",\"url\":\"https:\\\/\\\/ejornais.com.br\\\/\"},{\"@type\":\"Person\",\"@id\":\"https:\\\/\\\/ejornais.com.br\\\/index.php\\\/author\\\/admin1\\\/#author\",\"url\":\"https:\\\/\\\/ejornais.com.br\\\/index.php\\\/author\\\/admin1\\\/\",\"name\":\"admin1\",\"image\":{\"@type\":\"ImageObject\",\"@id\":\"https:\\\/\\\/ejornais.com.br\\\/index.php\\\/2025\\\/10\\\/17\\\/bndes-vai-liberar-r-12-bi-para-produtores-rurais-com-perdas-de-safra\\\/#authorImage\",\"url\":\"https:\\\/\\\/secure.gravatar.com\\\/avatar\\\/04084e6d73c042b8646e7c17b494073bf0ede3ea13c7105cfc45cbbbc28385a4?s=96&d=mm&r=g\",\"width\":96,\"height\":96,\"caption\":\"admin1\"}},{\"@type\":\"WebPage\",\"@id\":\"https:\\\/\\\/ejornais.com.br\\\/index.php\\\/2025\\\/10\\\/17\\\/bndes-vai-liberar-r-12-bi-para-produtores-rurais-com-perdas-de-safra\\\/#webpage\",\"url\":\"https:\\\/\\\/ejornais.com.br\\\/index.php\\\/2025\\\/10\\\/17\\\/bndes-vai-liberar-r-12-bi-para-produtores-rurais-com-perdas-de-safra\\\/\",\"name\":\"BNDES vai liberar R$ 12 bi para produtores rurais com perdas de safra - eJornais\",\"description\":\"Por MRNews Com or\\u00e7amento de R$ 12 bilh\\u00f5es, o Banco Nacional de Desenvolvimento Econ\\u00f4mico e Social (BNDES) abriu, nessa quinta-feira (16), protocolo para receber pedidos de cr\\u00e9dito no \\u00e2mbito do Programa BNDES para Liquida\\u00e7\\u00e3o de D\\u00edvidas Rurais. A finalidade \\u00e9 auxiliar a retomada da capacidade econ\\u00f4mica e apoiar a recupera\\u00e7\\u00e3o dos produtores agropecu\\u00e1rios que registraram perdas\",\"inLanguage\":\"pt-BR\",\"isPartOf\":{\"@id\":\"https:\\\/\\\/ejornais.com.br\\\/#website\"},\"breadcrumb\":{\"@id\":\"https:\\\/\\\/ejornais.com.br\\\/index.php\\\/2025\\\/10\\\/17\\\/bndes-vai-liberar-r-12-bi-para-produtores-rurais-com-perdas-de-safra\\\/#breadcrumblist\"},\"author\":{\"@id\":\"https:\\\/\\\/ejornais.com.br\\\/index.php\\\/author\\\/admin1\\\/#author\"},\"creator\":{\"@id\":\"https:\\\/\\\/ejornais.com.br\\\/index.php\\\/author\\\/admin1\\\/#author\"},\"datePublished\":\"2025-10-17T09:55:51-03:00\",\"dateModified\":\"2025-10-17T09:55:51-03:00\"},{\"@type\":\"WebSite\",\"@id\":\"https:\\\/\\\/ejornais.com.br\\\/#website\",\"url\":\"https:\\\/\\\/ejornais.com.br\\\/\",\"name\":\"eJornais\",\"description\":\"Cat\\u00e1logo de Jornais no mundo, Not\\u00edcias, Blog e Esportes ao vivo\",\"inLanguage\":\"pt-BR\",\"publisher\":{\"@id\":\"https:\\\/\\\/ejornais.com.br\\\/#organization\"}}]}\n\t\t<\/script>\n\t\t<!-- All in One SEO -->\n\n","aioseo_head_json":{"title":"BNDES vai liberar R$ 12 bi para produtores rurais com perdas de safra - eJornais","description":"Por MRNews Com or\u00e7amento de R$ 12 bilh\u00f5es, o Banco Nacional de Desenvolvimento Econ\u00f4mico e Social (BNDES) abriu, nessa quinta-feira (16), protocolo para receber pedidos de cr\u00e9dito no \u00e2mbito do Programa BNDES para Liquida\u00e7\u00e3o de D\u00edvidas Rurais. A finalidade \u00e9 auxiliar a retomada da capacidade econ\u00f4mica e apoiar a recupera\u00e7\u00e3o dos produtores agropecu\u00e1rios que registraram perdas","canonical_url":"https:\/\/ejornais.com.br\/index.php\/2025\/10\/17\/bndes-vai-liberar-r-12-bi-para-produtores-rurais-com-perdas-de-safra\/","robots":"max-image-preview:large","keywords":"","webmasterTools":{"miscellaneous":""},"schema":{"@context":"https:\/\/schema.org","@graph":[{"@type":"BlogPosting","@id":"https:\/\/ejornais.com.br\/index.php\/2025\/10\/17\/bndes-vai-liberar-r-12-bi-para-produtores-rurais-com-perdas-de-safra\/#blogposting","name":"BNDES vai liberar R$ 12 bi para produtores rurais com perdas de safra - eJornais","headline":"BNDES vai liberar R$ 12 bi para produtores rurais com perdas de safra","author":{"@id":"https:\/\/ejornais.com.br\/index.php\/author\/admin1\/#author"},"publisher":{"@id":"https:\/\/ejornais.com.br\/#organization"},"datePublished":"2025-10-17T09:55:51-03:00","dateModified":"2025-10-17T09:55:51-03:00","inLanguage":"pt-BR","mainEntityOfPage":{"@id":"https:\/\/ejornais.com.br\/index.php\/2025\/10\/17\/bndes-vai-liberar-r-12-bi-para-produtores-rurais-com-perdas-de-safra\/#webpage"},"isPartOf":{"@id":"https:\/\/ejornais.com.br\/index.php\/2025\/10\/17\/bndes-vai-liberar-r-12-bi-para-produtores-rurais-com-perdas-de-safra\/#webpage"},"articleSection":"Cat\u00e1logo de Jornais"},{"@type":"BreadcrumbList","@id":"https:\/\/ejornais.com.br\/index.php\/2025\/10\/17\/bndes-vai-liberar-r-12-bi-para-produtores-rurais-com-perdas-de-safra\/#breadcrumblist","itemListElement":[{"@type":"ListItem","@id":"https:\/\/ejornais.com.br#listItem","position":1,"name":"In\u00edcio","item":"https:\/\/ejornais.com.br","nextItem":{"@type":"ListItem","@id":"https:\/\/ejornais.com.br\/index.php\/category\/ejornais\/#listItem","name":"Cat\u00e1logo de Jornais"}},{"@type":"ListItem","@id":"https:\/\/ejornais.com.br\/index.php\/category\/ejornais\/#listItem","position":2,"name":"Cat\u00e1logo de Jornais","item":"https:\/\/ejornais.com.br\/index.php\/category\/ejornais\/","nextItem":{"@type":"ListItem","@id":"https:\/\/ejornais.com.br\/index.php\/2025\/10\/17\/bndes-vai-liberar-r-12-bi-para-produtores-rurais-com-perdas-de-safra\/#listItem","name":"BNDES vai liberar R$ 12 bi para produtores rurais com perdas de safra"},"previousItem":{"@type":"ListItem","@id":"https:\/\/ejornais.com.br#listItem","name":"In\u00edcio"}},{"@type":"ListItem","@id":"https:\/\/ejornais.com.br\/index.php\/2025\/10\/17\/bndes-vai-liberar-r-12-bi-para-produtores-rurais-com-perdas-de-safra\/#listItem","position":3,"name":"BNDES vai liberar R$ 12 bi para produtores rurais com perdas de safra","previousItem":{"@type":"ListItem","@id":"https:\/\/ejornais.com.br\/index.php\/category\/ejornais\/#listItem","name":"Cat\u00e1logo de Jornais"}}]},{"@type":"Organization","@id":"https:\/\/ejornais.com.br\/#organization","name":"eJornais","description":"Cat\u00e1logo de Jornais no mundo, Not\u00edcias, Blog e Esportes ao vivo","url":"https:\/\/ejornais.com.br\/"},{"@type":"Person","@id":"https:\/\/ejornais.com.br\/index.php\/author\/admin1\/#author","url":"https:\/\/ejornais.com.br\/index.php\/author\/admin1\/","name":"admin1","image":{"@type":"ImageObject","@id":"https:\/\/ejornais.com.br\/index.php\/2025\/10\/17\/bndes-vai-liberar-r-12-bi-para-produtores-rurais-com-perdas-de-safra\/#authorImage","url":"https:\/\/secure.gravatar.com\/avatar\/04084e6d73c042b8646e7c17b494073bf0ede3ea13c7105cfc45cbbbc28385a4?s=96&d=mm&r=g","width":96,"height":96,"caption":"admin1"}},{"@type":"WebPage","@id":"https:\/\/ejornais.com.br\/index.php\/2025\/10\/17\/bndes-vai-liberar-r-12-bi-para-produtores-rurais-com-perdas-de-safra\/#webpage","url":"https:\/\/ejornais.com.br\/index.php\/2025\/10\/17\/bndes-vai-liberar-r-12-bi-para-produtores-rurais-com-perdas-de-safra\/","name":"BNDES vai liberar R$ 12 bi para produtores rurais com perdas de safra - eJornais","description":"Por MRNews Com or\u00e7amento de R$ 12 bilh\u00f5es, o Banco Nacional de Desenvolvimento Econ\u00f4mico e Social (BNDES) abriu, nessa quinta-feira (16), protocolo para receber pedidos de cr\u00e9dito no \u00e2mbito do Programa BNDES para Liquida\u00e7\u00e3o de D\u00edvidas Rurais. A finalidade \u00e9 auxiliar a retomada da capacidade econ\u00f4mica e apoiar a recupera\u00e7\u00e3o dos produtores agropecu\u00e1rios que registraram perdas","inLanguage":"pt-BR","isPartOf":{"@id":"https:\/\/ejornais.com.br\/#website"},"breadcrumb":{"@id":"https:\/\/ejornais.com.br\/index.php\/2025\/10\/17\/bndes-vai-liberar-r-12-bi-para-produtores-rurais-com-perdas-de-safra\/#breadcrumblist"},"author":{"@id":"https:\/\/ejornais.com.br\/index.php\/author\/admin1\/#author"},"creator":{"@id":"https:\/\/ejornais.com.br\/index.php\/author\/admin1\/#author"},"datePublished":"2025-10-17T09:55:51-03:00","dateModified":"2025-10-17T09:55:51-03:00"},{"@type":"WebSite","@id":"https:\/\/ejornais.com.br\/#website","url":"https:\/\/ejornais.com.br\/","name":"eJornais","description":"Cat\u00e1logo de Jornais no mundo, Not\u00edcias, Blog e Esportes ao vivo","inLanguage":"pt-BR","publisher":{"@id":"https:\/\/ejornais.com.br\/#organization"}}]},"og:locale":"pt_BR","og:site_name":"eJornais - Cat\u00e1logo de Jornais no mundo, Not\u00edcias, Blog e Esportes ao vivo","og:type":"article","og:title":"BNDES vai liberar R$ 12 bi para produtores rurais com perdas de safra - eJornais","og:description":"Por MRNews Com or\u00e7amento de R$ 12 bilh\u00f5es, o Banco Nacional de Desenvolvimento Econ\u00f4mico e Social (BNDES) abriu, nessa quinta-feira (16), protocolo para receber pedidos de cr\u00e9dito no \u00e2mbito do Programa BNDES para Liquida\u00e7\u00e3o de D\u00edvidas Rurais. A finalidade \u00e9 auxiliar a retomada da capacidade econ\u00f4mica e apoiar a recupera\u00e7\u00e3o dos produtores agropecu\u00e1rios que registraram perdas","og:url":"https:\/\/ejornais.com.br\/index.php\/2025\/10\/17\/bndes-vai-liberar-r-12-bi-para-produtores-rurais-com-perdas-de-safra\/","article:published_time":"2025-10-17T12:55:51+00:00","article:modified_time":"2025-10-17T12:55:51+00:00","twitter:card":"summary_large_image","twitter:title":"BNDES vai liberar R$ 12 bi para produtores rurais com perdas de safra - eJornais","twitter:description":"Por MRNews Com or\u00e7amento de R$ 12 bilh\u00f5es, o Banco Nacional de Desenvolvimento Econ\u00f4mico e Social (BNDES) abriu, nessa quinta-feira (16), protocolo para receber pedidos de cr\u00e9dito no \u00e2mbito do Programa BNDES para Liquida\u00e7\u00e3o de D\u00edvidas Rurais. A finalidade \u00e9 auxiliar a retomada da capacidade econ\u00f4mica e apoiar a recupera\u00e7\u00e3o dos produtores agropecu\u00e1rios que registraram perdas"},"aioseo_meta_data":{"post_id":"54261","title":null,"description":null,"keywords":null,"keyphrases":null,"primary_term":null,"canonical_url":null,"og_title":null,"og_description":null,"og_object_type":"default","og_image_type":"default","og_image_url":null,"og_image_width":null,"og_image_height":null,"og_image_custom_url":null,"og_image_custom_fields":null,"og_video":null,"og_custom_url":null,"og_article_section":null,"og_article_tags":null,"twitter_use_og":false,"twitter_card":"default","twitter_image_type":"default","twitter_image_url":null,"twitter_image_custom_url":null,"twitter_image_custom_fields":null,"twitter_title":null,"twitter_description":null,"schema":{"blockGraphs":[],"customGraphs":[],"default":{"data":{"Article":[],"Course":[],"Dataset":[],"FAQPage":[],"Movie":[],"Person":[],"Product":[],"ProductReview":[],"Car":[],"Recipe":[],"Service":[],"SoftwareApplication":[],"WebPage":[]},"graphName":"","isEnabled":true},"graphs":[]},"schema_type":"default","schema_type_options":null,"pillar_content":false,"robots_default":true,"robots_noindex":false,"robots_noarchive":false,"robots_nosnippet":false,"robots_nofollow":false,"robots_noimageindex":false,"robots_noodp":false,"robots_notranslate":false,"robots_max_snippet":null,"robots_max_videopreview":null,"robots_max_imagepreview":"large","priority":null,"frequency":null,"local_seo":null,"breadcrumb_settings":null,"limit_modified_date":false,"ai":null,"created":"2025-10-17 13:05:35","updated":"2025-10-17 13:05:35","seo_analyzer_scan_date":null,"focus_keyword":null,"additional_keywords":null,"truseo_locale":null},"aioseo_breadcrumb":"<div class=\"aioseo-breadcrumbs\"><span class=\"aioseo-breadcrumb\">\n\t\t\t<a href=\"https:\/\/ejornais.com.br\" title=\"In\u00edcio\">In\u00edcio<\/a>\n\t\t<\/span><span class=\"aioseo-breadcrumb-separator\">&raquo;<\/span><span class=\"aioseo-breadcrumb\">\n\t\t\t<a href=\"https:\/\/ejornais.com.br\/index.php\/category\/ejornais\/\" title=\"Cat\u00e1logo de Jornais\">Cat\u00e1logo de Jornais<\/a>\n\t\t<\/span><span class=\"aioseo-breadcrumb-separator\">&raquo;<\/span><span class=\"aioseo-breadcrumb\">\n\t\t\tBNDES vai liberar R$ 12 bi para produtores rurais com perdas de safra\n\t\t<\/span><\/div>","aioseo_breadcrumb_json":[{"label":"In\u00edcio","link":"https:\/\/ejornais.com.br"},{"label":"Cat\u00e1logo de Jornais","link":"https:\/\/ejornais.com.br\/index.php\/category\/ejornais\/"},{"label":"BNDES vai liberar R$ 12 bi para produtores rurais com perdas de safra","link":"https:\/\/ejornais.com.br\/index.php\/2025\/10\/17\/bndes-vai-liberar-r-12-bi-para-produtores-rurais-com-perdas-de-safra\/"}],"amp_enabled":true,"_links":{"self":[{"href":"https:\/\/ejornais.com.br\/index.php\/wp-json\/wp\/v2\/posts\/54261","targetHints":{"allow":["GET"]}}],"collection":[{"href":"https:\/\/ejornais.com.br\/index.php\/wp-json\/wp\/v2\/posts"}],"about":[{"href":"https:\/\/ejornais.com.br\/index.php\/wp-json\/wp\/v2\/types\/post"}],"author":[{"embeddable":true,"href":"https:\/\/ejornais.com.br\/index.php\/wp-json\/wp\/v2\/users\/2"}],"replies":[{"embeddable":true,"href":"https:\/\/ejornais.com.br\/index.php\/wp-json\/wp\/v2\/comments?post=54261"}],"version-history":[{"count":0,"href":"https:\/\/ejornais.com.br\/index.php\/wp-json\/wp\/v2\/posts\/54261\/revisions"}],"wp:attachment":[{"href":"https:\/\/ejornais.com.br\/index.php\/wp-json\/wp\/v2\/media?parent=54261"}],"wp:term":[{"taxonomy":"category","embeddable":true,"href":"https:\/\/ejornais.com.br\/index.php\/wp-json\/wp\/v2\/categories?post=54261"},{"taxonomy":"post_tag","embeddable":true,"href":"https:\/\/ejornais.com.br\/index.php\/wp-json\/wp\/v2\/tags?post=54261"}],"curies":[{"name":"wp","href":"https:\/\/api.w.org\/{rel}","templated":true}]}}