{"id":54405,"date":"2025-10-20T03:57:37","date_gmt":"2025-10-20T06:57:37","guid":{"rendered":"https:\/\/ejornais.com.br\/index.php\/2025\/10\/20\/agencia-minas-gerais-cemig-e-gasmig-lancam-acao-de-apoio-a-empresas-mineiras-afetadas-por-aumento-de-tarifas-dos-eua\/"},"modified":"2025-10-20T03:57:37","modified_gmt":"2025-10-20T06:57:37","slug":"agencia-minas-gerais-cemig-e-gasmig-lancam-acao-de-apoio-a-empresas-mineiras-afetadas-por-aumento-de-tarifas-dos-eua","status":"publish","type":"post","link":"https:\/\/ejornais.com.br\/index.php\/2025\/10\/20\/agencia-minas-gerais-cemig-e-gasmig-lancam-acao-de-apoio-a-empresas-mineiras-afetadas-por-aumento-de-tarifas-dos-eua\/","title":{"rendered":"Ag\u00eancia Minas Gerais | Cemig e Gasmig lan\u00e7am a\u00e7\u00e3o de apoio a empresas mineiras afetadas por aumento de tarifas dos EUA"},"content":{"rendered":"<p><\/p>\n<div>\n<p>A\u00a0Cemig\u00a0e a\u00a0Gasmig, entidades vinculadas \u00e0\u00a0Secretaria de Estado de Desenvolvimento Econ\u00f4mico, anunciaram iniciativas para apoiar empresas mineiras impactadas pelo recente aumento tarif\u00e1rio imposto pelos Estados Unidos. O objetivo \u00e9 aliviar o caixa das empresas, contribuindo, assim, para a manuten\u00e7\u00e3o das atividades econ\u00f4micas e dos empregos em Minas Gerais.<\/p>\n<p>Para os clientes da Cemig, a medida anunciada garante a negocia\u00e7\u00e3o de d\u00edvidas \u00e0s empresas que atuam nos 15 setores mais impactados pelo tarifa\u00e7o (ver quadro abaixo), incluindo facilidades como isen\u00e7\u00e3o de multas e juros, al\u00e9m de parcelamento facilitado.<\/p>\n<p>Os clientes com d\u00edvidas vencidas at\u00e9 16 de maio poder\u00e3o renegociar os d\u00e9bitos com isen\u00e7\u00e3o da multa de 2% e dos juros morat\u00f3rios de 1% ao m\u00eas. As d\u00edvidas ainda poder\u00e3o ser parceladas em at\u00e9 12 vezes sem entrada, com juros reduzidos de 0,5% ao m\u00eas, nas faturas de energia, ou at\u00e9 sem juros para pagamentos realizados via cart\u00e3o de cr\u00e9dito. O programa tem in\u00edcio imediato e permanecer\u00e1 em vigor enquanto durar o decreto norte-americano ou at\u00e9 nova decis\u00e3o da companhia.<\/p>\n<p>\u201cA Cemig tem o compromisso de estar ao lado dos mineiros nos momentos desafiadores. Nosso foco \u00e9 o cliente, e queremos contribuir para que o setor produtivo supere os impactos desse cen\u00e1rio externo e inesperado. Estamos reafirmando o papel da Cemig como indutora do desenvolvimento de Minas Gerais\u201d, afirmou o presidente da Cemig, Reynaldo Passanezi Filho.<\/p>\n<p>\u201cA medida integra um pacote de a\u00e7\u00f5es do\u00a0Governo de Minas\u00a0para mitigar os efeitos das tarifas, como a libera\u00e7\u00e3o de cr\u00e9dito de ICMS, a linha do BDMG e o Plano Estadual de Com\u00e9rcio Exterior. Al\u00e9m disso, temos a\u00e7\u00f5es permanentes de promo\u00e7\u00e3o do com\u00e9rcio exterior que consolidam nossa economia. Exemplo disso \u00e9 que, em setembro, fomos o estado com o maior super\u00e1vit na balan\u00e7a comercial\u201d, declarou o secret\u00e1rio de Estado adjunto de Desenvolvimento Econ\u00f4mico, Frederico Amaral.<\/p>\n<p><strong>Impacto<\/strong><\/p>\n<p>O levantamento t\u00e9cnico da Cemig identificou cerca de 11 mil clientes potencialmente afetados pelo tarifa\u00e7o, incluindo produtores rurais e empresas industriais. Entre os setores que mais acumulam d\u00e9bitos desde a imposi\u00e7\u00e3o das tarifas est\u00e3o a pecu\u00e1ria e a cafeicultura.<\/p>\n<p>Ao todo, Minas responde por cerca de 11,4% das exporta\u00e7\u00f5es brasileiras aos EUA, movimentando US$ 4,6 bilh\u00f5es em 2024, dos quais quase dois ter\u00e7os vieram desses dois segmentos.<\/p>\n<p><strong>Acesso<\/strong><\/p>\n<p>Para aderir \u00e0 campanha, os representantes das empresas que atuam em algum dos 15 setores mais impactados pelo aumento nas tarifas devem comparecer a uma das ag\u00eancias da Cemig ou entrar em contato com o seu agente de relacionamento e solicitar o parcelamento. O pedido ser\u00e1 analisado pelo setor respons\u00e1vel e, caso o cliente se encaixe nos pr\u00e9-requisitos, o benef\u00edcio ser\u00e1 concedido.<\/p>\n<p style=\"text-align:center\">\n<p>&#13;<br \/>\nOutras informa\u00e7\u00f5es sobre a medida podem ser obtidas tamb\u00e9m pelo\u00a0site da empresa.<\/p>\n<p><strong>Gasmig reduz tarifa<\/strong><\/p>\n<p>Como parte do compromisso cont\u00ednuo com a competitividade e o desenvolvimento da ind\u00fastria mineira, a Gasmig, em agosto deste ano, reduziu aproximadamente 5,8% na tarifa do g\u00e1s natural para o segmento industrial. E h\u00e1 expectativa de nova queda nas tarifas a partir de novembro.<\/p>\n<p>Al\u00e9m disso, est\u00e3o sendo adotadas novas medidas de apoio e facilidades para empresas comprovadamente impactadas pelo \u201ctarifa\u00e7o\u201d, como parcelamento de faturas, flexibiliza\u00e7\u00e3o de penalidades contratuais e redu\u00e7\u00e3o tempor\u00e1ria de volume contratado. A Gasmig tamb\u00e9m criou um canal exclusivo para atendimento de solicita\u00e7\u00f5es:\u00a0canalespecial@gasmig.com.br.<\/p>\n<p>\u201cCom essa medida, buscamos apoiar nossos clientes neste momento desafiador e continuar impulsionando o desenvolvimento no estado. Estamos comprometidos em oferecer condi\u00e7\u00f5es diferenciadas e solu\u00e7\u00f5es para fortalecer a economia mineira&#8221;, ressalta o presidente da Gasmig, Carlos Camargo de Col\u00f3n.<\/p>\n<\/p><\/div>\n","protected":false},"excerpt":{"rendered":"<p>A\u00a0Cemig\u00a0e a\u00a0Gasmig, entidades vinculadas \u00e0\u00a0Secretaria de Estado de Desenvolvimento Econ\u00f4mico, anunciaram iniciativas para apoiar empresas mineiras impactadas pelo recente aumento<\/p>\n","protected":false},"author":2,"featured_media":0,"comment_status":"","ping_status":"","sticky":false,"template":"","format":"standard","meta":{"colormag_page_container_layout":"default_layout","colormag_page_sidebar_layout":"default_layout","footnotes":""},"categories":[1],"tags":[],"class_list":["post-54405","post","type-post","status-publish","format-standard","hentry","category-ejornais"],"aioseo_notices":[],"amp_enabled":true,"_links":{"self":[{"href":"https:\/\/ejornais.com.br\/index.php\/wp-json\/wp\/v2\/posts\/54405","targetHints":{"allow":["GET"]}}],"collection":[{"href":"https:\/\/ejornais.com.br\/index.php\/wp-json\/wp\/v2\/posts"}],"about":[{"href":"https:\/\/ejornais.com.br\/index.php\/wp-json\/wp\/v2\/types\/post"}],"author":[{"embeddable":true,"href":"https:\/\/ejornais.com.br\/index.php\/wp-json\/wp\/v2\/users\/2"}],"replies":[{"embeddable":true,"href":"https:\/\/ejornais.com.br\/index.php\/wp-json\/wp\/v2\/comments?post=54405"}],"version-history":[{"count":0,"href":"https:\/\/ejornais.com.br\/index.php\/wp-json\/wp\/v2\/posts\/54405\/revisions"}],"wp:attachment":[{"href":"https:\/\/ejornais.com.br\/index.php\/wp-json\/wp\/v2\/media?parent=54405"}],"wp:term":[{"taxonomy":"category","embeddable":true,"href":"https:\/\/ejornais.com.br\/index.php\/wp-json\/wp\/v2\/categories?post=54405"},{"taxonomy":"post_tag","embeddable":true,"href":"https:\/\/ejornais.com.br\/index.php\/wp-json\/wp\/v2\/tags?post=54405"}],"curies":[{"name":"wp","href":"https:\/\/api.w.org\/{rel}","templated":true}]}}