{"id":54429,"date":"2025-10-20T13:45:42","date_gmt":"2025-10-20T16:45:42","guid":{"rendered":"https:\/\/ejornais.com.br\/index.php\/2025\/10\/20\/nova-iguacu-realiza-dia-d-de-multivacinacao-e-amplia-cuidados-com-as-mulheres-no-outubro-rosa\/"},"modified":"2025-10-20T13:45:42","modified_gmt":"2025-10-20T16:45:42","slug":"nova-iguacu-realiza-dia-d-de-multivacinacao-e-amplia-cuidados-com-as-mulheres-no-outubro-rosa","status":"publish","type":"post","link":"https:\/\/ejornais.com.br\/index.php\/2025\/10\/20\/nova-iguacu-realiza-dia-d-de-multivacinacao-e-amplia-cuidados-com-as-mulheres-no-outubro-rosa\/","title":{"rendered":"Nova Igua\u00e7u realiza Dia D de Multivacina\u00e7\u00e3o e amplia cuidados com as mulheres no Outubro Rosa"},"content":{"rendered":"<p><\/p>\n<div id=\"\">\n<p style=\"text-align: justify;\">O s\u00e1bado (18) foi de cuidados com a sa\u00fade em Nova Igua\u00e7u. A Prefeitura promoveu o Dia D Nacional de Multivacina\u00e7\u00e3o, com 60 unidades de sa\u00fade da Aten\u00e7\u00e3o Prim\u00e1ria abertas das 8h \u00e0s 17h para atualizar a caderneta de vacina\u00e7\u00e3o de crian\u00e7as e adolescentes menores de 15 anos. O movimento foi intenso nos postos por toda a cidade.<\/p>\n<p style=\"text-align: justify;\">Foram ofertadas vacinas que comp\u00f5em o Programa Nacional de Imuniza\u00e7\u00e3o (PNI), ofertadas gratuitamente pelo Sistema \u00danico de Sa\u00fade (SUS). Entre elas estavam: a BCG, Hepatite B, Dengue, Covid, Pneumoc\u00f3cica 10-valente, Influenza, Febre Amarela, Tr\u00edplice Viral (sarampo, caxumba e rub\u00e9ola), Varicela, Hepatite A e DTP (difteria, t\u00e9tano e coqueluche).<\/p>\n<\/p>\n<p style=\"text-align: justify;\">O subsecret\u00e1rio de Aten\u00e7\u00e3o Prim\u00e1ria em Sa\u00fade, Bruno de Castro, refor\u00e7ou a import\u00e2ncia da iniciativa.<\/p>\n<p style=\"text-align: justify;\">\u201cA atualiza\u00e7\u00e3o da caderneta \u00e9 essencial. A vacina salva vidas e faz parte da preven\u00e7\u00e3o e promo\u00e7\u00e3o da sa\u00fade. Por isso, os pais devem ficar atentos \u00e0s doses pendentes. Al\u00e9m do Dia D, nossas unidades seguem vacinando de segunda a sexta-feira, das 8h \u00e0s 17h.\u201d<\/p>\n<p style=\"text-align: justify;\">Na Policl\u00ednica Regional da Fam\u00edlia de Amba\u00ed, um dos locais mais procurados, C\u00edntia Madona Estrela, de 38 anos, levou a filha Manuelle, de 4 anos, para receber as doses da DTP e da VIP (paralisia infantil).<\/p>\n<p style=\"text-align: justify;\">\u201cN\u00e3o me descuido com a sa\u00fade da minha filha. As vacinas me d\u00e3o seguran\u00e7a, tanto que ela quase n\u00e3o fica doente. A preven\u00e7\u00e3o \u00e9 a melhor coisa\u201d, afirmou.<\/p>\n<\/p>\n<p style=\"text-align: justify;\">Moradora do bairro, Larissa Dias, levou os tr\u00eas sobrinhos \u2014 Anthony (6), Davi Luiz (9) e Tuany (10) \u2014 para atualizar a caderneta.<\/p>\n<p style=\"text-align: justify;\">\u201cHoje fui m\u00e3e por um dia\u201d, brincou. \u201cUm deles tem medo da agulha, mas foi r\u00e1pido e ele entendeu que \u00e9 necess\u00e1rio. A vacina\u00e7\u00e3o \u00e9 um ato de amor\u201d, ressaltou.<\/p>\n<p>\u00a0<\/p>\n<p style=\"text-align: justify;\"><strong>Dia D tamb\u00e9m do Outubro Rosa<\/strong><\/p>\n<p>\u00a0<\/p>\n<p style=\"text-align: justify;\">Enquanto as crian\u00e7as e adolescentes eram vacinados, as Cl\u00ednicas da Fam\u00edlia e Unidades B\u00e1sicas de Sa\u00fade (UBS) da cidade tamb\u00e9m abriram as portas para o Dia D do Outubro Rosa, voltado \u00e0 preven\u00e7\u00e3o e diagn\u00f3stico precoce do c\u00e2ncer de mama e do colo do \u00fatero.<\/p>\n<p style=\"text-align: justify;\">As unidades abriram em hor\u00e1rio integral neste s\u00e1bado, tamb\u00e9m das 8h \u00e0s 17h. Foram oferecidos exames preventivos (Papanicolau), exame cl\u00ednico das mamas, solicita\u00e7\u00f5es de mamografia e orienta\u00e7\u00f5es sobre autocuidado.<\/p>\n<p style=\"text-align: justify;\">\u201cA mulher procura a unidade mais pr\u00f3xima, passa por uma triagem e j\u00e1 sai com o exame agendado, com dia e hora marcados. Nos dois primeiros s\u00e1bados deste m\u00eas, mais de sete mil mulheres buscaram consultas e exames\u201d, destacou Bruno de Castro, que acompanhou o atendimento nos postos.<\/p>\n<p style=\"text-align: justify;\">Na Policl\u00ednica de Amba\u00ed, a agente comunit\u00e1ria Rosemere da Cruz Santos, de 61 anos, aproveitou o s\u00e1bado para cuidar da pr\u00f3pria sa\u00fade.<\/p>\n<p style=\"text-align: justify;\">\u201cDurante a semana \u00e9 mais dif\u00edcil. Aqui fui atendida em menos de 10 minutos e j\u00e1 sa\u00ed com o pedido de exame de sangue e consulta com nutricionista. \u00c9 \u00f3timo ter essa facilidade perto de casa\u201d, explicou.<\/p>\n<p style=\"text-align: justify;\">As unidades de sa\u00fade seguir\u00e3o com os atendimentos do Outubro Rosa nos dois pr\u00f3ximos s\u00e1bados, das 8h \u00e0s 13h. Enquanto a Campanha Nacional de Multivacina\u00e7\u00e3o continua at\u00e9 31 de outubro.<\/p>\n<\/p><\/div>\n","protected":false},"excerpt":{"rendered":"<p>O s\u00e1bado (18) foi de cuidados com a sa\u00fade em Nova Igua\u00e7u. A Prefeitura promoveu o Dia D Nacional de<\/p>\n","protected":false},"author":2,"featured_media":0,"comment_status":"","ping_status":"","sticky":false,"template":"","format":"standard","meta":{"colormag_page_container_layout":"default_layout","colormag_page_sidebar_layout":"default_layout","footnotes":""},"categories":[1],"tags":[],"class_list":["post-54429","post","type-post","status-publish","format-standard","hentry","category-ejornais"],"aioseo_notices":[],"amp_enabled":true,"_links":{"self":[{"href":"https:\/\/ejornais.com.br\/index.php\/wp-json\/wp\/v2\/posts\/54429","targetHints":{"allow":["GET"]}}],"collection":[{"href":"https:\/\/ejornais.com.br\/index.php\/wp-json\/wp\/v2\/posts"}],"about":[{"href":"https:\/\/ejornais.com.br\/index.php\/wp-json\/wp\/v2\/types\/post"}],"author":[{"embeddable":true,"href":"https:\/\/ejornais.com.br\/index.php\/wp-json\/wp\/v2\/users\/2"}],"replies":[{"embeddable":true,"href":"https:\/\/ejornais.com.br\/index.php\/wp-json\/wp\/v2\/comments?post=54429"}],"version-history":[{"count":0,"href":"https:\/\/ejornais.com.br\/index.php\/wp-json\/wp\/v2\/posts\/54429\/revisions"}],"wp:attachment":[{"href":"https:\/\/ejornais.com.br\/index.php\/wp-json\/wp\/v2\/media?parent=54429"}],"wp:term":[{"taxonomy":"category","embeddable":true,"href":"https:\/\/ejornais.com.br\/index.php\/wp-json\/wp\/v2\/categories?post=54429"},{"taxonomy":"post_tag","embeddable":true,"href":"https:\/\/ejornais.com.br\/index.php\/wp-json\/wp\/v2\/tags?post=54429"}],"curies":[{"name":"wp","href":"https:\/\/api.w.org\/{rel}","templated":true}]}}