{"id":54600,"date":"2025-10-23T09:33:39","date_gmt":"2025-10-23T12:33:39","guid":{"rendered":"https:\/\/ejornais.com.br\/index.php\/2025\/10\/23\/campo-grande-entrega-novo-playground-no-itamaraca-em-parceria-com-o-mpt-cgnoticias\/"},"modified":"2025-10-23T09:33:39","modified_gmt":"2025-10-23T12:33:39","slug":"campo-grande-entrega-novo-playground-no-itamaraca-em-parceria-com-o-mpt-cgnoticias","status":"publish","type":"post","link":"https:\/\/ejornais.com.br\/index.php\/2025\/10\/23\/campo-grande-entrega-novo-playground-no-itamaraca-em-parceria-com-o-mpt-cgnoticias\/","title":{"rendered":"Campo Grande entrega novo playground no Itamarac\u00e1 em parceria com o MPT \u2013 CGNot\u00edcias"},"content":{"rendered":"<p><\/p>\n<div>\n<p>Campo Grande segue transformando seus espa\u00e7os p\u00fablicos e garantindo mais lazer, seguran\u00e7a e qualidade de vida para as fam\u00edlias. Na pr\u00f3xima sexta-feira (24), \u00e0s 8h, ser\u00e1 entregue mais um parquinho do projeto desenvolvido em parceria entre a Prefeitura de Campo Grande, o Minist\u00e9rio P\u00fablico do Trabalho em Mato Grosso do Sul (MPT-MS) e o Instituto Manoel Bonif\u00e1cio (IMB).<\/p>\n<p>O novo espa\u00e7o ser\u00e1 inaugurado na Arena Deus \u00e9 Dez, no bairro Itamarac\u00e1, e promete se tornar ponto de encontro e conviv\u00eancia para as fam\u00edlias da regi\u00e3o.<\/p>\n<p>A iniciativa faz parte de um projeto que prev\u00ea a implanta\u00e7\u00e3o de 25 playgrounds acess\u00edveis em bairros perif\u00e9ricos da Capital, com investimento total de R$ 1,5 milh\u00e3o. Os recursos s\u00e3o provenientes de Termos de Ajustamento de Conduta (TACs) e de condena\u00e7\u00f5es por dano moral coletivo, revertendo valores de a\u00e7\u00f5es civis p\u00fablicas em benef\u00edcios diretos \u00e0 comunidade.<\/p>\n<p>At\u00e9 agora, bairros como Jos\u00e9 Abr\u00e3o, Tiradentes, Noroeste, Z\u00e9 Pereira, Tarum\u00e3 e Paulo Coelho Machado j\u00e1 receberam seus novos espa\u00e7os de recrea\u00e7\u00e3o. As obras seguem em andamento em diversas outras localidades, todas com estruturas planejadas para garantir seguran\u00e7a, acessibilidade e integra\u00e7\u00e3o social, um verdadeiro convite para que crian\u00e7as e fam\u00edlias ocupem o espa\u00e7o p\u00fablico com alegria e pertencimento.<\/p>\n<figure class=\"wp-block-image size-large\"><\/figure>\n<p><strong>Transforma\u00e7\u00e3o urbana e bem-estar social<\/strong><\/p>\n<p>A entrega dos playgrounds faz parte de um conjunto de a\u00e7\u00f5es que v\u00eam revitalizando pra\u00e7as p\u00fablicas, ampliando a ilumina\u00e7\u00e3o e modernizando equipamentos urbanos em todas as regi\u00f5es de Campo Grande, como \u00e9 o caso do parquinho da Lagoa Itatiaia.<\/p>\n<p>A t\u00e9cnica de laborat\u00f3rio Daiane Gabriele Dutra, de 26 anos, moradora do bairro Tiradentes, costuma levar as filhas Ana Luiza (8) e Ana J\u00falia (3) para brincar no novo espa\u00e7o da regi\u00e3o. Para ela, o parquinho \u00e9 sin\u00f4nimo de divers\u00e3o e seguran\u00e7a.<\/p>\n<p>\u201cA gente vem quase todos os dias. Achei bem inovador, uma coisa bacana, porque antes era s\u00f3 parquinho de ferro, sem tanta estrutura. Agora \u00e9 colorido, bonito e bem arrumado. As crian\u00e7as se divertem mais. E estou vendo mais parquinhos novos em v\u00e1rios bairros, o que \u00e9 \u00f3timo para a crian\u00e7ada. Na minha \u00e9poca n\u00e3o tinha essas coisas\u201d, conta Daiane.<\/p>\n<figure class=\"wp-block-image size-large\"><\/figure>\n<p>J\u00e1 Susana Pacheco, 49 anos, aut\u00f4noma e moradora do bairro Universit\u00e1rio, conta que costuma levar a netinha Lara, de apenas 2 anos, acompanhada do marido Valcir Pacheco, de 51 anos, para brincar no parquinho da Lagoa Itatiaia. Mesmo morando em outro bairro, ela faz quest\u00e3o de aproveitar os espa\u00e7os revitalizados da cidade.<\/p>\n<p>\u201cL\u00e1 no Universit\u00e1rio ainda n\u00e3o tem, ent\u00e3o a gente vem aqui porque \u00e9 mais perto. \u00c9 maravilhoso, n\u00e9? Tem sombra, parque para as crian\u00e7as, um lugar bom tamb\u00e9m para os idosos. A gente sai da rotina, vem com os netos, passeia com a fam\u00edlia. \u00c9 bom demais\u201d, afirma.<\/p>\n<figure class=\"wp-block-image size-large\"><\/figure>\n<p>Essas iniciativas demonstram o compromisso da Prefeitura em valorizar os espa\u00e7os coletivos e promover bem-estar, seguran\u00e7a e lazer para toda a popula\u00e7\u00e3o, especialmente para as crian\u00e7as.<\/p>\n<figure class=\"wp-block-image size-large\"><\/figure>\n<p>Cada novo parquinho entregue representa um passo importante na constru\u00e7\u00e3o de uma cidade mais acolhedora e inclusiva, onde o brincar \u00e9 parte essencial do desenvolvimento infantil e da conviv\u00eancia comunit\u00e1ria.<\/p>\n<p><em>#ParaTodosVerem: Foto de capa mostrando fam\u00edlias e crian\u00e7as aproveitando o playground. A pequena Lara se diverte no parquinho, enquanto sua m\u00e3e, Daiane, observa Ana J\u00falia. Susana acompanha a netinha Lara, sorrindo. No final, as fam\u00edlias aproveitando o parquinho.<\/em><\/p>\n<\/div>\n<p><script async defer async defer src=\"https:\/\/connect.facebook.net\/en_US\/sdk.js?ver=1#xfbml=1&amp;version=v3.2\" id=\"prefeitura-campogrande-script-facebook-sdk-js\"><\/script><\/p>\n","protected":false},"excerpt":{"rendered":"<p>Campo Grande segue transformando seus espa\u00e7os p\u00fablicos e garantindo mais lazer, seguran\u00e7a e qualidade de vida para as fam\u00edlias. Na<\/p>\n","protected":false},"author":2,"featured_media":0,"comment_status":"","ping_status":"","sticky":false,"template":"","format":"standard","meta":{"colormag_page_container_layout":"default_layout","colormag_page_sidebar_layout":"default_layout","footnotes":""},"categories":[1],"tags":[],"class_list":["post-54600","post","type-post","status-publish","format-standard","hentry","category-ejornais"],"aioseo_notices":[],"amp_enabled":true,"_links":{"self":[{"href":"https:\/\/ejornais.com.br\/index.php\/wp-json\/wp\/v2\/posts\/54600","targetHints":{"allow":["GET"]}}],"collection":[{"href":"https:\/\/ejornais.com.br\/index.php\/wp-json\/wp\/v2\/posts"}],"about":[{"href":"https:\/\/ejornais.com.br\/index.php\/wp-json\/wp\/v2\/types\/post"}],"author":[{"embeddable":true,"href":"https:\/\/ejornais.com.br\/index.php\/wp-json\/wp\/v2\/users\/2"}],"replies":[{"embeddable":true,"href":"https:\/\/ejornais.com.br\/index.php\/wp-json\/wp\/v2\/comments?post=54600"}],"version-history":[{"count":0,"href":"https:\/\/ejornais.com.br\/index.php\/wp-json\/wp\/v2\/posts\/54600\/revisions"}],"wp:attachment":[{"href":"https:\/\/ejornais.com.br\/index.php\/wp-json\/wp\/v2\/media?parent=54600"}],"wp:term":[{"taxonomy":"category","embeddable":true,"href":"https:\/\/ejornais.com.br\/index.php\/wp-json\/wp\/v2\/categories?post=54600"},{"taxonomy":"post_tag","embeddable":true,"href":"https:\/\/ejornais.com.br\/index.php\/wp-json\/wp\/v2\/tags?post=54600"}],"curies":[{"name":"wp","href":"https:\/\/api.w.org\/{rel}","templated":true}]}}