{"id":54644,"date":"2025-10-23T23:52:41","date_gmt":"2025-10-24T02:52:41","guid":{"rendered":"https:\/\/ejornais.com.br\/index.php\/2025\/10\/23\/tiago-splitter-e-o-novo-tecnico-do-portand-trail-blazers-time-da-nba\/"},"modified":"2025-10-23T23:52:41","modified_gmt":"2025-10-24T02:52:41","slug":"tiago-splitter-e-o-novo-tecnico-do-portand-trail-blazers-time-da-nba","status":"publish","type":"post","link":"https:\/\/ejornais.com.br\/index.php\/2025\/10\/23\/tiago-splitter-e-o-novo-tecnico-do-portand-trail-blazers-time-da-nba\/","title":{"rendered":"Tiago Splitter \u00e9 o novo t\u00e9cnico do Portand Trail Blazers, time da NBA"},"content":{"rendered":"<p> Por MRNews<br \/>\n<\/p>\n<div wp_automatic_readability=\"41.626485568761\">\n<p>Ap\u00f3s uma temporada de t\u00edtulos no basquete franc\u00eas, no comando t\u00e9cnico do Paris Basketball, o catarinense Tiiago Splitter, de 40 anos, foi anunciado nesta quinta-feira (23) como novo treinador do Portland Trail Blazers. Ele assumir\u00e1 na vaga deixada pelo t\u00e9cnico<strong> Chauncey Billups, um dos mais de 30 detidos hoje pelo FBI<\/strong>, ap\u00f3s investiga\u00e7\u00f5es de envolvimento em apostas ilegais.<\/p>\n<p>O ex-piv\u00f4 da Amarelinha e primeiro brasileiro a ser campe\u00e3o como jogador da NBA \u2013 em 2014, faturou o t\u00edtulo no\u00a0San Antonio\u00a0Spurs -, Splitter agora tamb\u00e9m \u00e9 o primeiro t\u00e9cnico do pa\u00eds a comandar um time da principal liga de basquete norte-americano. Em junho deste ano, ele encerrou em grande estilo sua primeira experi\u00eancia como treinador, ao conduzir o Paris Basketball \u00e0 conquista da Copa da Fran\u00e7a e da Liga Francesa de Basquete, na temporada 2024\/2025.<\/p>\n<blockquote class=\"twitter-tweet\" wp_automatic_readability=\"2.1399176954733\">\n<p dir=\"ltr\" lang=\"zxx\" xml:lang=\"zxx\"><a href=\"https:\/\/t.co\/TY1Edtj0tw\">pic.twitter.com\/TY1Edtj0tw<\/a><\/p>\n<p><strong><a href=\"https:\/\/mrnews.com.br\/index.php\/2025\/10\/23\/faculdade-da-usp-rompe-convenio-com-universidade-de-haifa-de-israel\/\">Faculdade da USP rompe conv\u00eanio com Universidade de Haifa, de Israel<\/a><\/strong><\/p>\n<p><strong><a href=\"https:\/\/mrnews.com.br\/index.php\/2025\/10\/23\/dona-de-mim-tem-reviravolta-filipa-vira-o-jogo-e-da-rasteira-em-jaques-na-novela-da-globoo\/\">Dona de Mim tem reviravolta; Filipa vira o jogo e d\u00e1 rasteira em Jaques na novela da Globoo<\/a><\/strong><\/p>\n<p>\u2014 Trail Blazers PR (@TrailBlazersPR) <a href=\"https:\/\/twitter.com\/TrailBlazersPR\/status\/1981433825998885154?ref_src=twsrc%5Etfw\" target=\"_blank\" rel=\"noopener\">October 23, 2025<\/a><\/p>\n<\/blockquote>\n<p>Nascido em Blumenau (SC), Splitter defendeu clube europeus antes de mudar para os\u00a0Estados Unidos, onde atuou por sete temporadas na NBA. Em 2018, o brasileiro se aposenta com atleta e um ano depois inicia a carreira como treinador. O ex-piv\u00f4 atuou como assistente t\u00e9cnico do Brooklyn Nets (2019\u20132023) e Houston Rockets (2023\u201324), ambos times da NBA. Em 2024, trabalhou como auxiliar t\u00e9cnico do croata Aleksandar Petrovic, treinador da sele\u00e7\u00e3o masculina de basquete, ajudando a Amarelinha a se classificar para a Olimp\u00edada de Paris, ap\u00f3s oito anos fora da competi\u00e7\u00e3o. Depois do Jogos, Splitter continuou como assistene de Petrovic.<\/p>\n<blockquote class=\"twitter-tweet\" wp_automatic_readability=\"10.158172231986\">\n<p dir=\"ltr\" lang=\"pt\" xml:lang=\"pt\">O Tiago Splitter \u00e9 um predestinado e eu posso provar para voc\u00ea \ud83d\udd25<\/p>\n<p>\ud83c\udfc0Primeiro brasileiro campe\u00e3o da NBA<br \/>\ud83c\udf0dPrimeiro brasileiro head coach na Euroliga<br \/>\ud83c\udfc0Primeiro brasileiro campe\u00e3o de uma liga de elite na Europa como treinador<br \/>\ud83c\uddfa\ud83c\uddf8Primeiro brasileiro head coach de um time da NBA\u2026 <a href=\"https:\/\/t.co\/nVDrjxsAQL\">pic.twitter.com\/nVDrjxsAQL<\/a><\/p>\n<p><strong><a href=\"https:\/\/mrnews.com.br\/index.php\/2025\/10\/23\/ex-marido-de-preta-gil-emociona-ao-revelar-como-esta-a-familia-tres-meses-apos-a-morte-da-cantora\/\">Ex-marido de Preta Gil emociona ao revelar como est\u00e1 a fam\u00edlia tr\u00eas meses ap\u00f3s a morte da cantora<\/a><\/strong><\/p>\n<p><strong><a href=\"https:\/\/mrnews.com.br\/index.php\/2025\/10\/23\/wanessa-camargo-muda-os-planos-e-surpreende-ao-anunciar-que-vai-morar-com-nicole-bahls\/\">Wanessa Camargo muda os planos e surpreende ao anunciar que vai morar com Nicole Bahls<\/a><\/strong><\/p>\n<p>\u2014 Basquete Brasil \u2013 CBB (@basquetebrasil) <a href=\"https:\/\/twitter.com\/basquetebrasil\/status\/1981416344433074683?ref_src=twsrc%5Etfw\" target=\"_blank\" rel=\"noopener\">October 23, 2025<\/a><\/p>\n<\/blockquote>\n<\/div>\n<p><script async src=\"\/\/platform.twitter.com\/widgets.js\" charset=\"utf-8\"><\/script><\/p>\n","protected":false},"excerpt":{"rendered":"<p>Por MRNews Ap\u00f3s uma temporada de t\u00edtulos no basquete franc\u00eas, no comando t\u00e9cnico do Paris Basketball, o catarinense Tiiago Splitter,<\/p>\n","protected":false},"author":2,"featured_media":0,"comment_status":"","ping_status":"","sticky":false,"template":"","format":"standard","meta":{"colormag_page_container_layout":"default_layout","colormag_page_sidebar_layout":"default_layout","footnotes":""},"categories":[1],"tags":[],"class_list":["post-54644","post","type-post","status-publish","format-standard","hentry","category-ejornais"],"aioseo_notices":[],"amp_enabled":true,"_links":{"self":[{"href":"https:\/\/ejornais.com.br\/index.php\/wp-json\/wp\/v2\/posts\/54644","targetHints":{"allow":["GET"]}}],"collection":[{"href":"https:\/\/ejornais.com.br\/index.php\/wp-json\/wp\/v2\/posts"}],"about":[{"href":"https:\/\/ejornais.com.br\/index.php\/wp-json\/wp\/v2\/types\/post"}],"author":[{"embeddable":true,"href":"https:\/\/ejornais.com.br\/index.php\/wp-json\/wp\/v2\/users\/2"}],"replies":[{"embeddable":true,"href":"https:\/\/ejornais.com.br\/index.php\/wp-json\/wp\/v2\/comments?post=54644"}],"version-history":[{"count":0,"href":"https:\/\/ejornais.com.br\/index.php\/wp-json\/wp\/v2\/posts\/54644\/revisions"}],"wp:attachment":[{"href":"https:\/\/ejornais.com.br\/index.php\/wp-json\/wp\/v2\/media?parent=54644"}],"wp:term":[{"taxonomy":"category","embeddable":true,"href":"https:\/\/ejornais.com.br\/index.php\/wp-json\/wp\/v2\/categories?post=54644"},{"taxonomy":"post_tag","embeddable":true,"href":"https:\/\/ejornais.com.br\/index.php\/wp-json\/wp\/v2\/tags?post=54644"}],"curies":[{"name":"wp","href":"https:\/\/api.w.org\/{rel}","templated":true}]}}