{"id":54681,"date":"2025-10-24T16:04:51","date_gmt":"2025-10-24T19:04:51","guid":{"rendered":"https:\/\/ejornais.com.br\/index.php\/2025\/10\/24\/mais-de-1-milhao-de-inscritos-fazem-a-primeira-pnd-neste-domingo\/"},"modified":"2025-10-24T16:04:51","modified_gmt":"2025-10-24T19:04:51","slug":"mais-de-1-milhao-de-inscritos-fazem-a-primeira-pnd-neste-domingo","status":"publish","type":"post","link":"https:\/\/ejornais.com.br\/index.php\/2025\/10\/24\/mais-de-1-milhao-de-inscritos-fazem-a-primeira-pnd-neste-domingo\/","title":{"rendered":"Mais de 1 milh\u00e3o de inscritos fazem a primeira PND neste domingo"},"content":{"rendered":"<p> Por MRNews<br \/>\n<\/p>\n<div wp_automatic_readability=\"119.1427910206\">\n<p>A Prova Nacional Docente (PND) ser\u00e1 aplicada pela primeira vez neste domingo (26), em 750 cidades de todos os estados e no Distrito Federal.<\/p>\n<p><strong>A aplica\u00e7\u00e3o da prova da PND seguir\u00e1 o hor\u00e1rio de Bras\u00edlia-DF, conforme a descri\u00e7\u00e3o:<\/strong><\/p>\n<ul>\n<li>abertura dos port\u00f5es:\u00a012h<\/li>\n<li>fechamento dos port\u00f5es:\u00a013h<\/li>\n<li>in\u00edcio da prova:\u00a013h30<\/li>\n<li>t\u00e9rmino da prova:\u00a019h<\/li>\n<\/ul>\n<p><strong>Ao todo, 1.086.914 de pessoas inscritas confirmadas far\u00e3o a prova em 2025<\/strong>.<\/p>\n<p><strong><a href=\"https:\/\/mrnews.com.br\/index.php\/2025\/10\/24\/dino-vota-para-anular-regra-que-reduziu-aposentadoria-por-invalidez\/\">Dino vota para anular regra que reduziu aposentadoria por invalidez<\/a><\/strong><\/p>\n<p><strong><a href=\"https:\/\/mrnews.com.br\/index.php\/2025\/10\/24\/enamed-registro-de-presenca-de-aluno-na-prova-vai-ate-11-de-dezembro\/\">Enamed: registro de presen\u00e7a de aluno na prova vai at\u00e9 11 de dezembro<\/a><\/strong><\/p>\n<p>Apelida\u00a0de CNU dos Professores ou Enem dos Professores, o exame \u00e9 voltado para estudantes de licenciaturas que est\u00e3o concluindo a gradua\u00e7\u00e3o e para licenciados formados, interessados em ingressar no magist\u00e9rio da rede p\u00fablica\u00a0por meio de processos seletivos nos\u00a0estados e munic\u00edpios que aderiram \u00e0 PND.<\/p>\n<p><strong>A PND tem o objetivo de estimular a realiza\u00e7\u00e3o de concursos p\u00fablicos e aumentar o aumento de professores efetivos nas redes de ensino p\u00fablicas do Brasil<\/strong>.<\/p>\n<p>&gt;&gt; Siga o canal da <strong>Ag\u00eancia Brasil <\/strong>no WhatsApp<\/p>\n<h2>Locais de prova<\/h2>\n<p>O Cart\u00e3o de Confirma\u00e7\u00e3o de Inscri\u00e7\u00e3o com o local da prova j\u00e1 est\u00e1 dispon\u00edvel no Sistema\u00a0PND.<\/p>\n<p><strong><a href=\"https:\/\/mrnews.com.br\/index.php\/2025\/10\/24\/brasil-tem-542-das-criancas-indigenas-sem-certidao-de-nascimento\/\">Brasil tem 5,42% das crian\u00e7as ind\u00edgenas sem certid\u00e3o de nascimento<\/a><\/strong><\/p>\n<p><strong><a href=\"https:\/\/mrnews.com.br\/index.php\/2025\/10\/24\/lula-quer-brasil-na-associacao-de-paises-asiaticos\/\">Lula quer Brasil na associa\u00e7\u00e3o de pa\u00edses asi\u00e1ticos<\/a><\/strong><\/p>\n<p><strong>O documento confirma o n\u00famero de inscri\u00e7\u00e3o, data e hor\u00e1rios do exame<\/strong>.<strong> Nele consta, ainda, se o participante contar\u00e1 com atendimento especializado ou tratamento por nome social. Apesar de n\u00e3o ser obrigat\u00f3rio, o Inep recomenda lev\u00e1-lo no domingo, dia do exame.<\/strong><\/p>\n<h2>A prova de domingo<\/h2>\n<p><strong>Com dura\u00e7\u00e3o de cinco horas e trinta minutos, a prova tem a mesma matriz da avalia\u00e7\u00e3o te\u00f3rica do Exame Nacional de Desempenho dos Estudantes (Enade) das Licenciaturas, que, desde a sua edi\u00e7\u00e3o, em 2024, foca nos cursos de forma\u00e7\u00e3o docente.\u00a0<\/strong><\/p>\n<p>De acordo com o edital da PND 2025, a PND ser\u00e1 composta por duas partes: forma\u00e7\u00e3o geral de todos os docentes e a outra de componente espec\u00edfico.<\/p>\n<p><strong>A forma\u00e7\u00e3o geral inclui\u00a030 quest\u00f5es objetivas e uma discursiva, elaboradas a partir de temas ligados \u00e0 forma\u00e7\u00e3o docente.<\/strong><\/p>\n<p>A parte espec\u00edfica conta\u00a0com 50 quest\u00f5es de m\u00faltipla escolha, voltadas ao conte\u00fado e habilidades pr\u00f3prias de cada uma das 17 \u00e1reas da licenciatura. <strong>S\u00e3o elas: artes visuais; ci\u00eancias biol\u00f3gicas; ci\u00eancias sociais; computa\u00e7\u00e3o; educa\u00e7\u00e3o f\u00edsica; filosofia; f\u00edsica; geografia; hist\u00f3ria; letras (ingl\u00eas); letras (portugu\u00eas); letras (portugu\u00eas e espanhol); letras (portugu\u00eas e ingl\u00eas); matem\u00e1tica; m\u00fasica;<\/strong> pedagogia e qu\u00edmica.<\/p>\n<h2>Participantes<\/h2>\n<p>Segundo o MEC, o estado com maior n\u00famero de inscritos confirmados \u00e9 S\u00e3o Paulo (253.895), seguido de Minas Gerais (97.113) e Rio de Janeiro (72.230).\u00a0<\/p>\n<p>Se considerados os munic\u00edpios, o n\u00famero de inscri\u00e7\u00f5es confirmadas \u00e9 liderado pelo munic\u00edpio de\u00a0S\u00e3o\u00a0Paulo\u00a0(84.633), seguido pelo munic\u00edpio do Rio de Janeiro (28.765) e por Bras\u00edlia e demais cidades do DF (18.754).<\/p>\n<p>A \u00e1rea de pedagogia\u00a0lidera as inscri\u00e7\u00f5es na\u00a0PND\u00a0com 560.576 pessoas confirmadas.<\/p>\n<p>Em segundo lugar, figura a \u00e1rea de letras \u2013 portugu\u00eas, com 73.187 confirma\u00e7\u00f5es; seguida de matem\u00e1tica (72.530) e de educa\u00e7\u00e3o f\u00edsica (65.911).<\/p>\n<h2>Sele\u00e7\u00e3o de professores<\/h2>\n<p>O Instituto Nacional de Estudos e Pesquisas Educacionais An\u00edsio Teixeira (Inep), respons\u00e1vel pela prova, explica que as redes p\u00fablicas de ensino poder\u00e3o optar por usar as notas dos participantes como mecanismo \u00fanico ou complementar de sele\u00e7\u00e3o dos docentes que fizerem a PND.<\/p>\n<p>O Minist\u00e9rio da Educa\u00e7\u00e3o (MEC) divulgou que [\u00a0https:\/\/agenciabrasil.ebc.com.br\/educacao\/noticia\/2025-07\/cnu-dos-professores-tem-adesao-de-1508-municipios-e-22-estados\u00a0] 1.508 munic\u00edpios e 22 unidades da federa\u00e7\u00e3o aderiram voluntariamente \u00e0 prova.<\/p>\n<p>As 22 redes de ensino estaduais s\u00e3o as seguintes: Acre, Alagoas, Amap\u00e1, Bahia, Cear\u00e1, Esp\u00edrito Santo, Maranh\u00e3o, Minas Gerais, Mato Grosso, Mato Grosso do Sul, Par\u00e1, Pernambuco, Piau\u00ed, Paran\u00e1, Rio Grande do Norte, Rio Grande do Sul, Rond\u00f4nia, Roraima, Santa Catarina, Sergipe, S\u00e3o Paulo e Tocantins.<\/p>\n<h2>A\u00a0PND\u00a0<\/h2>\n<p>A\u00a0PND\u00a0faz parte do programa\u00a0Mais Professores para o Brasil, que re\u00fane a\u00e7\u00f5es de reconhecimento e qualifica\u00e7\u00e3o do magist\u00e9rio da educa\u00e7\u00e3o b\u00e1sica e de incentivo \u00e0 doc\u00eancia no pa\u00eds.\u00a0<\/p>\n<\/div>\n","protected":false},"excerpt":{"rendered":"<p>Por MRNews A Prova Nacional Docente (PND) ser\u00e1 aplicada pela primeira vez neste domingo (26), em 750 cidades de todos<\/p>\n","protected":false},"author":2,"featured_media":0,"comment_status":"","ping_status":"","sticky":false,"template":"","format":"standard","meta":{"colormag_page_container_layout":"default_layout","colormag_page_sidebar_layout":"default_layout","footnotes":""},"categories":[1],"tags":[],"class_list":["post-54681","post","type-post","status-publish","format-standard","hentry","category-ejornais"],"aioseo_notices":[],"amp_enabled":true,"_links":{"self":[{"href":"https:\/\/ejornais.com.br\/index.php\/wp-json\/wp\/v2\/posts\/54681","targetHints":{"allow":["GET"]}}],"collection":[{"href":"https:\/\/ejornais.com.br\/index.php\/wp-json\/wp\/v2\/posts"}],"about":[{"href":"https:\/\/ejornais.com.br\/index.php\/wp-json\/wp\/v2\/types\/post"}],"author":[{"embeddable":true,"href":"https:\/\/ejornais.com.br\/index.php\/wp-json\/wp\/v2\/users\/2"}],"replies":[{"embeddable":true,"href":"https:\/\/ejornais.com.br\/index.php\/wp-json\/wp\/v2\/comments?post=54681"}],"version-history":[{"count":0,"href":"https:\/\/ejornais.com.br\/index.php\/wp-json\/wp\/v2\/posts\/54681\/revisions"}],"wp:attachment":[{"href":"https:\/\/ejornais.com.br\/index.php\/wp-json\/wp\/v2\/media?parent=54681"}],"wp:term":[{"taxonomy":"category","embeddable":true,"href":"https:\/\/ejornais.com.br\/index.php\/wp-json\/wp\/v2\/categories?post=54681"},{"taxonomy":"post_tag","embeddable":true,"href":"https:\/\/ejornais.com.br\/index.php\/wp-json\/wp\/v2\/tags?post=54681"}],"curies":[{"name":"wp","href":"https:\/\/api.w.org\/{rel}","templated":true}]}}