{"id":54727,"date":"2025-10-25T05:35:39","date_gmt":"2025-10-25T08:35:39","guid":{"rendered":"https:\/\/ejornais.com.br\/index.php\/2025\/10\/25\/promotores-recomendam-agencia-nacional-anti-mafia-para-frear-atentados\/"},"modified":"2025-10-25T05:35:39","modified_gmt":"2025-10-25T08:35:39","slug":"promotores-recomendam-agencia-nacional-anti-mafia-para-frear-atentados","status":"publish","type":"post","link":"https:\/\/ejornais.com.br\/index.php\/2025\/10\/25\/promotores-recomendam-agencia-nacional-anti-mafia-para-frear-atentados\/","title":{"rendered":"Promotores recomendam ag\u00eancia nacional anti-m\u00e1fia para frear atentados"},"content":{"rendered":"<p> Por MRNews<br \/>\n<\/p>\n<div wp_automatic_readability=\"103.52301207564\">\n<p><strong>O promotor Lincoln Gakiya e o Procurador-geral de Justi\u00e7a do estado de S\u00e3o Paulo, Paulo S\u00e9rgio de Oliveira e Costa, defenderam nesta sexta-feira (24) a import\u00e2ncia de coordenar esfor\u00e7os em n\u00edvel nacional com uma ag\u00eancia nacional anti-m\u00e1fia, estrutura que integraria os esfor\u00e7os das pol\u00edcias e dos \u00f3rg\u00e3os de fiscaliza\u00e7\u00e3o e controle, como a Receita Federal e o Conselho de Controle de Atividades Financeiras (Coaf).\u00a0\u00a0<\/strong><\/p>\n<p>Em entrevista coletiva, as autoridades defenderam ainda o endurecimento da legisla\u00e7\u00e3o contra o crime organizado, apoiando a proposta do Minist\u00e9rio da Justi\u00e7a e Seguran\u00e7a P\u00fablica, a import\u00e2ncia de uma lei que torne mais c\u00e9lere o processo de expropria\u00e7\u00e3o de bens de criminosos e a urg\u00eancia de uma estrutura mais robusta e eficaz de prote\u00e7\u00e3o a autoridades, policiais e, principalmente, testemunhas<\/p>\n<p><strong>Gakiya afirmou ainda que o PCC \u00e9 de fato a primeira m\u00e1fia brasileira<\/strong>, pois opera\u00e7\u00f5es nos \u00faltimos anos demonstraram suas tentativas de infiltra\u00e7\u00e3o no poder pol\u00edtico, em neg\u00f3cios l\u00edcitos e tamb\u00e9m nas estruturas financeiras, em um \u201cpatamar insustent\u00e1vel\u201d.<\/p>\n<p><strong><a href=\"https:\/\/mrnews.com.br\/index.php\/2025\/10\/25\/secretaria-diz-que-nao-tinha-e-mail-do-stf-para-informar-sobre-collor\/\">Secretaria diz que n\u00e3o tinha e-mail do STF para informar sobre Collor<\/a><\/strong><\/p>\n<p><strong><a href=\"https:\/\/mrnews.com.br\/index.php\/2025\/10\/25\/moraes-assina-carta-para-intimar-paulo-figueiredo-nos-estados-unidos\/\">Moraes assina carta para intimar Paulo Figueiredo nos Estados Unidos<\/a><\/strong><\/p>\n<blockquote wp_automatic_readability=\"8\">\n<p>\u201cEles usam estrat\u00e9gias de controle de territ\u00f3rio e de intimida\u00e7\u00e3o de autoridades\u201d, explicou Gakiya, como formas de dissuas\u00e3o.\u00a0<\/p>\n<\/blockquote>\n<p>\u201cA maneira de se come\u00e7ar a sair disso \u00e9 endurecer a legisla\u00e7\u00e3o e dizer claramente \u00e0 sociedade que temos condi\u00e7\u00f5es de ser mais organizados que o crime\u201d, disse Oliveira e Costa, para quem os poderes precisam se unir urgentemente, superando quest\u00f5es de ordem pol\u00edtico-ideol\u00f3gica em prol da prote\u00e7\u00e3o de vidas.\u00a0<\/p>\n<p>A coletiva mostrou a posi\u00e7\u00e3o do Minist\u00e9rio P\u00fablico de S\u00e3o Paulo (MP-SP) ap\u00f3s a divulga\u00e7\u00e3o da Opera\u00e7\u00e3o Recon, esfor\u00e7o da institui\u00e7\u00e3o e das pol\u00edcias estaduais para prender faccionados que estavam juntando informa\u00e7\u00f5es sobre Gakiya, e o coordenador de pres\u00eddios da regi\u00e3o oeste de S\u00e3o Paulo, Roberto Medina, respons\u00e1vel pelas unidades de Presidente Venceslau e Presidente Bernardes, onde est\u00e1 parte da c\u00fapula da fac\u00e7\u00e3o. Gakiya \u00e9 hoje um dos principais promotores p\u00fablicos que atuam na investiga\u00e7\u00e3o e combate ao PCC.<\/p>\n<h2>Opera\u00e7\u00e3o\u00a0<\/h2>\n<p><strong>Na opera\u00e7\u00e3o foram atendidos 25 mandados de busca domiciliar distribu\u00eddos nas cidades de Presidente Prudente (11), \u00c1lvares Machado (6), Martin\u00f3polis (2), Pirapozinho (2), Presidente Venceslau (2), Presidente Bernardes (1) e Santo Anast\u00e1cio (1). <\/strong>Segundo a Secretaria de Seguran\u00e7a P\u00fablica (SSP) do estado, dois homens foram presos em flagrante por tr\u00e1fico de drogas em Presidente Prudente, onde o grupo alugou uma casa a cerca de um quil\u00f4metro da resid\u00eancia do promotor.\u00a0<\/p>\n<p><strong><a href=\"https:\/\/mrnews.com.br\/index.php\/2025\/10\/24\/brasil-tem-58-casos-de-intoxicacao-por-metanol-mortes-chegam-a-15\/\">Brasil tem 58 casos de intoxica\u00e7\u00e3o por metanol; mortes chegam a 15<\/a><\/strong><\/p>\n<p><strong><a href=\"https:\/\/mrnews.com.br\/index.php\/2025\/10\/24\/mpf-recorre-para-barrar-exploracao-de-petroleo-na-bacia-do-amazonas\/\">MPF recorre para barrar explora\u00e7\u00e3o de petr\u00f3leo na bacia do Amazonas<\/a><\/strong><\/p>\n<p>\u201cNa a\u00e7\u00e3o, foram apreendidos mais de 4,3 quilos de drogas, quatro ve\u00edculos, um simulacro de arma de fogo, 30 muni\u00e7\u00f5es calibre .380, bem como R$ 7,6 mil em esp\u00e9cie. Equipamentos eletr\u00f4nicos e anota\u00e7\u00f5es tamb\u00e9m foram recolhidos para contribuir com as investiga\u00e7\u00f5es\u201d, afirmaram em nota.<\/p>\n<p><strong>Segundo o MP-SP os criminosos j\u00e1 haviam identificado, monitorado e mapeado os h\u00e1bitos di\u00e1rios de autoridades<\/strong>, \u201cnum plano meticuloso e audacioso que demonstrava o grau de periculosidade e ousadia da organiza\u00e7\u00e3o\u201d. Gakiya afirmou, inclusive, que sua casa foi sobrevoada por drones h\u00e1 tr\u00eas semanas.<\/p>\n<p>De acordo com o Minist\u00e9rio P\u00fablico, a\u00a0c\u00e9lula operava sob r\u00edgido esquema de compartimenta\u00e7\u00e3o, no qual cada integrante desempenhava uma fun\u00e7\u00e3o espec\u00edfica, sem conhecer a totalidade do plano, o que dificultava a detec\u00e7\u00e3o da trama. A sofistica\u00e7\u00e3o do grupo inclu\u00eda a divis\u00e3o entre informantes e executores, os \u00faltimos fazendo parte de um grupo de elite chamado de sintonia restrita, respons\u00e1vel pelos atentados contra autoridades e policias e por resgates.<\/p>\n<p>Membros desse grupo j\u00e1 atuaram no assassinato de agentes penitenci\u00e1rios do Paran\u00e1 e estavam envolvidos nos planos de ataque contra o senador Sergio Moro. Segundo Gakiya h\u00e1 suspeitas de que o grupo tenha atuado no assassinato do ex-delegado geral de pol\u00edcia Ruy Ferraz, em 15 de setembro. A pol\u00edcia j\u00e1 prendeu oito suspeitos de envolvimento neste caso, o \u00faltimo na ter\u00e7a-feira (21).<\/p>\n<\/div>\n","protected":false},"excerpt":{"rendered":"<p>Por MRNews O promotor Lincoln Gakiya e o Procurador-geral de Justi\u00e7a do estado de S\u00e3o Paulo, Paulo S\u00e9rgio de Oliveira<\/p>\n","protected":false},"author":2,"featured_media":0,"comment_status":"","ping_status":"","sticky":false,"template":"","format":"standard","meta":{"colormag_page_container_layout":"default_layout","colormag_page_sidebar_layout":"default_layout","footnotes":""},"categories":[1],"tags":[],"class_list":["post-54727","post","type-post","status-publish","format-standard","hentry","category-ejornais"],"aioseo_notices":[],"aioseo_head":"\n\t\t<!-- All in One SEO 5.0.1.1 - aioseo.com -->\n\t<meta name=\"description\" content=\"Por MRNews O promotor Lincoln Gakiya e o Procurador-geral de Justi\u00e7a do estado de S\u00e3o Paulo, Paulo S\u00e9rgio de Oliveira e Costa, defenderam nesta sexta-feira (24) a import\u00e2ncia de coordenar esfor\u00e7os em n\u00edvel nacional com uma ag\u00eancia nacional anti-m\u00e1fia, estrutura que integraria os esfor\u00e7os das pol\u00edcias e dos \u00f3rg\u00e3os de fiscaliza\u00e7\u00e3o e controle, como a\" \/>\n\t<meta name=\"robots\" content=\"max-image-preview:large\" \/>\n\t<meta name=\"author\" content=\"admin1\"\/>\n\t<link rel=\"canonical\" href=\"https:\/\/ejornais.com.br\/index.php\/2025\/10\/25\/promotores-recomendam-agencia-nacional-anti-mafia-para-frear-atentados\/\" \/>\n\t<meta name=\"generator\" content=\"All in One SEO (AIOSEO) 5.0.1.1\" \/>\n\t\t<meta property=\"og:locale\" content=\"pt_BR\" \/>\n\t\t<meta property=\"og:site_name\" content=\"eJornais - Cat\u00e1logo de Jornais no mundo, Not\u00edcias, Blog e Esportes ao vivo\" \/>\n\t\t<meta property=\"og:type\" content=\"article\" \/>\n\t\t<meta property=\"og:title\" content=\"Promotores recomendam ag\u00eancia nacional anti-m\u00e1fia para frear atentados - eJornais\" \/>\n\t\t<meta property=\"og:description\" content=\"Por MRNews O promotor Lincoln Gakiya e o Procurador-geral de Justi\u00e7a do estado de S\u00e3o Paulo, Paulo S\u00e9rgio de Oliveira e Costa, defenderam nesta sexta-feira (24) a import\u00e2ncia de coordenar esfor\u00e7os em n\u00edvel nacional com uma ag\u00eancia nacional anti-m\u00e1fia, estrutura que integraria os esfor\u00e7os das pol\u00edcias e dos \u00f3rg\u00e3os de fiscaliza\u00e7\u00e3o e controle, como a\" \/>\n\t\t<meta property=\"og:url\" content=\"https:\/\/ejornais.com.br\/index.php\/2025\/10\/25\/promotores-recomendam-agencia-nacional-anti-mafia-para-frear-atentados\/\" \/>\n\t\t<meta property=\"article:published_time\" content=\"2025-10-25T08:35:39+00:00\" \/>\n\t\t<meta property=\"article:modified_time\" content=\"2025-10-25T08:35:39+00:00\" \/>\n\t\t<meta name=\"twitter:card\" content=\"summary_large_image\" \/>\n\t\t<meta name=\"twitter:title\" content=\"Promotores recomendam ag\u00eancia nacional anti-m\u00e1fia para frear atentados - eJornais\" \/>\n\t\t<meta name=\"twitter:description\" content=\"Por MRNews O promotor Lincoln Gakiya e o Procurador-geral de Justi\u00e7a do estado de S\u00e3o Paulo, Paulo S\u00e9rgio de Oliveira e Costa, defenderam nesta sexta-feira (24) a import\u00e2ncia de coordenar esfor\u00e7os em n\u00edvel nacional com uma ag\u00eancia nacional anti-m\u00e1fia, estrutura que integraria os esfor\u00e7os das pol\u00edcias e dos \u00f3rg\u00e3os de fiscaliza\u00e7\u00e3o e controle, como a\" \/>\n\t\t<script type=\"application\/ld+json\" class=\"aioseo-schema\">\n\t\t\t{\"@context\":\"https:\\\/\\\/schema.org\",\"@graph\":[{\"@type\":\"BlogPosting\",\"@id\":\"https:\\\/\\\/ejornais.com.br\\\/index.php\\\/2025\\\/10\\\/25\\\/promotores-recomendam-agencia-nacional-anti-mafia-para-frear-atentados\\\/#blogposting\",\"name\":\"Promotores recomendam ag\\u00eancia nacional anti-m\\u00e1fia para frear atentados - eJornais\",\"headline\":\"Promotores recomendam ag\\u00eancia nacional anti-m\\u00e1fia para frear atentados\",\"author\":{\"@id\":\"https:\\\/\\\/ejornais.com.br\\\/index.php\\\/author\\\/admin1\\\/#author\"},\"publisher\":{\"@id\":\"https:\\\/\\\/ejornais.com.br\\\/#organization\"},\"datePublished\":\"2025-10-25T05:35:39-03:00\",\"dateModified\":\"2025-10-25T05:35:39-03:00\",\"inLanguage\":\"pt-BR\",\"mainEntityOfPage\":{\"@id\":\"https:\\\/\\\/ejornais.com.br\\\/index.php\\\/2025\\\/10\\\/25\\\/promotores-recomendam-agencia-nacional-anti-mafia-para-frear-atentados\\\/#webpage\"},\"isPartOf\":{\"@id\":\"https:\\\/\\\/ejornais.com.br\\\/index.php\\\/2025\\\/10\\\/25\\\/promotores-recomendam-agencia-nacional-anti-mafia-para-frear-atentados\\\/#webpage\"},\"articleSection\":\"Cat\\u00e1logo de Jornais\"},{\"@type\":\"BreadcrumbList\",\"@id\":\"https:\\\/\\\/ejornais.com.br\\\/index.php\\\/2025\\\/10\\\/25\\\/promotores-recomendam-agencia-nacional-anti-mafia-para-frear-atentados\\\/#breadcrumblist\",\"itemListElement\":[{\"@type\":\"ListItem\",\"@id\":\"https:\\\/\\\/ejornais.com.br#listItem\",\"position\":1,\"name\":\"In\\u00edcio\",\"item\":\"https:\\\/\\\/ejornais.com.br\",\"nextItem\":{\"@type\":\"ListItem\",\"@id\":\"https:\\\/\\\/ejornais.com.br\\\/index.php\\\/category\\\/ejornais\\\/#listItem\",\"name\":\"Cat\\u00e1logo de Jornais\"}},{\"@type\":\"ListItem\",\"@id\":\"https:\\\/\\\/ejornais.com.br\\\/index.php\\\/category\\\/ejornais\\\/#listItem\",\"position\":2,\"name\":\"Cat\\u00e1logo de Jornais\",\"item\":\"https:\\\/\\\/ejornais.com.br\\\/index.php\\\/category\\\/ejornais\\\/\",\"nextItem\":{\"@type\":\"ListItem\",\"@id\":\"https:\\\/\\\/ejornais.com.br\\\/index.php\\\/2025\\\/10\\\/25\\\/promotores-recomendam-agencia-nacional-anti-mafia-para-frear-atentados\\\/#listItem\",\"name\":\"Promotores recomendam ag\\u00eancia nacional anti-m\\u00e1fia para frear atentados\"},\"previousItem\":{\"@type\":\"ListItem\",\"@id\":\"https:\\\/\\\/ejornais.com.br#listItem\",\"name\":\"In\\u00edcio\"}},{\"@type\":\"ListItem\",\"@id\":\"https:\\\/\\\/ejornais.com.br\\\/index.php\\\/2025\\\/10\\\/25\\\/promotores-recomendam-agencia-nacional-anti-mafia-para-frear-atentados\\\/#listItem\",\"position\":3,\"name\":\"Promotores recomendam ag\\u00eancia nacional anti-m\\u00e1fia para frear atentados\",\"previousItem\":{\"@type\":\"ListItem\",\"@id\":\"https:\\\/\\\/ejornais.com.br\\\/index.php\\\/category\\\/ejornais\\\/#listItem\",\"name\":\"Cat\\u00e1logo de Jornais\"}}]},{\"@type\":\"Organization\",\"@id\":\"https:\\\/\\\/ejornais.com.br\\\/#organization\",\"name\":\"eJornais\",\"description\":\"Cat\\u00e1logo de Jornais no mundo, Not\\u00edcias, Blog e Esportes ao vivo\",\"url\":\"https:\\\/\\\/ejornais.com.br\\\/\"},{\"@type\":\"Person\",\"@id\":\"https:\\\/\\\/ejornais.com.br\\\/index.php\\\/author\\\/admin1\\\/#author\",\"url\":\"https:\\\/\\\/ejornais.com.br\\\/index.php\\\/author\\\/admin1\\\/\",\"name\":\"admin1\",\"image\":{\"@type\":\"ImageObject\",\"@id\":\"https:\\\/\\\/ejornais.com.br\\\/index.php\\\/2025\\\/10\\\/25\\\/promotores-recomendam-agencia-nacional-anti-mafia-para-frear-atentados\\\/#authorImage\",\"url\":\"https:\\\/\\\/secure.gravatar.com\\\/avatar\\\/04084e6d73c042b8646e7c17b494073bf0ede3ea13c7105cfc45cbbbc28385a4?s=96&d=mm&r=g\",\"width\":96,\"height\":96,\"caption\":\"admin1\"}},{\"@type\":\"WebPage\",\"@id\":\"https:\\\/\\\/ejornais.com.br\\\/index.php\\\/2025\\\/10\\\/25\\\/promotores-recomendam-agencia-nacional-anti-mafia-para-frear-atentados\\\/#webpage\",\"url\":\"https:\\\/\\\/ejornais.com.br\\\/index.php\\\/2025\\\/10\\\/25\\\/promotores-recomendam-agencia-nacional-anti-mafia-para-frear-atentados\\\/\",\"name\":\"Promotores recomendam ag\\u00eancia nacional anti-m\\u00e1fia para frear atentados - eJornais\",\"description\":\"Por MRNews O promotor Lincoln Gakiya e o Procurador-geral de Justi\\u00e7a do estado de S\\u00e3o Paulo, Paulo S\\u00e9rgio de Oliveira e Costa, defenderam nesta sexta-feira (24) a import\\u00e2ncia de coordenar esfor\\u00e7os em n\\u00edvel nacional com uma ag\\u00eancia nacional anti-m\\u00e1fia, estrutura que integraria os esfor\\u00e7os das pol\\u00edcias e dos \\u00f3rg\\u00e3os de fiscaliza\\u00e7\\u00e3o e controle, como a\",\"inLanguage\":\"pt-BR\",\"isPartOf\":{\"@id\":\"https:\\\/\\\/ejornais.com.br\\\/#website\"},\"breadcrumb\":{\"@id\":\"https:\\\/\\\/ejornais.com.br\\\/index.php\\\/2025\\\/10\\\/25\\\/promotores-recomendam-agencia-nacional-anti-mafia-para-frear-atentados\\\/#breadcrumblist\"},\"author\":{\"@id\":\"https:\\\/\\\/ejornais.com.br\\\/index.php\\\/author\\\/admin1\\\/#author\"},\"creator\":{\"@id\":\"https:\\\/\\\/ejornais.com.br\\\/index.php\\\/author\\\/admin1\\\/#author\"},\"datePublished\":\"2025-10-25T05:35:39-03:00\",\"dateModified\":\"2025-10-25T05:35:39-03:00\"},{\"@type\":\"WebSite\",\"@id\":\"https:\\\/\\\/ejornais.com.br\\\/#website\",\"url\":\"https:\\\/\\\/ejornais.com.br\\\/\",\"name\":\"eJornais\",\"description\":\"Cat\\u00e1logo de Jornais no mundo, Not\\u00edcias, Blog e Esportes ao vivo\",\"inLanguage\":\"pt-BR\",\"publisher\":{\"@id\":\"https:\\\/\\\/ejornais.com.br\\\/#organization\"}}]}\n\t\t<\/script>\n\t\t<!-- All in One SEO -->\n\n","aioseo_head_json":{"title":"Promotores recomendam ag\u00eancia nacional anti-m\u00e1fia para frear atentados - eJornais","description":"Por MRNews O promotor Lincoln Gakiya e o Procurador-geral de Justi\u00e7a do estado de S\u00e3o Paulo, Paulo S\u00e9rgio de Oliveira e Costa, defenderam nesta sexta-feira (24) a import\u00e2ncia de coordenar esfor\u00e7os em n\u00edvel nacional com uma ag\u00eancia nacional anti-m\u00e1fia, estrutura que integraria os esfor\u00e7os das pol\u00edcias e dos \u00f3rg\u00e3os de fiscaliza\u00e7\u00e3o e controle, como a","canonical_url":"https:\/\/ejornais.com.br\/index.php\/2025\/10\/25\/promotores-recomendam-agencia-nacional-anti-mafia-para-frear-atentados\/","robots":"max-image-preview:large","keywords":"","webmasterTools":{"miscellaneous":""},"schema":{"@context":"https:\/\/schema.org","@graph":[{"@type":"BlogPosting","@id":"https:\/\/ejornais.com.br\/index.php\/2025\/10\/25\/promotores-recomendam-agencia-nacional-anti-mafia-para-frear-atentados\/#blogposting","name":"Promotores recomendam ag\u00eancia nacional anti-m\u00e1fia para frear atentados - eJornais","headline":"Promotores recomendam ag\u00eancia nacional anti-m\u00e1fia para frear atentados","author":{"@id":"https:\/\/ejornais.com.br\/index.php\/author\/admin1\/#author"},"publisher":{"@id":"https:\/\/ejornais.com.br\/#organization"},"datePublished":"2025-10-25T05:35:39-03:00","dateModified":"2025-10-25T05:35:39-03:00","inLanguage":"pt-BR","mainEntityOfPage":{"@id":"https:\/\/ejornais.com.br\/index.php\/2025\/10\/25\/promotores-recomendam-agencia-nacional-anti-mafia-para-frear-atentados\/#webpage"},"isPartOf":{"@id":"https:\/\/ejornais.com.br\/index.php\/2025\/10\/25\/promotores-recomendam-agencia-nacional-anti-mafia-para-frear-atentados\/#webpage"},"articleSection":"Cat\u00e1logo de Jornais"},{"@type":"BreadcrumbList","@id":"https:\/\/ejornais.com.br\/index.php\/2025\/10\/25\/promotores-recomendam-agencia-nacional-anti-mafia-para-frear-atentados\/#breadcrumblist","itemListElement":[{"@type":"ListItem","@id":"https:\/\/ejornais.com.br#listItem","position":1,"name":"In\u00edcio","item":"https:\/\/ejornais.com.br","nextItem":{"@type":"ListItem","@id":"https:\/\/ejornais.com.br\/index.php\/category\/ejornais\/#listItem","name":"Cat\u00e1logo de Jornais"}},{"@type":"ListItem","@id":"https:\/\/ejornais.com.br\/index.php\/category\/ejornais\/#listItem","position":2,"name":"Cat\u00e1logo de Jornais","item":"https:\/\/ejornais.com.br\/index.php\/category\/ejornais\/","nextItem":{"@type":"ListItem","@id":"https:\/\/ejornais.com.br\/index.php\/2025\/10\/25\/promotores-recomendam-agencia-nacional-anti-mafia-para-frear-atentados\/#listItem","name":"Promotores recomendam ag\u00eancia nacional anti-m\u00e1fia para frear atentados"},"previousItem":{"@type":"ListItem","@id":"https:\/\/ejornais.com.br#listItem","name":"In\u00edcio"}},{"@type":"ListItem","@id":"https:\/\/ejornais.com.br\/index.php\/2025\/10\/25\/promotores-recomendam-agencia-nacional-anti-mafia-para-frear-atentados\/#listItem","position":3,"name":"Promotores recomendam ag\u00eancia nacional anti-m\u00e1fia para frear atentados","previousItem":{"@type":"ListItem","@id":"https:\/\/ejornais.com.br\/index.php\/category\/ejornais\/#listItem","name":"Cat\u00e1logo de Jornais"}}]},{"@type":"Organization","@id":"https:\/\/ejornais.com.br\/#organization","name":"eJornais","description":"Cat\u00e1logo de Jornais no mundo, Not\u00edcias, Blog e Esportes ao vivo","url":"https:\/\/ejornais.com.br\/"},{"@type":"Person","@id":"https:\/\/ejornais.com.br\/index.php\/author\/admin1\/#author","url":"https:\/\/ejornais.com.br\/index.php\/author\/admin1\/","name":"admin1","image":{"@type":"ImageObject","@id":"https:\/\/ejornais.com.br\/index.php\/2025\/10\/25\/promotores-recomendam-agencia-nacional-anti-mafia-para-frear-atentados\/#authorImage","url":"https:\/\/secure.gravatar.com\/avatar\/04084e6d73c042b8646e7c17b494073bf0ede3ea13c7105cfc45cbbbc28385a4?s=96&d=mm&r=g","width":96,"height":96,"caption":"admin1"}},{"@type":"WebPage","@id":"https:\/\/ejornais.com.br\/index.php\/2025\/10\/25\/promotores-recomendam-agencia-nacional-anti-mafia-para-frear-atentados\/#webpage","url":"https:\/\/ejornais.com.br\/index.php\/2025\/10\/25\/promotores-recomendam-agencia-nacional-anti-mafia-para-frear-atentados\/","name":"Promotores recomendam ag\u00eancia nacional anti-m\u00e1fia para frear atentados - eJornais","description":"Por MRNews O promotor Lincoln Gakiya e o Procurador-geral de Justi\u00e7a do estado de S\u00e3o Paulo, Paulo S\u00e9rgio de Oliveira e Costa, defenderam nesta sexta-feira (24) a import\u00e2ncia de coordenar esfor\u00e7os em n\u00edvel nacional com uma ag\u00eancia nacional anti-m\u00e1fia, estrutura que integraria os esfor\u00e7os das pol\u00edcias e dos \u00f3rg\u00e3os de fiscaliza\u00e7\u00e3o e controle, como a","inLanguage":"pt-BR","isPartOf":{"@id":"https:\/\/ejornais.com.br\/#website"},"breadcrumb":{"@id":"https:\/\/ejornais.com.br\/index.php\/2025\/10\/25\/promotores-recomendam-agencia-nacional-anti-mafia-para-frear-atentados\/#breadcrumblist"},"author":{"@id":"https:\/\/ejornais.com.br\/index.php\/author\/admin1\/#author"},"creator":{"@id":"https:\/\/ejornais.com.br\/index.php\/author\/admin1\/#author"},"datePublished":"2025-10-25T05:35:39-03:00","dateModified":"2025-10-25T05:35:39-03:00"},{"@type":"WebSite","@id":"https:\/\/ejornais.com.br\/#website","url":"https:\/\/ejornais.com.br\/","name":"eJornais","description":"Cat\u00e1logo de Jornais no mundo, Not\u00edcias, Blog e Esportes ao vivo","inLanguage":"pt-BR","publisher":{"@id":"https:\/\/ejornais.com.br\/#organization"}}]},"og:locale":"pt_BR","og:site_name":"eJornais - Cat\u00e1logo de Jornais no mundo, Not\u00edcias, Blog e Esportes ao vivo","og:type":"article","og:title":"Promotores recomendam ag\u00eancia nacional anti-m\u00e1fia para frear atentados - eJornais","og:description":"Por MRNews O promotor Lincoln Gakiya e o Procurador-geral de Justi\u00e7a do estado de S\u00e3o Paulo, Paulo S\u00e9rgio de Oliveira e Costa, defenderam nesta sexta-feira (24) a import\u00e2ncia de coordenar esfor\u00e7os em n\u00edvel nacional com uma ag\u00eancia nacional anti-m\u00e1fia, estrutura que integraria os esfor\u00e7os das pol\u00edcias e dos \u00f3rg\u00e3os de fiscaliza\u00e7\u00e3o e controle, como a","og:url":"https:\/\/ejornais.com.br\/index.php\/2025\/10\/25\/promotores-recomendam-agencia-nacional-anti-mafia-para-frear-atentados\/","article:published_time":"2025-10-25T08:35:39+00:00","article:modified_time":"2025-10-25T08:35:39+00:00","twitter:card":"summary_large_image","twitter:title":"Promotores recomendam ag\u00eancia nacional anti-m\u00e1fia para frear atentados - eJornais","twitter:description":"Por MRNews O promotor Lincoln Gakiya e o Procurador-geral de Justi\u00e7a do estado de S\u00e3o Paulo, Paulo S\u00e9rgio de Oliveira e Costa, defenderam nesta sexta-feira (24) a import\u00e2ncia de coordenar esfor\u00e7os em n\u00edvel nacional com uma ag\u00eancia nacional anti-m\u00e1fia, estrutura que integraria os esfor\u00e7os das pol\u00edcias e dos \u00f3rg\u00e3os de fiscaliza\u00e7\u00e3o e controle, como a"},"aioseo_meta_data":{"post_id":"54727","title":null,"description":null,"keywords":null,"keyphrases":null,"primary_term":null,"canonical_url":null,"og_title":null,"og_description":null,"og_object_type":"default","og_image_type":"default","og_image_url":null,"og_image_width":null,"og_image_height":null,"og_image_custom_url":null,"og_image_custom_fields":null,"og_video":null,"og_custom_url":null,"og_article_section":null,"og_article_tags":null,"twitter_use_og":false,"twitter_card":"default","twitter_image_type":"default","twitter_image_url":null,"twitter_image_custom_url":null,"twitter_image_custom_fields":null,"twitter_title":null,"twitter_description":null,"schema":{"blockGraphs":[],"customGraphs":[],"default":{"data":{"Article":[],"Course":[],"Dataset":[],"FAQPage":[],"Movie":[],"Person":[],"Product":[],"ProductReview":[],"Car":[],"Recipe":[],"Service":[],"SoftwareApplication":[],"WebPage":[]},"graphName":"","isEnabled":true},"graphs":[]},"schema_type":"default","schema_type_options":null,"pillar_content":false,"robots_default":true,"robots_noindex":false,"robots_noarchive":false,"robots_nosnippet":false,"robots_nofollow":false,"robots_noimageindex":false,"robots_noodp":false,"robots_notranslate":false,"robots_max_snippet":null,"robots_max_videopreview":null,"robots_max_imagepreview":"large","priority":null,"frequency":null,"local_seo":null,"breadcrumb_settings":null,"limit_modified_date":false,"ai":null,"created":"2025-10-25 08:44:37","updated":"2025-10-25 08:44:37","seo_analyzer_scan_date":null,"focus_keyword":null,"additional_keywords":null,"truseo_locale":null},"aioseo_breadcrumb":"<div class=\"aioseo-breadcrumbs\"><span class=\"aioseo-breadcrumb\">\n\t\t\t<a href=\"https:\/\/ejornais.com.br\" title=\"In\u00edcio\">In\u00edcio<\/a>\n\t\t<\/span><span class=\"aioseo-breadcrumb-separator\">&raquo;<\/span><span class=\"aioseo-breadcrumb\">\n\t\t\t<a href=\"https:\/\/ejornais.com.br\/index.php\/category\/ejornais\/\" title=\"Cat\u00e1logo de Jornais\">Cat\u00e1logo de Jornais<\/a>\n\t\t<\/span><span class=\"aioseo-breadcrumb-separator\">&raquo;<\/span><span class=\"aioseo-breadcrumb\">\n\t\t\tPromotores recomendam ag\u00eancia nacional anti-m\u00e1fia para frear atentados\n\t\t<\/span><\/div>","aioseo_breadcrumb_json":[{"label":"In\u00edcio","link":"https:\/\/ejornais.com.br"},{"label":"Cat\u00e1logo de Jornais","link":"https:\/\/ejornais.com.br\/index.php\/category\/ejornais\/"},{"label":"Promotores recomendam ag\u00eancia nacional anti-m\u00e1fia para frear atentados","link":"https:\/\/ejornais.com.br\/index.php\/2025\/10\/25\/promotores-recomendam-agencia-nacional-anti-mafia-para-frear-atentados\/"}],"amp_enabled":true,"_links":{"self":[{"href":"https:\/\/ejornais.com.br\/index.php\/wp-json\/wp\/v2\/posts\/54727","targetHints":{"allow":["GET"]}}],"collection":[{"href":"https:\/\/ejornais.com.br\/index.php\/wp-json\/wp\/v2\/posts"}],"about":[{"href":"https:\/\/ejornais.com.br\/index.php\/wp-json\/wp\/v2\/types\/post"}],"author":[{"embeddable":true,"href":"https:\/\/ejornais.com.br\/index.php\/wp-json\/wp\/v2\/users\/2"}],"replies":[{"embeddable":true,"href":"https:\/\/ejornais.com.br\/index.php\/wp-json\/wp\/v2\/comments?post=54727"}],"version-history":[{"count":0,"href":"https:\/\/ejornais.com.br\/index.php\/wp-json\/wp\/v2\/posts\/54727\/revisions"}],"wp:attachment":[{"href":"https:\/\/ejornais.com.br\/index.php\/wp-json\/wp\/v2\/media?parent=54727"}],"wp:term":[{"taxonomy":"category","embeddable":true,"href":"https:\/\/ejornais.com.br\/index.php\/wp-json\/wp\/v2\/categories?post=54727"},{"taxonomy":"post_tag","embeddable":true,"href":"https:\/\/ejornais.com.br\/index.php\/wp-json\/wp\/v2\/tags?post=54727"}],"curies":[{"name":"wp","href":"https:\/\/api.w.org\/{rel}","templated":true}]}}