{"id":54849,"date":"2025-10-27T19:21:46","date_gmt":"2025-10-27T22:21:46","guid":{"rendered":"https:\/\/ejornais.com.br\/index.php\/2025\/10\/27\/agencia-minas-gerais-governo-de-minas-participa-de-cerimonia-de-encerramento-dos-jogos-escolares-brasileiros-2025-em-uberlandia-2\/"},"modified":"2025-10-27T19:21:46","modified_gmt":"2025-10-27T22:21:46","slug":"agencia-minas-gerais-governo-de-minas-participa-de-cerimonia-de-encerramento-dos-jogos-escolares-brasileiros-2025-em-uberlandia-2","status":"publish","type":"post","link":"https:\/\/ejornais.com.br\/index.php\/2025\/10\/27\/agencia-minas-gerais-governo-de-minas-participa-de-cerimonia-de-encerramento-dos-jogos-escolares-brasileiros-2025-em-uberlandia-2\/","title":{"rendered":"Ag\u00eancia Minas Gerais | Governo de Minas participa de cerim\u00f4nia de encerramento dos Jogos Escolares Brasileiros 2025 em Uberl\u00e2ndia"},"content":{"rendered":"<p><\/p>\n<div>\n<section class=\"news-related \/ col-md-4 col-lg-3 \/ margin-md-bottom-2 margin-left-1 \/ pull-right \/ hidden-xs hidden-sm\">\n<header>\n<p class=\"text-title-section \/ margin-bottom-1\">Relacionadas<\/p>\n<\/header>\n<p>\t\t\t\t\t\t\t<main><\/p>\n<hr class=\"row margin-md-bottom-2\"\/>\n\t\t\t\t\t\t\t<\/main><br \/>\n\t\t\t\t\t\t<\/section>\n<p>Neste s\u00e1bado (25\/10), governador em exerc\u00edcio de Minas Gerais, Mateus Sim\u00f5es, participou do encerramento dos Jogos Escolares Brasileiros (JEBs) 2025, realizados em Uberl\u00e2ndia, no Tri\u00e2ngulo Mineiro.<\/p>\n<p>A agenda, iniciada pela manh\u00e3, teve a presen\u00e7a de Mateus Sim\u00f5es, que participou simbolicamente do in\u00edcio de uma partida de basquete entre uma escola de Minas e outra da Para\u00edba. Em seguida, o governador em exerc\u00edcio almo\u00e7ou e conversou com alguns atletas mineiros.<\/p>\n<p>\u201cO esporte representa uma forma de o jovem perceber, primeiro, que o m\u00e9rito importa. Esse \u00e9 um conceito que tem morrido no Brasil. O esporte \u00e9 uma forma de integra\u00e7\u00e3o, de envolver, de respeito para o pr\u00f3ximo. Ent\u00e3o \u00e9 muito mais que uma atividade f\u00edsica para a gente, e tamb\u00e9m muito mais do que o sonho de ser esportista profissional, o esporte \u00e9 uma forma de trazer o aluno para dar o seu maior potencial\u201d, destacou Mateus Sim\u00f5es.<\/p>\n<p>Durante a solenidade de encerramento dos JEBs, a Confedera\u00e7\u00e3o Brasileira do Desporto Escolar (CBDE) e representantes do setor tur\u00edstico de Uberl\u00e2ndia entregaram placas de agradecimento, reconhecendo o impacto positivo do evento na cidade, que recebeu milhares de jovens e movimentou a economia local.\u00a0<\/p>\n<p><strong>Minas em destaque<\/strong><\/p>\n<p>O retorno dos Jogos Escolares Brasileiros (JEBs) a Minas Gerais, ap\u00f3s 19 anos, consolida o estado como refer\u00eancia nacional no esporte escolar. Realizado entre os dias 5 e 26\/10, o evento marcou um novo ciclo para o estado, que, recentemente, registrou recorde hist\u00f3rico no Jogos Escolares de Minas Gerais (Jemg) 2025, com a participa\u00e7\u00e3o dos 853 munic\u00edpios e cerca de 50 mil estudantes-atletas.\u00a0<\/p>\n<p>\u201cOs Jogos Escolares Brasileiros refor\u00e7am o protagonismo de Minas no esporte educacional e mostram o quanto o investimento nessa \u00e1rea tem gerado frutos. A cada edi\u00e7\u00e3o, vemos mais jovens se destacando, aprendendo e crescendo por meio do esporte. O Governo de Minas segue firme em seu prop\u00f3sito de prosperar com pol\u00edticas que formam cidad\u00e3os e transformam vidas\u201d, afirmou a secret\u00e1ria de Estado de Desenvolvimento Social, Al\u00ea Portela.<\/p>\n<p>A delega\u00e7\u00e3o mineira nos JEBs reuniu 272 integrantes, sendo 215 estudantes-atletas de 113 escolas em 51 munic\u00edpios, al\u00e9m de dirigentes e t\u00e9cnicos das\u00a0Secretarias de Estado de Desenvolvimento Social (Sedese)\u00a0e de\u00a0Educa\u00e7\u00e3o (SEE).\u00a0<\/p>\n<p>Minas Gerais segue como uma das pot\u00eancias do esporte estudantil brasileiro. A delega\u00e7\u00e3o mineira conquistou mais de 50 medalhas nas duas etapas da competi\u00e7\u00e3o.\u00a0<\/p>\n<p><strong>Investimento hist\u00f3rico no esporte\u00a0<\/strong><\/p>\n<p>A participa\u00e7\u00e3o do Governo de Minas no encerramento dos JEBs refor\u00e7a o fortalecimento das pol\u00edticas p\u00fablicas esportivas, que t\u00eam alcan\u00e7ado resultados expressivos nos \u00faltimos anos. O investimento no esporte educacional continua sendo prioridade para o Estado.\u00a0<\/p>\n<p>Para a edi\u00e7\u00e3o de 2025 dos Jogos Escolares de Minas Gerais (Jemg), foi feito um investimento recorde de R$ 25 milh\u00f5es, sendo R$ 13 milh\u00f5es destinados pela Secretaria de Estado de Desenvolvimento Social (Sedese) e R$ 10 milh\u00f5es pela Secretaria de Estado de Educa\u00e7\u00e3o (SEE).<\/p>\n<p>Outro destaque \u00e9 o ICMS Esportivo, que teve seus repasses ampliados de R$ 14 milh\u00f5es para mais de R$ 80 milh\u00f5es em 2024, um aumento superior a 500%, fortalecendo a municipaliza\u00e7\u00e3o das pol\u00edticas esportivas e ampliando o apoio \u00e0s prefeituras mineiras.<\/p>\n<p>Al\u00e9m disso, a Lei de Incentivo ao Esporte (LIE) ter\u00e1, em 2025, o teto de capta\u00e7\u00e3o elevado para R$ 89 milh\u00f5es, mais que o triplo do valor autorizado no ano anterior, ampliando as oportunidades de financiamento e est\u00edmulo a projetos esportivos em diversas regi\u00f5es do estado.<\/p>\n<p>\u00a0<\/p>\n<\/p><\/div>\n","protected":false},"excerpt":{"rendered":"<p>Relacionadas Neste s\u00e1bado (25\/10), governador em exerc\u00edcio de Minas Gerais, Mateus Sim\u00f5es, participou do encerramento dos Jogos Escolares Brasileiros (JEBs)<\/p>\n","protected":false},"author":2,"featured_media":0,"comment_status":"","ping_status":"","sticky":false,"template":"","format":"standard","meta":{"colormag_page_container_layout":"default_layout","colormag_page_sidebar_layout":"default_layout","footnotes":""},"categories":[1],"tags":[],"class_list":["post-54849","post","type-post","status-publish","format-standard","hentry","category-ejornais"],"aioseo_notices":[],"amp_enabled":true,"_links":{"self":[{"href":"https:\/\/ejornais.com.br\/index.php\/wp-json\/wp\/v2\/posts\/54849","targetHints":{"allow":["GET"]}}],"collection":[{"href":"https:\/\/ejornais.com.br\/index.php\/wp-json\/wp\/v2\/posts"}],"about":[{"href":"https:\/\/ejornais.com.br\/index.php\/wp-json\/wp\/v2\/types\/post"}],"author":[{"embeddable":true,"href":"https:\/\/ejornais.com.br\/index.php\/wp-json\/wp\/v2\/users\/2"}],"replies":[{"embeddable":true,"href":"https:\/\/ejornais.com.br\/index.php\/wp-json\/wp\/v2\/comments?post=54849"}],"version-history":[{"count":0,"href":"https:\/\/ejornais.com.br\/index.php\/wp-json\/wp\/v2\/posts\/54849\/revisions"}],"wp:attachment":[{"href":"https:\/\/ejornais.com.br\/index.php\/wp-json\/wp\/v2\/media?parent=54849"}],"wp:term":[{"taxonomy":"category","embeddable":true,"href":"https:\/\/ejornais.com.br\/index.php\/wp-json\/wp\/v2\/categories?post=54849"},{"taxonomy":"post_tag","embeddable":true,"href":"https:\/\/ejornais.com.br\/index.php\/wp-json\/wp\/v2\/tags?post=54849"}],"curies":[{"name":"wp","href":"https:\/\/api.w.org\/{rel}","templated":true}]}}