{"id":54991,"date":"2025-10-30T05:44:45","date_gmt":"2025-10-30T08:44:45","guid":{"rendered":"https:\/\/ejornais.com.br\/index.php\/2025\/10\/30\/lula-defende-trabalho-coordenado-contra-espinha-dorsal-do-trafico\/"},"modified":"2025-10-30T05:44:45","modified_gmt":"2025-10-30T08:44:45","slug":"lula-defende-trabalho-coordenado-contra-espinha-dorsal-do-trafico","status":"publish","type":"post","link":"https:\/\/ejornais.com.br\/index.php\/2025\/10\/30\/lula-defende-trabalho-coordenado-contra-espinha-dorsal-do-trafico\/","title":{"rendered":"Lula defende trabalho coordenado contra \u201cespinha dorsal do tr\u00e1fico\u201c"},"content":{"rendered":"<p> Por MRNews<br \/>\n<\/p>\n<div wp_automatic_readability=\"36.17652027027\">\n<p><strong>O presidente Luiz In\u00e1cio Lula da Silva defendeu, na noite desta quarta-feira (29), que \u00e9 necess\u00e1rio um trabalho coordenado para atingir a \u201cespinha dorsal do tr\u00e1fico\u201d no Brasil.\u00a0<\/strong><\/p>\n<blockquote wp_automatic_readability=\"11\">\n<p>\u201cN\u00e3o podemos aceitar que o crime organizado continue destruindo fam\u00edlias, oprimindo moradores e espalhando drogas e viol\u00eancia pelas cidades. Precisamos de um trabalho coordenado que atinja a espinha dorsal do tr\u00e1fico sem colocar policiais, crian\u00e7as e fam\u00edlias inocentes em risco\u201d, afirmou o presidente em postagem nas redes sociais.<\/p>\n<\/blockquote>\n<p>Lula avalia que esse\u00a0trabalho coordenado foi o que ocorreu em agosto na Opera\u00e7\u00e3o Carbono Oculto, considerada por ele como \u201ca maior opera\u00e7\u00e3o contra o crime organizado da hist\u00f3ria do pa\u00eds\u201d.\u00a0<\/p>\n<p><strong><a href=\"https:\/\/mrnews.com.br\/index.php\/2025\/10\/30\/tse-marca-julgamento-de-recurso-que-pede-cassacao-de-castro\/\">TSE marca julgamento de recurso que pede cassa\u00e7\u00e3o de Castro<\/a><\/strong><\/p>\n<p><strong><a href=\"https:\/\/mrnews.com.br\/index.php\/2025\/10\/30\/mp-do-rio-pede-cameras-usadas-por-policiais-em-operacao-contencao\/\">MP do Rio pede c\u00e2meras usadas por policiais em Opera\u00e7\u00e3o Conten\u00e7\u00e3o<\/a><\/strong><\/p>\n<p>Segundo o presidente, as a\u00e7\u00f5es na ocasi\u00e3o tiveram o sucesso esperado ao chegar \u201cao cora\u00e7\u00e3o financeiro de uma grande quadrilha envolvida em venda de drogas, adultera\u00e7\u00e3o de combust\u00edvel e lavagem de dinheiro\u201d.<\/p>\n<p><strong>Ainda na postagem na rede social, Lula aproveitou para defender a aprova\u00e7\u00e3o da PEC da Seguran\u00e7a que foi encaminhada ao Congresso Nacional.\u00a0<\/strong><\/p>\n<blockquote wp_automatic_readability=\"6\">\n<p>\u201cVamos garantir que as diferentes for\u00e7as policiais atuem de maneira conjunta no enfrentamento \u00e0s fac\u00e7\u00f5es criminosas\u201d.<\/p>\n<\/blockquote>\n<p>Lula ainda n\u00e3o havia se manifestado publicamente sobre os resultados da Opera\u00e7\u00e3o Conten\u00e7\u00e3o, que deixou ao menos 121 mortos no Rio de Janeiro. O presidente chegou a Bras\u00edlia na noite de ter\u00e7a-feira (28) depois de viagem ao Sudeste Asi\u00e1tico. \u00a0<\/p>\n<p><strong><a href=\"https:\/\/mrnews.com.br\/index.php\/2025\/10\/30\/lewandowski-e-castro-anunciam-escritorio-emergencial-contra-crime\/\">Lewandowski e Castro anunciam escrit\u00f3rio emergencial contra crime<\/a><\/strong><\/p>\n<p><strong><a href=\"https:\/\/mrnews.com.br\/index.php\/2025\/10\/30\/stj-mantem-condenacao-de-ex-governador-arruda-por-improbidade\/\">STJ mant\u00e9m condena\u00e7\u00e3o de ex-governador Arruda por improbidade<\/a><\/strong><\/p>\n<\/div>\n","protected":false},"excerpt":{"rendered":"<p>Por MRNews O presidente Luiz In\u00e1cio Lula da Silva defendeu, na noite desta quarta-feira (29), que \u00e9 necess\u00e1rio um trabalho<\/p>\n","protected":false},"author":2,"featured_media":0,"comment_status":"","ping_status":"","sticky":false,"template":"","format":"standard","meta":{"colormag_page_container_layout":"default_layout","colormag_page_sidebar_layout":"default_layout","footnotes":""},"categories":[1],"tags":[],"class_list":["post-54991","post","type-post","status-publish","format-standard","hentry","category-ejornais"],"aioseo_notices":[],"aioseo_head":"\n\t\t<!-- All in One SEO 5.0.1.1 - aioseo.com -->\n\t<meta name=\"description\" content=\"Por MRNews O presidente Luiz In\u00e1cio Lula da Silva defendeu, na noite desta quarta-feira (29), que \u00e9 necess\u00e1rio um trabalho coordenado para atingir a \u201cespinha dorsal do tr\u00e1fico\u201d no Brasil. \u201cN\u00e3o podemos aceitar que o crime organizado continue destruindo fam\u00edlias, oprimindo moradores e espalhando drogas e viol\u00eancia pelas cidades. Precisamos de um trabalho coordenado que\" \/>\n\t<meta name=\"robots\" content=\"max-image-preview:large\" \/>\n\t<meta name=\"author\" content=\"admin1\"\/>\n\t<link rel=\"canonical\" href=\"https:\/\/ejornais.com.br\/index.php\/2025\/10\/30\/lula-defende-trabalho-coordenado-contra-espinha-dorsal-do-trafico\/\" \/>\n\t<meta name=\"generator\" content=\"All in One SEO (AIOSEO) 5.0.1.1\" \/>\n\t\t<meta property=\"og:locale\" content=\"pt_BR\" \/>\n\t\t<meta property=\"og:site_name\" content=\"eJornais - Cat\u00e1logo de Jornais no mundo, Not\u00edcias, Blog e Esportes ao vivo\" \/>\n\t\t<meta property=\"og:type\" content=\"article\" \/>\n\t\t<meta property=\"og:title\" content=\"Lula defende trabalho coordenado contra \u201cespinha dorsal do tr\u00e1fico\u201c - eJornais\" \/>\n\t\t<meta property=\"og:description\" content=\"Por MRNews O presidente Luiz In\u00e1cio Lula da Silva defendeu, na noite desta quarta-feira (29), que \u00e9 necess\u00e1rio um trabalho coordenado para atingir a \u201cespinha dorsal do tr\u00e1fico\u201d no Brasil. \u201cN\u00e3o podemos aceitar que o crime organizado continue destruindo fam\u00edlias, oprimindo moradores e espalhando drogas e viol\u00eancia pelas cidades. Precisamos de um trabalho coordenado que\" \/>\n\t\t<meta property=\"og:url\" content=\"https:\/\/ejornais.com.br\/index.php\/2025\/10\/30\/lula-defende-trabalho-coordenado-contra-espinha-dorsal-do-trafico\/\" \/>\n\t\t<meta property=\"article:published_time\" content=\"2025-10-30T08:44:45+00:00\" \/>\n\t\t<meta property=\"article:modified_time\" content=\"2025-10-30T08:44:45+00:00\" \/>\n\t\t<meta name=\"twitter:card\" content=\"summary_large_image\" \/>\n\t\t<meta name=\"twitter:title\" content=\"Lula defende trabalho coordenado contra \u201cespinha dorsal do tr\u00e1fico\u201c - eJornais\" \/>\n\t\t<meta name=\"twitter:description\" content=\"Por MRNews O presidente Luiz In\u00e1cio Lula da Silva defendeu, na noite desta quarta-feira (29), que \u00e9 necess\u00e1rio um trabalho coordenado para atingir a \u201cespinha dorsal do tr\u00e1fico\u201d no Brasil. \u201cN\u00e3o podemos aceitar que o crime organizado continue destruindo fam\u00edlias, oprimindo moradores e espalhando drogas e viol\u00eancia pelas cidades. Precisamos de um trabalho coordenado que\" \/>\n\t\t<script type=\"application\/ld+json\" class=\"aioseo-schema\">\n\t\t\t{\"@context\":\"https:\\\/\\\/schema.org\",\"@graph\":[{\"@type\":\"BlogPosting\",\"@id\":\"https:\\\/\\\/ejornais.com.br\\\/index.php\\\/2025\\\/10\\\/30\\\/lula-defende-trabalho-coordenado-contra-espinha-dorsal-do-trafico\\\/#blogposting\",\"name\":\"Lula defende trabalho coordenado contra \\u201cespinha dorsal do tr\\u00e1fico\\u201c - eJornais\",\"headline\":\"Lula defende trabalho coordenado contra \\u201cespinha dorsal do tr\\u00e1fico\\u201c\",\"author\":{\"@id\":\"https:\\\/\\\/ejornais.com.br\\\/index.php\\\/author\\\/admin1\\\/#author\"},\"publisher\":{\"@id\":\"https:\\\/\\\/ejornais.com.br\\\/#organization\"},\"datePublished\":\"2025-10-30T05:44:45-03:00\",\"dateModified\":\"2025-10-30T05:44:45-03:00\",\"inLanguage\":\"pt-BR\",\"mainEntityOfPage\":{\"@id\":\"https:\\\/\\\/ejornais.com.br\\\/index.php\\\/2025\\\/10\\\/30\\\/lula-defende-trabalho-coordenado-contra-espinha-dorsal-do-trafico\\\/#webpage\"},\"isPartOf\":{\"@id\":\"https:\\\/\\\/ejornais.com.br\\\/index.php\\\/2025\\\/10\\\/30\\\/lula-defende-trabalho-coordenado-contra-espinha-dorsal-do-trafico\\\/#webpage\"},\"articleSection\":\"Cat\\u00e1logo de Jornais\"},{\"@type\":\"BreadcrumbList\",\"@id\":\"https:\\\/\\\/ejornais.com.br\\\/index.php\\\/2025\\\/10\\\/30\\\/lula-defende-trabalho-coordenado-contra-espinha-dorsal-do-trafico\\\/#breadcrumblist\",\"itemListElement\":[{\"@type\":\"ListItem\",\"@id\":\"https:\\\/\\\/ejornais.com.br#listItem\",\"position\":1,\"name\":\"In\\u00edcio\",\"item\":\"https:\\\/\\\/ejornais.com.br\",\"nextItem\":{\"@type\":\"ListItem\",\"@id\":\"https:\\\/\\\/ejornais.com.br\\\/index.php\\\/category\\\/ejornais\\\/#listItem\",\"name\":\"Cat\\u00e1logo de Jornais\"}},{\"@type\":\"ListItem\",\"@id\":\"https:\\\/\\\/ejornais.com.br\\\/index.php\\\/category\\\/ejornais\\\/#listItem\",\"position\":2,\"name\":\"Cat\\u00e1logo de Jornais\",\"item\":\"https:\\\/\\\/ejornais.com.br\\\/index.php\\\/category\\\/ejornais\\\/\",\"nextItem\":{\"@type\":\"ListItem\",\"@id\":\"https:\\\/\\\/ejornais.com.br\\\/index.php\\\/2025\\\/10\\\/30\\\/lula-defende-trabalho-coordenado-contra-espinha-dorsal-do-trafico\\\/#listItem\",\"name\":\"Lula defende trabalho coordenado contra \\u201cespinha dorsal do tr\\u00e1fico\\u201c\"},\"previousItem\":{\"@type\":\"ListItem\",\"@id\":\"https:\\\/\\\/ejornais.com.br#listItem\",\"name\":\"In\\u00edcio\"}},{\"@type\":\"ListItem\",\"@id\":\"https:\\\/\\\/ejornais.com.br\\\/index.php\\\/2025\\\/10\\\/30\\\/lula-defende-trabalho-coordenado-contra-espinha-dorsal-do-trafico\\\/#listItem\",\"position\":3,\"name\":\"Lula defende trabalho coordenado contra \\u201cespinha dorsal do tr\\u00e1fico\\u201c\",\"previousItem\":{\"@type\":\"ListItem\",\"@id\":\"https:\\\/\\\/ejornais.com.br\\\/index.php\\\/category\\\/ejornais\\\/#listItem\",\"name\":\"Cat\\u00e1logo de Jornais\"}}]},{\"@type\":\"Organization\",\"@id\":\"https:\\\/\\\/ejornais.com.br\\\/#organization\",\"name\":\"eJornais\",\"description\":\"Cat\\u00e1logo de Jornais no mundo, Not\\u00edcias, Blog e Esportes ao vivo\",\"url\":\"https:\\\/\\\/ejornais.com.br\\\/\"},{\"@type\":\"Person\",\"@id\":\"https:\\\/\\\/ejornais.com.br\\\/index.php\\\/author\\\/admin1\\\/#author\",\"url\":\"https:\\\/\\\/ejornais.com.br\\\/index.php\\\/author\\\/admin1\\\/\",\"name\":\"admin1\",\"image\":{\"@type\":\"ImageObject\",\"@id\":\"https:\\\/\\\/ejornais.com.br\\\/index.php\\\/2025\\\/10\\\/30\\\/lula-defende-trabalho-coordenado-contra-espinha-dorsal-do-trafico\\\/#authorImage\",\"url\":\"https:\\\/\\\/secure.gravatar.com\\\/avatar\\\/04084e6d73c042b8646e7c17b494073bf0ede3ea13c7105cfc45cbbbc28385a4?s=96&d=mm&r=g\",\"width\":96,\"height\":96,\"caption\":\"admin1\"}},{\"@type\":\"WebPage\",\"@id\":\"https:\\\/\\\/ejornais.com.br\\\/index.php\\\/2025\\\/10\\\/30\\\/lula-defende-trabalho-coordenado-contra-espinha-dorsal-do-trafico\\\/#webpage\",\"url\":\"https:\\\/\\\/ejornais.com.br\\\/index.php\\\/2025\\\/10\\\/30\\\/lula-defende-trabalho-coordenado-contra-espinha-dorsal-do-trafico\\\/\",\"name\":\"Lula defende trabalho coordenado contra \\u201cespinha dorsal do tr\\u00e1fico\\u201c - eJornais\",\"description\":\"Por MRNews O presidente Luiz In\\u00e1cio Lula da Silva defendeu, na noite desta quarta-feira (29), que \\u00e9 necess\\u00e1rio um trabalho coordenado para atingir a \\u201cespinha dorsal do tr\\u00e1fico\\u201d no Brasil. \\u201cN\\u00e3o podemos aceitar que o crime organizado continue destruindo fam\\u00edlias, oprimindo moradores e espalhando drogas e viol\\u00eancia pelas cidades. Precisamos de um trabalho coordenado que\",\"inLanguage\":\"pt-BR\",\"isPartOf\":{\"@id\":\"https:\\\/\\\/ejornais.com.br\\\/#website\"},\"breadcrumb\":{\"@id\":\"https:\\\/\\\/ejornais.com.br\\\/index.php\\\/2025\\\/10\\\/30\\\/lula-defende-trabalho-coordenado-contra-espinha-dorsal-do-trafico\\\/#breadcrumblist\"},\"author\":{\"@id\":\"https:\\\/\\\/ejornais.com.br\\\/index.php\\\/author\\\/admin1\\\/#author\"},\"creator\":{\"@id\":\"https:\\\/\\\/ejornais.com.br\\\/index.php\\\/author\\\/admin1\\\/#author\"},\"datePublished\":\"2025-10-30T05:44:45-03:00\",\"dateModified\":\"2025-10-30T05:44:45-03:00\"},{\"@type\":\"WebSite\",\"@id\":\"https:\\\/\\\/ejornais.com.br\\\/#website\",\"url\":\"https:\\\/\\\/ejornais.com.br\\\/\",\"name\":\"eJornais\",\"description\":\"Cat\\u00e1logo de Jornais no mundo, Not\\u00edcias, Blog e Esportes ao vivo\",\"inLanguage\":\"pt-BR\",\"publisher\":{\"@id\":\"https:\\\/\\\/ejornais.com.br\\\/#organization\"}}]}\n\t\t<\/script>\n\t\t<!-- All in One SEO -->\n\n","aioseo_head_json":{"title":"Lula defende trabalho coordenado contra \u201cespinha dorsal do tr\u00e1fico\u201c - eJornais","description":"Por MRNews O presidente Luiz In\u00e1cio Lula da Silva defendeu, na noite desta quarta-feira (29), que \u00e9 necess\u00e1rio um trabalho coordenado para atingir a \u201cespinha dorsal do tr\u00e1fico\u201d no Brasil. \u201cN\u00e3o podemos aceitar que o crime organizado continue destruindo fam\u00edlias, oprimindo moradores e espalhando drogas e viol\u00eancia pelas cidades. Precisamos de um trabalho coordenado que","canonical_url":"https:\/\/ejornais.com.br\/index.php\/2025\/10\/30\/lula-defende-trabalho-coordenado-contra-espinha-dorsal-do-trafico\/","robots":"max-image-preview:large","keywords":"","webmasterTools":{"miscellaneous":""},"schema":{"@context":"https:\/\/schema.org","@graph":[{"@type":"BlogPosting","@id":"https:\/\/ejornais.com.br\/index.php\/2025\/10\/30\/lula-defende-trabalho-coordenado-contra-espinha-dorsal-do-trafico\/#blogposting","name":"Lula defende trabalho coordenado contra \u201cespinha dorsal do tr\u00e1fico\u201c - eJornais","headline":"Lula defende trabalho coordenado contra \u201cespinha dorsal do tr\u00e1fico\u201c","author":{"@id":"https:\/\/ejornais.com.br\/index.php\/author\/admin1\/#author"},"publisher":{"@id":"https:\/\/ejornais.com.br\/#organization"},"datePublished":"2025-10-30T05:44:45-03:00","dateModified":"2025-10-30T05:44:45-03:00","inLanguage":"pt-BR","mainEntityOfPage":{"@id":"https:\/\/ejornais.com.br\/index.php\/2025\/10\/30\/lula-defende-trabalho-coordenado-contra-espinha-dorsal-do-trafico\/#webpage"},"isPartOf":{"@id":"https:\/\/ejornais.com.br\/index.php\/2025\/10\/30\/lula-defende-trabalho-coordenado-contra-espinha-dorsal-do-trafico\/#webpage"},"articleSection":"Cat\u00e1logo de Jornais"},{"@type":"BreadcrumbList","@id":"https:\/\/ejornais.com.br\/index.php\/2025\/10\/30\/lula-defende-trabalho-coordenado-contra-espinha-dorsal-do-trafico\/#breadcrumblist","itemListElement":[{"@type":"ListItem","@id":"https:\/\/ejornais.com.br#listItem","position":1,"name":"In\u00edcio","item":"https:\/\/ejornais.com.br","nextItem":{"@type":"ListItem","@id":"https:\/\/ejornais.com.br\/index.php\/category\/ejornais\/#listItem","name":"Cat\u00e1logo de Jornais"}},{"@type":"ListItem","@id":"https:\/\/ejornais.com.br\/index.php\/category\/ejornais\/#listItem","position":2,"name":"Cat\u00e1logo de Jornais","item":"https:\/\/ejornais.com.br\/index.php\/category\/ejornais\/","nextItem":{"@type":"ListItem","@id":"https:\/\/ejornais.com.br\/index.php\/2025\/10\/30\/lula-defende-trabalho-coordenado-contra-espinha-dorsal-do-trafico\/#listItem","name":"Lula defende trabalho coordenado contra \u201cespinha dorsal do tr\u00e1fico\u201c"},"previousItem":{"@type":"ListItem","@id":"https:\/\/ejornais.com.br#listItem","name":"In\u00edcio"}},{"@type":"ListItem","@id":"https:\/\/ejornais.com.br\/index.php\/2025\/10\/30\/lula-defende-trabalho-coordenado-contra-espinha-dorsal-do-trafico\/#listItem","position":3,"name":"Lula defende trabalho coordenado contra \u201cespinha dorsal do tr\u00e1fico\u201c","previousItem":{"@type":"ListItem","@id":"https:\/\/ejornais.com.br\/index.php\/category\/ejornais\/#listItem","name":"Cat\u00e1logo de Jornais"}}]},{"@type":"Organization","@id":"https:\/\/ejornais.com.br\/#organization","name":"eJornais","description":"Cat\u00e1logo de Jornais no mundo, Not\u00edcias, Blog e Esportes ao vivo","url":"https:\/\/ejornais.com.br\/"},{"@type":"Person","@id":"https:\/\/ejornais.com.br\/index.php\/author\/admin1\/#author","url":"https:\/\/ejornais.com.br\/index.php\/author\/admin1\/","name":"admin1","image":{"@type":"ImageObject","@id":"https:\/\/ejornais.com.br\/index.php\/2025\/10\/30\/lula-defende-trabalho-coordenado-contra-espinha-dorsal-do-trafico\/#authorImage","url":"https:\/\/secure.gravatar.com\/avatar\/04084e6d73c042b8646e7c17b494073bf0ede3ea13c7105cfc45cbbbc28385a4?s=96&d=mm&r=g","width":96,"height":96,"caption":"admin1"}},{"@type":"WebPage","@id":"https:\/\/ejornais.com.br\/index.php\/2025\/10\/30\/lula-defende-trabalho-coordenado-contra-espinha-dorsal-do-trafico\/#webpage","url":"https:\/\/ejornais.com.br\/index.php\/2025\/10\/30\/lula-defende-trabalho-coordenado-contra-espinha-dorsal-do-trafico\/","name":"Lula defende trabalho coordenado contra \u201cespinha dorsal do tr\u00e1fico\u201c - eJornais","description":"Por MRNews O presidente Luiz In\u00e1cio Lula da Silva defendeu, na noite desta quarta-feira (29), que \u00e9 necess\u00e1rio um trabalho coordenado para atingir a \u201cespinha dorsal do tr\u00e1fico\u201d no Brasil. \u201cN\u00e3o podemos aceitar que o crime organizado continue destruindo fam\u00edlias, oprimindo moradores e espalhando drogas e viol\u00eancia pelas cidades. Precisamos de um trabalho coordenado que","inLanguage":"pt-BR","isPartOf":{"@id":"https:\/\/ejornais.com.br\/#website"},"breadcrumb":{"@id":"https:\/\/ejornais.com.br\/index.php\/2025\/10\/30\/lula-defende-trabalho-coordenado-contra-espinha-dorsal-do-trafico\/#breadcrumblist"},"author":{"@id":"https:\/\/ejornais.com.br\/index.php\/author\/admin1\/#author"},"creator":{"@id":"https:\/\/ejornais.com.br\/index.php\/author\/admin1\/#author"},"datePublished":"2025-10-30T05:44:45-03:00","dateModified":"2025-10-30T05:44:45-03:00"},{"@type":"WebSite","@id":"https:\/\/ejornais.com.br\/#website","url":"https:\/\/ejornais.com.br\/","name":"eJornais","description":"Cat\u00e1logo de Jornais no mundo, Not\u00edcias, Blog e Esportes ao vivo","inLanguage":"pt-BR","publisher":{"@id":"https:\/\/ejornais.com.br\/#organization"}}]},"og:locale":"pt_BR","og:site_name":"eJornais - Cat\u00e1logo de Jornais no mundo, Not\u00edcias, Blog e Esportes ao vivo","og:type":"article","og:title":"Lula defende trabalho coordenado contra \u201cespinha dorsal do tr\u00e1fico\u201c - eJornais","og:description":"Por MRNews O presidente Luiz In\u00e1cio Lula da Silva defendeu, na noite desta quarta-feira (29), que \u00e9 necess\u00e1rio um trabalho coordenado para atingir a \u201cespinha dorsal do tr\u00e1fico\u201d no Brasil. \u201cN\u00e3o podemos aceitar que o crime organizado continue destruindo fam\u00edlias, oprimindo moradores e espalhando drogas e viol\u00eancia pelas cidades. Precisamos de um trabalho coordenado que","og:url":"https:\/\/ejornais.com.br\/index.php\/2025\/10\/30\/lula-defende-trabalho-coordenado-contra-espinha-dorsal-do-trafico\/","article:published_time":"2025-10-30T08:44:45+00:00","article:modified_time":"2025-10-30T08:44:45+00:00","twitter:card":"summary_large_image","twitter:title":"Lula defende trabalho coordenado contra \u201cespinha dorsal do tr\u00e1fico\u201c - eJornais","twitter:description":"Por MRNews O presidente Luiz In\u00e1cio Lula da Silva defendeu, na noite desta quarta-feira (29), que \u00e9 necess\u00e1rio um trabalho coordenado para atingir a \u201cespinha dorsal do tr\u00e1fico\u201d no Brasil. \u201cN\u00e3o podemos aceitar que o crime organizado continue destruindo fam\u00edlias, oprimindo moradores e espalhando drogas e viol\u00eancia pelas cidades. Precisamos de um trabalho coordenado que"},"aioseo_meta_data":{"post_id":"54991","title":null,"description":null,"keywords":null,"keyphrases":null,"primary_term":null,"canonical_url":null,"og_title":null,"og_description":null,"og_object_type":"default","og_image_type":"default","og_image_url":null,"og_image_width":null,"og_image_height":null,"og_image_custom_url":null,"og_image_custom_fields":null,"og_video":null,"og_custom_url":null,"og_article_section":null,"og_article_tags":null,"twitter_use_og":false,"twitter_card":"default","twitter_image_type":"default","twitter_image_url":null,"twitter_image_custom_url":null,"twitter_image_custom_fields":null,"twitter_title":null,"twitter_description":null,"schema":{"blockGraphs":[],"customGraphs":[],"default":{"data":{"Article":[],"Course":[],"Dataset":[],"FAQPage":[],"Movie":[],"Person":[],"Product":[],"ProductReview":[],"Car":[],"Recipe":[],"Service":[],"SoftwareApplication":[],"WebPage":[]},"graphName":"","isEnabled":true},"graphs":[]},"schema_type":"default","schema_type_options":null,"pillar_content":false,"robots_default":true,"robots_noindex":false,"robots_noarchive":false,"robots_nosnippet":false,"robots_nofollow":false,"robots_noimageindex":false,"robots_noodp":false,"robots_notranslate":false,"robots_max_snippet":null,"robots_max_videopreview":null,"robots_max_imagepreview":"large","priority":null,"frequency":null,"local_seo":null,"breadcrumb_settings":null,"limit_modified_date":false,"ai":null,"created":"2025-10-30 08:57:35","updated":"2025-10-30 08:57:35","seo_analyzer_scan_date":null,"focus_keyword":null,"additional_keywords":null,"truseo_locale":null},"aioseo_breadcrumb":"<div class=\"aioseo-breadcrumbs\"><span class=\"aioseo-breadcrumb\">\n\t\t\t<a href=\"https:\/\/ejornais.com.br\" title=\"In\u00edcio\">In\u00edcio<\/a>\n\t\t<\/span><span class=\"aioseo-breadcrumb-separator\">&raquo;<\/span><span class=\"aioseo-breadcrumb\">\n\t\t\t<a href=\"https:\/\/ejornais.com.br\/index.php\/category\/ejornais\/\" title=\"Cat\u00e1logo de Jornais\">Cat\u00e1logo de Jornais<\/a>\n\t\t<\/span><span class=\"aioseo-breadcrumb-separator\">&raquo;<\/span><span class=\"aioseo-breadcrumb\">\n\t\t\tLula defende trabalho coordenado contra \u201cespinha dorsal do tr\u00e1fico\u201c\n\t\t<\/span><\/div>","aioseo_breadcrumb_json":[{"label":"In\u00edcio","link":"https:\/\/ejornais.com.br"},{"label":"Cat\u00e1logo de Jornais","link":"https:\/\/ejornais.com.br\/index.php\/category\/ejornais\/"},{"label":"Lula defende trabalho coordenado contra \u201cespinha dorsal do tr\u00e1fico\u201c","link":"https:\/\/ejornais.com.br\/index.php\/2025\/10\/30\/lula-defende-trabalho-coordenado-contra-espinha-dorsal-do-trafico\/"}],"amp_enabled":true,"_links":{"self":[{"href":"https:\/\/ejornais.com.br\/index.php\/wp-json\/wp\/v2\/posts\/54991","targetHints":{"allow":["GET"]}}],"collection":[{"href":"https:\/\/ejornais.com.br\/index.php\/wp-json\/wp\/v2\/posts"}],"about":[{"href":"https:\/\/ejornais.com.br\/index.php\/wp-json\/wp\/v2\/types\/post"}],"author":[{"embeddable":true,"href":"https:\/\/ejornais.com.br\/index.php\/wp-json\/wp\/v2\/users\/2"}],"replies":[{"embeddable":true,"href":"https:\/\/ejornais.com.br\/index.php\/wp-json\/wp\/v2\/comments?post=54991"}],"version-history":[{"count":0,"href":"https:\/\/ejornais.com.br\/index.php\/wp-json\/wp\/v2\/posts\/54991\/revisions"}],"wp:attachment":[{"href":"https:\/\/ejornais.com.br\/index.php\/wp-json\/wp\/v2\/media?parent=54991"}],"wp:term":[{"taxonomy":"category","embeddable":true,"href":"https:\/\/ejornais.com.br\/index.php\/wp-json\/wp\/v2\/categories?post=54991"},{"taxonomy":"post_tag","embeddable":true,"href":"https:\/\/ejornais.com.br\/index.php\/wp-json\/wp\/v2\/tags?post=54991"}],"curies":[{"name":"wp","href":"https:\/\/api.w.org\/{rel}","templated":true}]}}