{"id":54997,"date":"2025-10-30T08:29:54","date_gmt":"2025-10-30T11:29:54","guid":{"rendered":"https:\/\/ejornais.com.br\/index.php\/2025\/10\/30\/moradores-do-alemao-e-da-penha-protestam-contra-mortes-em-operacao\/"},"modified":"2025-10-30T08:29:54","modified_gmt":"2025-10-30T11:29:54","slug":"moradores-do-alemao-e-da-penha-protestam-contra-mortes-em-operacao","status":"publish","type":"post","link":"https:\/\/ejornais.com.br\/index.php\/2025\/10\/30\/moradores-do-alemao-e-da-penha-protestam-contra-mortes-em-operacao\/","title":{"rendered":"Moradores do Alem\u00e3o e da Penha protestam contra mortes em opera\u00e7\u00e3o"},"content":{"rendered":"<p> Por MRNews<br \/>\n<\/p>\n<div wp_automatic_readability=\"59.006949524506\">\n<p><strong>Moradores dos Complexos do Alem\u00e3o e da Penha fizeram um protesto<\/strong> nesta quarta-feira (29) <strong>em frente ao Pal\u00e1cio Guanabara, sede do governo do estado do Rio de Janeiro<\/strong>. <strong>Eles acusaram o governador Claudio Castro de ter liderado<\/strong>\u00a0\u201cuma carnificina na opera\u00e7\u00e3o policial\u201d que deixou mais de 100 mortos.<\/p>\n<p>O grupo foi escoltado do Complexo da Penha at\u00e9 o Pal\u00e1cio Guanabara por policiais do Batalh\u00e3o T\u00e1tico M\u00f3vel da Pol\u00edcia Militar.<\/p>\n<p>Os manifestantes exibiram cartazes com frases como \u201cestado genocida\u201d, \u201ctodas as vidas importam\u201d, \u201c150 mortes por uma guerra pol\u00edtica\u201d e \u201cCastro assassino\u201d. Tamb\u00e9m havia dezenas de bandeiras do Brasil com manchas vermelhas.<\/p>\n<p><strong><a href=\"https:\/\/mrnews.com.br\/index.php\/2025\/10\/30\/poliana-rocha-se-emociona-com-pedido-da-neta-que-nao-pode-atender-saio-com-o-coracao-na-mao\/\">Poliana Rocha se emociona com pedido da neta que n\u00e3o p\u00f4de atender; \u201cSaio com o cora\u00e7\u00e3o na m\u00e3o\u201d<\/a><\/strong><\/p>\n<p><strong><a href=\"https:\/\/mrnews.com.br\/index.php\/2025\/10\/30\/tse-marca-julgamento-de-recurso-que-pede-cassacao-de-castro\/\">TSE marca julgamento de recurso que pede cassa\u00e7\u00e3o de Castro<\/a><\/strong><\/p>\n<blockquote wp_automatic_readability=\"12\">\n<p>\u201cN\u00e3o \u00e9 poss\u00edvel que esse governador n\u00e3o seja responsabilizado por tantas vidas. Ou n\u00f3s j\u00e1 temos pena de morte no pa\u00eds? O que aconteceu dentro da comunidade foi um genoc\u00eddio. Toda v\u00e9spera de elei\u00e7\u00e3o, tem uma estrat\u00e9gia de entrar nas nossas comunidades, matar o nosso povo e causar o terror\u201d, disse Rute Sales, moradora da regi\u00e3o e ativista negra.<\/p>\n<\/blockquote>\n<p>\u201cOs corpos est\u00e3o sendo usados politicamente. E os corpos que tombam s\u00e3o os nossos, do povo preto e do povo pobre. N\u00e3o aguentamos mais\u201d, complementou.<\/p>\n<p>O <strong>ato ocorreu pouco antes da reuni\u00e3o entre Castro e o ministro da Justi\u00e7a e da Seguran\u00e7a P\u00fablica, Ricardo Lewandowsk<\/strong>i. Eles anunciaram a cria\u00e7\u00e3o de um escrit\u00f3rio emergencial para enfrentar o crime organizado no estado, e melhorar a integra\u00e7\u00e3o entre as esferas federal e estadual.<\/p>\n<p>\u00a0A coordena\u00e7\u00e3o ser\u00e1 compartilhada entre o secret\u00e1rio nacional de Seguran\u00e7a P\u00fablica, Mario Sarrubbo, e do secret\u00e1rio de Seguran\u00e7a P\u00fablica do Rio, Victor Santos.<\/p>\n<p><strong><a href=\"https:\/\/mrnews.com.br\/index.php\/2025\/10\/30\/mp-do-rio-pede-cameras-usadas-por-policiais-em-operacao-contencao\/\">MP do Rio pede c\u00e2meras usadas por policiais em Opera\u00e7\u00e3o Conten\u00e7\u00e3o<\/a><\/strong><\/p>\n<p><strong><a href=\"https:\/\/mrnews.com.br\/index.php\/2025\/10\/30\/lula-defende-trabalho-coordenado-contra-espinha-dorsal-do-trafico\/\">Lula defende trabalho coordenado contra \u201cespinha dorsal do tr\u00e1fico\u201c<\/a><\/strong><\/p>\n<p>Lewandowski disse que o governo federal vai aumentar do efetivo da Pol\u00edcia Rodovi\u00e1ria Federal em 50 agentes nas estradas e o efetivo de agentes de intelig\u00eancia no estado. Tamb\u00e9m foram colocados \u00e0s disposi\u00e7\u00e3o peritos e vagas nos pres\u00eddios federais, caso o governo estadual requisite.<\/p>\n<p>Mesmo com o n\u00famero de mortos, o caos que tomou conta da cidade e a den\u00fancia feita por moradores da Penha e do Alem\u00e3o de que ocorreram execu\u00e7\u00f5es e torturas nas comunidades, o governador do Rio, Claudio Castro, disse que a opera\u00e7\u00e3o foi um sucesso e as \u00fanicas v\u00edtimas dos confrontos foram os quatro policiais mortos.<\/p>\n<p>Ele disse ter dado um \u201cduro golpe na criminalidade\u201d e que n\u00e3o houve precipita\u00e7\u00e3o das for\u00e7as de seguran\u00e7a.<\/p>\n<\/div>\n","protected":false},"excerpt":{"rendered":"<p>Por MRNews Moradores dos Complexos do Alem\u00e3o e da Penha fizeram um protesto nesta quarta-feira (29) em frente ao Pal\u00e1cio<\/p>\n","protected":false},"author":2,"featured_media":0,"comment_status":"","ping_status":"","sticky":false,"template":"","format":"standard","meta":{"colormag_page_container_layout":"default_layout","colormag_page_sidebar_layout":"default_layout","footnotes":""},"categories":[1],"tags":[],"class_list":["post-54997","post","type-post","status-publish","format-standard","hentry","category-ejornais"],"aioseo_notices":[],"amp_enabled":true,"_links":{"self":[{"href":"https:\/\/ejornais.com.br\/index.php\/wp-json\/wp\/v2\/posts\/54997","targetHints":{"allow":["GET"]}}],"collection":[{"href":"https:\/\/ejornais.com.br\/index.php\/wp-json\/wp\/v2\/posts"}],"about":[{"href":"https:\/\/ejornais.com.br\/index.php\/wp-json\/wp\/v2\/types\/post"}],"author":[{"embeddable":true,"href":"https:\/\/ejornais.com.br\/index.php\/wp-json\/wp\/v2\/users\/2"}],"replies":[{"embeddable":true,"href":"https:\/\/ejornais.com.br\/index.php\/wp-json\/wp\/v2\/comments?post=54997"}],"version-history":[{"count":0,"href":"https:\/\/ejornais.com.br\/index.php\/wp-json\/wp\/v2\/posts\/54997\/revisions"}],"wp:attachment":[{"href":"https:\/\/ejornais.com.br\/index.php\/wp-json\/wp\/v2\/media?parent=54997"}],"wp:term":[{"taxonomy":"category","embeddable":true,"href":"https:\/\/ejornais.com.br\/index.php\/wp-json\/wp\/v2\/categories?post=54997"},{"taxonomy":"post_tag","embeddable":true,"href":"https:\/\/ejornais.com.br\/index.php\/wp-json\/wp\/v2\/tags?post=54997"}],"curies":[{"name":"wp","href":"https:\/\/api.w.org\/{rel}","templated":true}]}}