{"id":55151,"date":"2025-11-03T00:08:21","date_gmt":"2025-11-03T03:08:21","guid":{"rendered":"https:\/\/ejornais.com.br\/index.php\/2025\/11\/03\/assunto-sobre-traicao-no-casamento-de-vii-tube-e-eliezer-vem-a-tona\/"},"modified":"2025-11-03T00:08:21","modified_gmt":"2025-11-03T03:08:21","slug":"assunto-sobre-traicao-no-casamento-de-vii-tube-e-eliezer-vem-a-tona","status":"publish","type":"post","link":"https:\/\/ejornais.com.br\/index.php\/2025\/11\/03\/assunto-sobre-traicao-no-casamento-de-vii-tube-e-eliezer-vem-a-tona\/","title":{"rendered":"Assunto sobre trai\u00e7\u00e3o no casamento de Vii Tube e Eliezer vem \u00e0 tona"},"content":{"rendered":"<p> Por MRNews<br \/>\n<\/p>\n<div wp_automatic_readability=\"345.30675666175\">\n<p><strong>Assunto sobre trai\u00e7\u00e3o no casamento vem \u00e0 tona, e Eliezer se manifesta: \u2018Se separar\u2019<\/strong><\/p>\n<p>O ex-BBB e influenciador <strong>Eliezer<\/strong> veio a p\u00fablico neste s\u00e1bado (2) para <strong>desmentir rumores de separa\u00e7\u00e3o<\/strong> entre ele e <strong>Viih Tube<\/strong>. O boato, que viralizou nas redes sociais, afirmava que o casal terminaria o relacionamento em breve por causa de uma suposta trai\u00e7\u00e3o.<\/p>\n<p>Eliezer, no entanto, fez quest\u00e3o de rebater a informa\u00e7\u00e3o e garantir que <strong>seu casamento est\u00e1 firme e bem estruturado<\/strong>. Segundo ele, o conte\u00fado que circulou foi impulsionado por uma previs\u00e3o feita por uma <strong>sensitiva<\/strong>, que afirmava que o casal enfrentaria uma crise e anunciaria a separa\u00e7\u00e3o em breve.<\/p>\n<h3>Influenciador desmente boato e ironiza previs\u00e3o<\/h3>\n<p>O ex-BBB explicou que tomou conhecimento do rumor ap\u00f3s ver o conte\u00fado sendo <strong>recomendado pelo algoritmo<\/strong>, o que o fez se pronunciar publicamente para conter a onda de desinforma\u00e7\u00e3o. \u201cUm post de uma sensitiva que afirmou que eu e a Viih ser\u00edamos o pr\u00f3ximo casal a se separar. O motivo seria trai\u00e7\u00e3o\u201d, disse ele em tom de ironia.<\/p>\n<p><strong><a href=\"https:\/\/mrnews.com.br\/index.php\/2025\/11\/02\/conrado-marido-de-andrea-sorvetao-revela-diagnostico-e-pede-oracoes\/\">Conrado, marido de Andr\u00e9a Sorvet\u00e3o, revela diagn\u00f3stico e pede ora\u00e7\u00f5es<\/a><\/strong><\/p>\n<p><strong><a href=\"https:\/\/mrnews.com.br\/index.php\/2025\/11\/02\/lula-cop30-fara-o-mundo-olhar-de-uma-forma-diferente-para-a-amazonia\/\">Lula: COP30 far\u00e1 o mundo olhar de uma forma diferente para a Amaz\u00f4nia<\/a><\/strong><\/p>\n<p>Eliezer n\u00e3o poupou cr\u00edticas \u00e0 vidente e respondeu com bom humor:<\/p>\n<blockquote wp_automatic_readability=\"7\">\n<p>\u201cA \u00fanica que foi tra\u00edda aqui foi voc\u00ea, mo\u00e7a, pelos seus astros.\u201d<\/p>\n<\/blockquote>\n<p>A declara\u00e7\u00e3o viralizou rapidamente, com milhares de coment\u00e1rios apoiando o casal. F\u00e3s elogiaram o bom humor do influenciador e a forma leve com que tratou o assunto.<\/p>\n<h3>Casamento confirmado e planos em andamento<\/h3>\n<p>Eliezer tamb\u00e9m aproveitou para atualizar os seguidores sobre o <strong>planejamento da cerim\u00f4nia de casamento<\/strong> com Viih Tube. O casal, que j\u00e1 vive junto h\u00e1 tr\u00eas anos e tem dois filhos \u2014 <strong>Lua<\/strong>, de 2 anos, e <strong>Ravi<\/strong>, de quase 1 ano \u2014, j\u00e1 <strong>definiu a data e o local da festa<\/strong>.<\/p>\n<p><strong><a href=\"https:\/\/mrnews.com.br\/index.php\/2025\/11\/02\/investigacao-das-mortes-em-operacao-no-rj-tem-graves-falhas-diz-ong\/\">Investiga\u00e7\u00e3o das mortes em opera\u00e7\u00e3o no RJ tem graves falhas, diz ONG<\/a><\/strong><\/p>\n<p><strong><a href=\"https:\/\/mrnews.com.br\/index.php\/2025\/11\/02\/moraes-determina-preservacao-integral-de-provas-sobre-megaoperacao\/\">Moraes determina preserva\u00e7\u00e3o integral de provas sobre megaopera\u00e7\u00e3o<\/a><\/strong><\/p>\n<p>Segundo o influenciador, os preparativos est\u00e3o em fase final, e tudo segue conforme o planejado. Ele ainda afirmou que <strong>n\u00e3o h\u00e1 qualquer crise no relacionamento<\/strong>, e que a fam\u00edlia est\u00e1 focada em conciliar os compromissos profissionais com o cuidado das crian\u00e7as.<\/p>\n<h3>Casal segue unido nas redes<\/h3>\n<p>Viih Tube e Eliezer s\u00e3o um dos casais mais comentados da internet brasileira. Desde que assumiram o relacionamento ap\u00f3s o <em>BBB 22<\/em>, eles acumulam milh\u00f5es de seguidores e compartilham a rotina em fam\u00edlia de forma aberta e bem-humorada.<\/p>\n<p>Apesar dos rumores recentes, os dois seguem demonstrando uni\u00e3o e cumplicidade. Viih ainda n\u00e3o se manifestou diretamente sobre o boato, mas compartilhou publica\u00e7\u00f5es ao lado do marido e dos filhos, demonstrando que <strong>a rela\u00e7\u00e3o continua firme e feliz<\/strong>.<\/p>\n<hr\/>\n<p><strong>Tags:<\/strong> Eliezer, Viih Tube, trai\u00e7\u00e3o, casamento, celebridades, BBB, boatos, redes sociais, influenciadores<\/p>\n<h2>Viih Tube e Eliezer lamentam perda\u00a0 \u2018Voc\u00ea era nosso filho e nunca nos esqueceremos de tudo que vivemos\u2019<\/h2>\n<p>O influenciador digital Eliezer, de 34 anos, e sua esposa, a criadora de conte\u00fado **Viih Tube**, de 24 anos, compartilharam uma not\u00edcia triste com seus seguidores nas redes sociais nesta quinta-feira, 17 de outubro de 2024. O casal anunciou o falecimento do gato de estima\u00e7\u00e3o que os acompanhava desde a mudan\u00e7a para a nova casa em um condom\u00ednio na Regi\u00e3o Metropolitana de S\u00e3o Paulo.<\/p>\n<p>A perda do animal de estima\u00e7\u00e3o, descrito por Eliezer como \u201cfilho\u201d, gerou grande como\u00e7\u00e3o entre o casal. O influenciador revelou a profunda tristeza que est\u00e1 sentindo e como o gato tinha se tornado parte fundamental da fam\u00edlia. \u201cEle nos escolheu como fam\u00edlia e me escolheu como dono, pai\u201d, escreveu Eliezer em uma s\u00e9rie de stories, demonstrando o amor e a liga\u00e7\u00e3o que tinham com o animal.<\/p>\n<h2>Momentos com o gato e a homenagem de Viih Tube<\/h2>\n<p>Eliezer relembrou os momentos felizes ao lado do gato, que sempre fazia parte da rotina familiar. Ele mencionou como o animal j\u00e1 circulava pelo terreno antes da mudan\u00e7a para o condom\u00ednio e como a vida ao lado do bichano era uma constante de carinho e afeto. Agora, com a aus\u00eancia do gato, o influenciador expressa o quanto sentir\u00e1 falta desses momentos di\u00e1rios.<\/p>\n<p>Viih Tube, ex-participante do **Big Brother Brasil**, tamb\u00e9m compartilhou sua tristeza nas redes sociais. Ela revelou que o gato faleceu no dia 13 de outubro, mas s\u00f3 agora decidiu tornar p\u00fablico o ocorrido, respeitando o sofrimento de Eliezer nos primeiros dias ap\u00f3s a perda. \u201cVoc\u00ea era nosso filho e nunca nos esqueceremos de tudo que vivemos\u201d, escreveu Viih Tube, ressaltando o quanto o animal marcou a vida do casal desde o momento em que chegou \u00e0 casa.<\/p>\n<p>A perda de um animal de estima\u00e7\u00e3o \u00e9 um momento dif\u00edcil para qualquer fam\u00edlia, e o carinho que Viih Tube e Eliezer demonstraram por seu gato comoveu os f\u00e3s e seguidores, que se solidarizaram com o luto do casal.<\/p>\n<h2>Mania de Voc\u00ea: F\u00e1tima Lava a Alma do P\u00fablico ao Fazer Exig\u00eancia para Robson<\/h2>\n<p>Na novela das nove da Globo, *Mania de Voc\u00ea*, F\u00e1tima (interpretada por Mariana Santos) finalmente tomar\u00e1 uma atitude que surpreender\u00e1 o p\u00fablico e trar\u00e1 um ponto de virada para sua personagem. Durante grande parte da trama, a dona de casa sofreu humilha\u00e7\u00f5es constantes de seu marido, Robson (Eriberto Le\u00e3o), mas, influenciada por sua amiga e vizinha Diana (Vanessa Bueno), F\u00e1tima decidir\u00e1 se impor pela primeira vez.<\/p>\n<p>F\u00e1tima sempre viveu \u00e0 sombra de Robson, aceitando suas cr\u00edticas e manipula\u00e7\u00f5es, especialmente quando ele a comparava de maneira cruel com outras mulheres. No entanto, a rela\u00e7\u00e3o com Diana come\u00e7a a abrir os olhos de F\u00e1tima para os abusos psicol\u00f3gicos que ela sofre em casa. Depois de uma tarde descontra\u00edda \u00e0 beira da piscina, onde as duas conversam sobre relacionamentos e autoestima, Diana faz com que F\u00e1tima perceba o quanto seu marido a oprime.<\/p>\n<p>Esse momento marcar\u00e1 o in\u00edcio de uma transforma\u00e7\u00e3o na vida de F\u00e1tima. O p\u00fablico, que h\u00e1 muito tempo aguardava por uma rea\u00e7\u00e3o da personagem, finalmente ver\u00e1 a protagonista agir com firmeza.<\/p>\n<h2>O Confronto: F\u00e1tima se Imp\u00f5e Diante de Robson<\/h2>\n<p>A leveza do encontro com Diana ser\u00e1 interrompida pela chegada inesperada de Robson. Ele aparece na casa da vizinha para buscar F\u00e1tima, e, em uma atitude t\u00edpica do personagem, come\u00e7a a humilh\u00e1-la no caminho de volta para casa. Ele faz coment\u00e1rios cru\u00e9is sobre o corpo da esposa e, em um ato de cinismo, afirma ter admirado Diana de biqu\u00edni, tentando abalar ainda mais a autoestima de F\u00e1tima.<\/p>\n<p>Entretanto, para a surpresa de Robson e de muitos espectadores, F\u00e1tima n\u00e3o se cala. Revoltada com as atitudes do marido, ela o confronta pela primeira vez, exigindo respeito. F\u00e1tima n\u00e3o aceita mais as cr\u00edticas constantes nem a falta de considera\u00e7\u00e3o de Robson. Ela exige que ele se desculpe por menosprez\u00e1-la e por demonstrar interesse por outra mulher.<\/p>\n<p>Esse momento de imposi\u00e7\u00e3o representa um verdadeiro ponto de virada na vida de F\u00e1tima, e o p\u00fablico que torcia pela personagem finalmente ver\u00e1 a t\u00e3o esperada rea\u00e7\u00e3o. Robson, por outro lado, ficar\u00e1 chocado com a nova postura de sua esposa, sem saber como reagir.<\/p>\n<h2>Poss\u00edveis Reviravoltas em Mania de Voc\u00ea<\/h2>\n<p>Apesar do confronto, a rela\u00e7\u00e3o entre F\u00e1tima e Robson n\u00e3o chega ao fim de imediato, mas certamente sofrer\u00e1 mudan\u00e7as profundas. A atitude de F\u00e1tima \u00e9 apenas o primeiro passo para uma transforma\u00e7\u00e3o que promete agitar ainda mais a trama. Segundo informa\u00e7\u00f5es da produ\u00e7\u00e3o da novela, o autor j\u00e1 indicou que F\u00e1tima come\u00e7ar\u00e1 a ver Diana de uma forma diferente, o que poder\u00e1 trazer novas din\u00e2micas para o enredo.<\/p>\n<p>Al\u00e9m disso, o p\u00fablico pode esperar por mais cenas de empoderamento de F\u00e1tima, que, aos poucos, deixar\u00e1 de ser submissa ao marido. Esse desenvolvimento da personagem promete ser uma das tramas centrais de *Mania de Voc\u00ea*, mantendo os telespectadores ansiosos para acompanhar os pr\u00f3ximos cap\u00edtulos.<\/p>\n<h2>F\u00e1tima: De Oprimida a Protagonista de Sua Pr\u00f3pria Hist\u00f3ria<\/h2>\n<p>A trajet\u00f3ria de F\u00e1tima em *Mania de Voc\u00ea* \u00e9 um reflexo de muitas mulheres que, ao longo de suas vidas, sofrem em relacionamentos abusivos e manipuladores. A novela, ao retratar essa transforma\u00e7\u00e3o, n\u00e3o s\u00f3 proporciona um entretenimento de qualidade, mas tamb\u00e9m levanta quest\u00f5es importantes sobre autoestima, respeito e a for\u00e7a que cada pessoa pode encontrar dentro de si para mudar sua hist\u00f3ria.<\/p>\n<p>O p\u00fablico, que h\u00e1 muito tempo torcia para que F\u00e1tima se impusesse, agora ver\u00e1 a personagem tomar o controle de sua vida. E embora Robson ainda tente manipular a situa\u00e7\u00e3o, o desenrolar dos pr\u00f3ximos cap\u00edtulos mostrar\u00e1 se F\u00e1tima realmente se libertar\u00e1 das amarras do relacionamento ou se ainda enfrentar\u00e1 mais desafios.<\/p>\n<p>De qualquer forma, *Mania de Voc\u00ea* continua cativando a audi\u00eancia com tramas envolventes e personagens complexos, como F\u00e1tima, que est\u00e1 prestes a iniciar uma nova fase em sua vida.<\/p>\n<p>\u00a0<\/p>\n<h2>Tiago Abravanel ironiza poss\u00edvel retorno ao SBT e comenta sobre a m\u00e3e estar fora da heran\u00e7a da emissora<\/h2>\n<p>Tiago Abravanel, neto de Silvio Santos, surpreendeu ao compartilhar, de maneira ir\u00f4nica, sua vis\u00e3o sobre a possibilidade de voltar a trabalhar no SBT ap\u00f3s as recentes mudan\u00e7as na emissora. Durante uma entrevista ao programa *Sem Censura*, na TV Brasil, o ator e apresentador comentou sobre a sa\u00edda de Eliana e a reformula\u00e7\u00e3o da grade de programa\u00e7\u00e3o do canal, revelando que n\u00e3o foi contatado para nenhum novo projeto.<\/p>\n<p>Ao ser questionado sobre a chance de voltar ao SBT, Tiago respondeu com uma ponta de ironia, mencionando que ainda n\u00e3o recebeu convites para assumir nenhum programa, mesmo com as altera\u00e7\u00f5es ocorrendo na emissora da fam\u00edlia. O artista brincou, sugerindo que suas tias poderiam considerar seu nome para novos projetos, j\u00e1 que o canal foi fundado por seu av\u00f4, Silvio Santos.<\/p>\n<h3>Tiago Abravanel j\u00e1 trabalhou no SBT<\/h3>\n<p>Tiago, que j\u00e1 comandou um programa nas noites de sexta-feira no SBT, tamb\u00e9m fez sucesso como participante do *Big Brother Brasil* e frequentou diversos programas da TV Globo. No entanto, at\u00e9 o momento, ele parece estar fora dos planos imediatos do canal da fam\u00edlia Abravanel.<\/p>\n<h3>M\u00e3e de Tiago, Cintia Abravanel, fora da heran\u00e7a do SBT<\/h3>\n<p>Um detalhe importante que Tiago destacou foi que sua m\u00e3e, Cintia Abravanel, n\u00e3o faz parte da divis\u00e3o da heran\u00e7a relacionada \u00e0 emissora. Em entrevista \u00e0 *Folha de S. Paulo*, Cintia afirmou que o canal ficar\u00e1 com suas irm\u00e3s, enquanto ela receber\u00e1 outros bens do pai. Cintia nunca demonstrou grande interesse pelo SBT, e Silvio Santos est\u00e1 organizando a divis\u00e3o de seu patrim\u00f4nio enquanto ainda est\u00e1 vivo.<\/p>\n<p>A declara\u00e7\u00e3o de Tiago sobre a situa\u00e7\u00e3o familiar chamou aten\u00e7\u00e3o, especialmente pelo tom descontra\u00eddo com que abordou o assunto, mesmo em meio \u00e0s incertezas sobre o futuro da emissora e de sua pr\u00f3pria carreira na televis\u00e3o.<\/p>\n<h2>Sabrina Sato Est\u00e1 Gr\u00e1vida de Nicolas Prattes e Espera o Segundo Filho<\/h2>\n<p>A apresentadora Sabrina Sato est\u00e1 \u00e0 espera de seu segundo filho, fruto de seu relacionamento com o ator Nicolas Prattes. A not\u00edcia foi confirmada pela assessoria de imprensa da famosa, que revelou que Sabrina j\u00e1 est\u00e1 no terceiro m\u00eas de gesta\u00e7\u00e3o. Para o casal, que anunciou o noivado em setembro de 2024, essa ser\u00e1 a primeira crian\u00e7a do relacionamento. Sabrina, no entanto, j\u00e1 \u00e9 m\u00e3e de Zoe, de cinco anos, filha de seu antigo relacionamento com o ator Duda Nagle.<\/p>\n<h3>Um Relacionamento Recente e Repleto de Emo\u00e7\u00f5es<\/h3>\n<p>Sabrina Sato e Nicolas Prattes come\u00e7aram a namorar no in\u00edcio de 2024, e o relacionamento logo se tornou um dos mais comentados do meio art\u00edstico. Em setembro, os dois compartilharam com o p\u00fablico o an\u00fancio de seu noivado, surpreendendo os f\u00e3s com a rapidez com que o relacionamento evoluiu. Agora, apenas um m\u00eas ap\u00f3s o an\u00fancio oficial do noivado, o casal revela a gravidez, um motivo de grande alegria e expectativa.<\/p>\n<p>Segundo a assessoria de Sabrina, a decis\u00e3o de manter a gravidez em segredo at\u00e9 agora foi tomada por quest\u00f5es de precau\u00e7\u00e3o m\u00e9dica. Como \u00e9 comum em muitas gesta\u00e7\u00f5es, o casal optou por esperar at\u00e9 o terceiro m\u00eas, per\u00edodo considerado mais seguro, antes de anunciar a novidade ao p\u00fablico.<\/p>\n<h3>Sabrina Sato: M\u00e3e Pela Segunda Vez<\/h3>\n<p>Sabrina Sato j\u00e1 tem experi\u00eancia na maternidade com sua filha Zoe, fruto de seu relacionamento de sete anos com Duda Nagle. A menina, que completou cinco anos, \u00e9 uma presen\u00e7a constante nas redes sociais da m\u00e3e, encantando seguidores com sua fofura e carisma. Zoe j\u00e1 \u00e9 uma pequena celebridade, e a expectativa para ver como ela vai lidar com o papel de irm\u00e3 mais velha \u00e9 grande entre os f\u00e3s da apresentadora.<\/p>\n<p>O t\u00e9rmino entre Sabrina e Duda aconteceu em mar\u00e7o de 2023, e desde ent\u00e3o, a apresentadora seguiu sua vida pessoal de forma discreta, at\u00e9 o in\u00edcio de seu romance com Nicolas Prattes, que agora se concretiza com a not\u00edcia da nova gesta\u00e7\u00e3o.<\/p>\n<h3>Expectativa para o Beb\u00ea de Sabrina e Nicolas<\/h3>\n<p>Embora o casal ainda n\u00e3o tenha revelado o sexo do beb\u00ea, a expectativa em torno da chegada do novo integrante da fam\u00edlia Sato-Prattes \u00e9 enorme. Em nota oficial, a assessoria de imprensa destacou que o casal est\u00e1 vivendo esse momento com muita f\u00e9 e esperan\u00e7a, ansiosos para que a gesta\u00e7\u00e3o continue evoluindo de forma tranquila.<\/p>\n<p>A imprensa e os f\u00e3s est\u00e3o atentos para acompanhar cada detalhe dessa nova fase na vida de Sabrina Sato. Conhecida por compartilhar momentos \u00edntimos e familiares em suas redes sociais, \u00e9 prov\u00e1vel que a apresentadora traga, nos pr\u00f3ximos meses, mais novidades sobre a gesta\u00e7\u00e3o e o desenvolvimento do beb\u00ea.<\/p>\n<h2\/>\n<!-- CONTENT END 3 --><\/p><\/div>\n","protected":false},"excerpt":{"rendered":"<p>Por MRNews Assunto sobre trai\u00e7\u00e3o no casamento vem \u00e0 tona, e Eliezer se manifesta: \u2018Se separar\u2019 O ex-BBB e influenciador<\/p>\n","protected":false},"author":2,"featured_media":0,"comment_status":"","ping_status":"","sticky":false,"template":"","format":"standard","meta":{"colormag_page_container_layout":"default_layout","colormag_page_sidebar_layout":"default_layout","footnotes":""},"categories":[1],"tags":[],"class_list":["post-55151","post","type-post","status-publish","format-standard","hentry","category-ejornais"],"aioseo_notices":[],"amp_enabled":true,"_links":{"self":[{"href":"https:\/\/ejornais.com.br\/index.php\/wp-json\/wp\/v2\/posts\/55151","targetHints":{"allow":["GET"]}}],"collection":[{"href":"https:\/\/ejornais.com.br\/index.php\/wp-json\/wp\/v2\/posts"}],"about":[{"href":"https:\/\/ejornais.com.br\/index.php\/wp-json\/wp\/v2\/types\/post"}],"author":[{"embeddable":true,"href":"https:\/\/ejornais.com.br\/index.php\/wp-json\/wp\/v2\/users\/2"}],"replies":[{"embeddable":true,"href":"https:\/\/ejornais.com.br\/index.php\/wp-json\/wp\/v2\/comments?post=55151"}],"version-history":[{"count":0,"href":"https:\/\/ejornais.com.br\/index.php\/wp-json\/wp\/v2\/posts\/55151\/revisions"}],"wp:attachment":[{"href":"https:\/\/ejornais.com.br\/index.php\/wp-json\/wp\/v2\/media?parent=55151"}],"wp:term":[{"taxonomy":"category","embeddable":true,"href":"https:\/\/ejornais.com.br\/index.php\/wp-json\/wp\/v2\/categories?post=55151"},{"taxonomy":"post_tag","embeddable":true,"href":"https:\/\/ejornais.com.br\/index.php\/wp-json\/wp\/v2\/tags?post=55151"}],"curies":[{"name":"wp","href":"https:\/\/api.w.org\/{rel}","templated":true}]}}