{"id":55162,"date":"2025-11-03T05:48:53","date_gmt":"2025-11-03T08:48:53","guid":{"rendered":"https:\/\/ejornais.com.br\/index.php\/2025\/11\/03\/agencia-minas-gerais-na-china-vice-governador-acompanha-embarque-do-primeiro-dos-novos-trens-do-metro-da-rmbh\/"},"modified":"2025-11-03T05:48:53","modified_gmt":"2025-11-03T08:48:53","slug":"agencia-minas-gerais-na-china-vice-governador-acompanha-embarque-do-primeiro-dos-novos-trens-do-metro-da-rmbh","status":"publish","type":"post","link":"https:\/\/ejornais.com.br\/index.php\/2025\/11\/03\/agencia-minas-gerais-na-china-vice-governador-acompanha-embarque-do-primeiro-dos-novos-trens-do-metro-da-rmbh\/","title":{"rendered":"Ag\u00eancia Minas Gerais | Na China, vice-governador acompanha embarque do primeiro dos novos trens do Metr\u00f4 da RMBH"},"content":{"rendered":"<p><\/p>\n<div>\n<section class=\"news-related \/ col-md-4 col-lg-3 \/ margin-md-bottom-2 margin-left-1 \/ pull-right \/ hidden-xs hidden-sm\">\n<header>\n<p class=\"text-title-section \/ margin-bottom-1\">Relacionadas<\/p>\n<\/header>\n<p>\t\t\t\t\t\t\t<main><\/p>\n<hr class=\"row margin-md-bottom-2\"\/>\n\t\t\t\t\t\t\t<\/main><br \/>\n\t\t\t\t\t\t<\/section>\n<p>O primeiro dos 24 novos trens que v\u00e3o circular no metr\u00f4 da Regi\u00e3o Metropolitana de Belo Horizonte (RMBH) j\u00e1 est\u00e1 a caminho do Brasil. O embarque foi acompanhado nesta sexta-feira (31\/10), noite de quinta no Brasil, em Qingdao, na China, pelo vice-governador de Minas Gerais, Mateus Sim\u00f5es. O momento marca uma nova etapa no processo de moderniza\u00e7\u00e3o do sistema metrovi\u00e1rio.<\/p>\n<p>As novas composi\u00e7\u00f5es contam com inova\u00e7\u00f5es tecnol\u00f3gicas que tornam o transporte mais eficiente, sustent\u00e1vel, seguro e confort\u00e1vel para os usu\u00e1rios. A expectativa \u00e9 que o trem chegue ao Brasil em dezembro e comece a operar no primeiro semestre de 2026.<\/p>\n<table align=\"center\" border=\"0\" cellpadding=\"1\" cellspacing=\"1\" style=\"width: 70%;\">&#13;<\/p>\n<tbody>&#13;<\/p>\n<tr>&#13;<\/p>\n<td colspan=\"5\" style=\"text-align: center; vertical-align: middle;\">&#13;<\/p>\n<p style=\"text-align:center\">\n<p>&#13;\n\t\t\t<\/td>\n<p>&#13;<br \/>\n\t\t<\/tr>\n<p>&#13;<\/p>\n<tr>&#13;<\/p>\n<td style=\"text-align: center; vertical-align: middle;\">\u00a0<\/td>\n<p>&#13;<\/p>\n<td colspan=\"3\" rowspan=\"3\" style=\"text-align: center; vertical-align: middle;\">&#13;<br \/>\n\t\t\t&#13;\n\t\t\t<\/td>\n<p>&#13;<\/p>\n<td style=\"text-align: center; vertical-align: middle;\">\u00a0<\/td>\n<p>&#13;<br \/>\n\t\t<\/tr>\n<p>&#13;<\/p>\n<tr>&#13;<\/p>\n<td style=\"text-align: center; vertical-align: middle;\">\u00a0<\/td>\n<p>&#13;<\/p>\n<td style=\"text-align: center; vertical-align: middle;\">\u00a0<\/td>\n<p>&#13;<br \/>\n\t\t<\/tr>\n<p>&#13;<\/p>\n<tr>&#13;<\/p>\n<td style=\"text-align: center; vertical-align: middle;\">\u00a0<\/td>\n<p>&#13;<\/p>\n<td style=\"text-align: center; vertical-align: middle;\">\u00a0<\/td>\n<p>&#13;<br \/>\n\t\t<\/tr>\n<p>&#13;<\/p>\n<tr>&#13;<\/p>\n<td colspan=\"5\" style=\"text-align: center; vertical-align: middle;\">&#13;<\/p>\n<p style=\"text-align:center\">\n<p>&#13;\n\t\t\t<\/td>\n<p>&#13;<br \/>\n\t\t<\/tr>\n<p>&#13;<br \/>\n\t<\/tbody>\n<p>&#13;<br \/>\n<\/table>\n<p>&#13;<br \/>\nO primeiro ve\u00edculo foi entregue de forma antecipada pela Metr\u00f4 BH, concession\u00e1ria respons\u00e1vel pela opera\u00e7\u00e3o, moderniza\u00e7\u00e3o e amplia\u00e7\u00e3o do sistema. Com apoio do Governo de Minas, a empresa adiantou em dois anos o cronograma de aquisi\u00e7\u00e3o das composi\u00e7\u00f5es.<\/p>\n<p>At\u00e9 o fim do ano que vem, dez trens devem estar em opera\u00e7\u00e3o, enquanto a fabrica\u00e7\u00e3o dos outros 14 segue em ritmo acelerado. Com investimento de cerca de R$ 700 milh\u00f5es, as novas composi\u00e7\u00f5es atender\u00e3o \u00e0s linhas 1 e 2.<\/p>\n<p>O governador de Minas, Romeu Zema, destaca o salto de qualidade que o Metr\u00f4 da Regi\u00e3o Metropolitana de Belo Horizonte ter\u00e1 com os novos trens.<\/p>\n<table align=\"center\" border=\"0\" cellpadding=\"1\" cellspacing=\"1\" style=\"width: 100%;\">&#13;<\/p>\n<tbody>&#13;<\/p>\n<tr>&#13;<\/p>\n<td colspan=\"5\" style=\"text-align: center; vertical-align: middle;\">&#13;<\/p>\n<p style=\"text-align:center\">\n<p>&#13;\n\t\t\t<\/td>\n<p>&#13;<br \/>\n\t\t<\/tr>\n<p>&#13;<\/p>\n<tr>&#13;<\/p>\n<td style=\"text-align: center; vertical-align: middle;\">\u00a0<\/td>\n<p>&#13;<\/p>\n<td colspan=\"3\" rowspan=\"3\" style=\"text-align: center; vertical-align: middle;\">&#13;<br \/>\n\t\t\t&#13;\n\t\t\t<\/td>\n<p>&#13;<\/p>\n<td style=\"text-align: center; vertical-align: middle;\">\u00a0<\/td>\n<p>&#13;<br \/>\n\t\t<\/tr>\n<p>&#13;<\/p>\n<tr>&#13;<\/p>\n<td style=\"text-align: center; vertical-align: middle;\">\u00a0<\/td>\n<p>&#13;<\/p>\n<td style=\"text-align: center; vertical-align: middle;\">\u00a0<\/td>\n<p>&#13;<br \/>\n\t\t<\/tr>\n<p>&#13;<\/p>\n<tr>&#13;<\/p>\n<td style=\"text-align: center; vertical-align: middle;\">\u00a0<\/td>\n<p>&#13;<\/p>\n<td style=\"text-align: center; vertical-align: middle;\">\u00a0<\/td>\n<p>&#13;<br \/>\n\t\t<\/tr>\n<p>&#13;<\/p>\n<tr>&#13;<\/p>\n<td colspan=\"5\" style=\"text-align: center; vertical-align: middle;\">&#13;<\/p>\n<p style=\"text-align:center\">\n<p>&#13;\n\t\t\t<\/td>\n<p>&#13;<br \/>\n\t\t<\/tr>\n<p>&#13;<br \/>\n\t<\/tbody>\n<p>&#13;<br \/>\n<\/table>\n<p>A produ\u00e7\u00e3o \u00e9 realizada pela Changchun Railway Vehicles, subsidi\u00e1ria l\u00edder da maior fabricante de material rodante do mundo, a CRRC Corporation Limited (CRRC), empresa com hist\u00f3rico consolidado de fornecimento de trens para o Brasil, com modelos j\u00e1 em opera\u00e7\u00e3o no Metr\u00f4 Rio e na SuperVia.<br \/>&#13;<br \/>\n\u00a0<\/p>\n<figure class=\"image\" style=\"float:left\"><lt-highlighter contenteditable=\"false\" data-lt-linked=\"1\" style=\"display: none;\"><lt-div class=\"lt-highlighter__wrapper\" spellcheck=\"false\" style=\"width: 320px !important; height: 22.9062px !important; transform: none !important; transform-origin: 160px 11.4531px !important; zoom: 1 !important; margin-top: 186.797px !important;\"><lt-div class=\"lt-highlighter__scroll-element\" style=\"top: 0px !important; left: 0px !important; width: 320px !important; height: 22.9062px !important;\"\/><\/lt-div><\/lt-highlighter>&#13;<br \/>\n&#13;<figcaption data-gramm=\"false\" data-lt-tmp-id=\"lt-450769\" spellcheck=\"false\"><em><sub>Gabriel Vargas \/ Digital MG<\/sub><\/em><\/figcaption>&#13;<br \/>\n<\/figure>\n<p>Em junho, comitiva do Governo de Minas liderada pelo governador Romeu Zema em miss\u00e3o \u00e0 \u00c1sia conheceu a f\u00e1brica dos novos trens e p\u00f4de vistoriar um dos novos ve\u00edculos em produ\u00e7\u00e3o.<\/p>\n<p>O grupo tamb\u00e9m esteve na f\u00e1brica da Joint Venture da CRRC com a Alstom (Carc), onde s\u00e3o produzidos pain\u00e9is el\u00e9tricos e o console de opera\u00e7\u00e3o dos ve\u00edculos. Ap\u00f3s esta etapa de fabrica\u00e7\u00e3o, os equipamentos s\u00e3o enviados para a f\u00e1brica da CRRC Changchun para testes e montagem final.<\/p>\n<p>O secret\u00e1rio de Estado de Infraestrutura e Mobilidade de Minas Gerais, Pedro Bruno, destacou os avan\u00e7os no transporte p\u00fablico no estado durante este ano.<\/p>\n<table align=\"center\" border=\"0\" cellpadding=\"1\" cellspacing=\"1\" style=\"width: 100%;\">&#13;<\/p>\n<tbody>&#13;<\/p>\n<tr>&#13;<\/p>\n<td colspan=\"5\" style=\"text-align: center; vertical-align: middle;\">&#13;<\/p>\n<p style=\"text-align:center\">\n<p>&#13;\n\t\t\t<\/td>\n<p>&#13;<br \/>\n\t\t<\/tr>\n<p>&#13;<\/p>\n<tr>&#13;<\/p>\n<td style=\"text-align: center; vertical-align: middle;\">\u00a0<\/td>\n<p>&#13;<\/p>\n<td colspan=\"3\" rowspan=\"3\" style=\"text-align: center; vertical-align: middle;\">&#13;<br \/>\n\t\t\t&#13;\n\t\t\t<\/td>\n<p>&#13;<\/p>\n<td style=\"text-align: center; vertical-align: middle;\">\u00a0<\/td>\n<p>&#13;<br \/>\n\t\t<\/tr>\n<p>&#13;<\/p>\n<tr>&#13;<\/p>\n<td style=\"text-align: center; vertical-align: middle;\">\u00a0<\/td>\n<p>&#13;<\/p>\n<td style=\"text-align: center; vertical-align: middle;\">\u00a0<\/td>\n<p>&#13;<br \/>\n\t\t<\/tr>\n<p>&#13;<\/p>\n<tr>&#13;<\/p>\n<td style=\"text-align: center; vertical-align: middle;\">\u00a0<\/td>\n<p>&#13;<\/p>\n<td style=\"text-align: center; vertical-align: middle;\">\u00a0<\/td>\n<p>&#13;<br \/>\n\t\t<\/tr>\n<p>&#13;<\/p>\n<tr>&#13;<\/p>\n<td colspan=\"5\" style=\"text-align: center; vertical-align: middle;\">&#13;<\/p>\n<p style=\"text-align:center\">\n<p>&#13;\n\t\t\t<\/td>\n<p>&#13;<br \/>\n\t\t<\/tr>\n<p>&#13;<br \/>\n\t<\/tbody>\n<p>&#13;<br \/>\n<\/table>\n<p>&#13;<br \/>\n<strong>Tecnologia e opera\u00e7\u00e3o<\/strong><\/p>\n<p>Nos novos trens, os passageiros ter\u00e3o mais conforto e seguran\u00e7a durante as viagens. Pensando na lota\u00e7\u00e3o dos ve\u00edculos, foi implementado um sistema de contagem de passageiros, que informa \u00e0s esta\u00e7\u00f5es seguintes o n\u00edvel de ocupa\u00e7\u00e3o de cada carro. Assim, os usu\u00e1rios podem se posicionar de forma mais estrat\u00e9gica na plataforma.<\/p>\n<p>As composi\u00e7\u00f5es tamb\u00e9m contam com c\u00e2meras de vigil\u00e2ncia (CFTV), canal direto com o condutor em casos de emerg\u00eancia, wi-fi durante todo o trajeto e sistema de climatiza\u00e7\u00e3o. Os bancos foram redesenhados, oferecendo mais espa\u00e7o e sendo maiores que os utilizados atualmente pelos passageiros.<\/p>\n<p>Os trens disp\u00f5em ainda de um moderno sistema de multim\u00eddia ativa, com dois displays de LED que informam o nome da esta\u00e7\u00e3o atual, a pr\u00f3xima parada e o destino final.<\/p>\n<p>Entre as inova\u00e7\u00f5es operacionais est\u00e3o a telemetria embarcada, que envia dados em tempo real ao Centro de Controle de Opera\u00e7\u00f5es, e o sistema de recupera\u00e7\u00e3o de energia da frenagem, que reduz o consumo energ\u00e9tico, contribui para a sustentabilidade ambiental e aumenta a efici\u00eancia do transporte sobre trilhos.<\/p>\n<p>A opera\u00e7\u00e3o conta tamb\u00e9m com o sistema ATO (Opera\u00e7\u00e3o Autom\u00e1tica de Trens), que realiza automaticamente acelera\u00e7\u00e3o, frenagem e abertura e fechamento das portas, garantindo viagens mais suaves e seguras.<\/p>\n<p><strong>Avan\u00e7os<\/strong><\/p>\n<p>Depois de mais de duas d\u00e9cadas sem expans\u00e3o, o metr\u00f4 se prepara para inaugurar, em janeiro, a esta\u00e7\u00e3o Novo Eldorado, em Contagem. Ser\u00e1 a 20\u00aa esta\u00e7\u00e3o da Linha 1, acrescentando 1,7 quil\u00f4metro ao sistema. A nova estrutura vai ampliar a capacidade de transporte di\u00e1rio de passageiros e refor\u00e7ar a integra\u00e7\u00e3o metropolitana entre Contagem e Belo Horizonte.<\/p>\n<p>As obras da Linha 2 tamb\u00e9m seguem em ritmo acelerado e v\u00e3o levar o metr\u00f4 ao Barreiro at\u00e9 2028, com 10,5 quil\u00f4metros de extens\u00e3o e sete novas esta\u00e7\u00f5es: Nova Su\u00ed\u00e7a, Amazonas, Nova Gameleira, Nova Cintra, Vista Alegre, Ferrugem e Barreiro.<\/p>\n<p>Neste ano, diversas esta\u00e7\u00f5es j\u00e1 foram modernizadas, com melhorias que contemplaram acessibilidade, com placas e totens em braile, banheiros adaptados e revitaliza\u00e7\u00e3o do piso podot\u00e1til, al\u00e9m de novos sistemas hidr\u00e1ulicos, de drenagem, ilumina\u00e7\u00e3o, telhados, pinturas e pisos. A previs\u00e3o \u00e9 que a revitaliza\u00e7\u00e3o completa da Linha 1 seja conclu\u00edda em 2026.<\/p>\n<\/p><\/div>\n","protected":false},"excerpt":{"rendered":"<p>Relacionadas O primeiro dos 24 novos trens que v\u00e3o circular no metr\u00f4 da Regi\u00e3o Metropolitana de Belo Horizonte (RMBH) j\u00e1<\/p>\n","protected":false},"author":2,"featured_media":0,"comment_status":"","ping_status":"","sticky":false,"template":"","format":"standard","meta":{"colormag_page_container_layout":"default_layout","colormag_page_sidebar_layout":"default_layout","footnotes":""},"categories":[1],"tags":[],"class_list":["post-55162","post","type-post","status-publish","format-standard","hentry","category-ejornais"],"aioseo_notices":[],"aioseo_head":"\n\t\t<!-- All in One SEO 5.0.1.1 - aioseo.com -->\n\t<meta name=\"description\" content=\"Relacionadas O primeiro dos 24 novos trens que v\u00e3o circular no metr\u00f4 da Regi\u00e3o Metropolitana de Belo Horizonte (RMBH) j\u00e1 est\u00e1 a caminho do Brasil. O embarque foi acompanhado nesta sexta-feira (31\/10), noite de quinta no Brasil, em Qingdao, na China, pelo vice-governador de Minas Gerais, Mateus Sim\u00f5es. O momento marca uma nova etapa no\" \/>\n\t<meta name=\"robots\" content=\"max-image-preview:large\" \/>\n\t<meta name=\"author\" content=\"admin1\"\/>\n\t<link rel=\"canonical\" href=\"https:\/\/ejornais.com.br\/index.php\/2025\/11\/03\/agencia-minas-gerais-na-china-vice-governador-acompanha-embarque-do-primeiro-dos-novos-trens-do-metro-da-rmbh\/\" \/>\n\t<meta name=\"generator\" content=\"All in One SEO (AIOSEO) 5.0.1.1\" \/>\n\t\t<meta property=\"og:locale\" content=\"pt_BR\" \/>\n\t\t<meta property=\"og:site_name\" content=\"eJornais - Cat\u00e1logo de Jornais no mundo, Not\u00edcias, Blog e Esportes ao vivo\" \/>\n\t\t<meta property=\"og:type\" content=\"article\" \/>\n\t\t<meta property=\"og:title\" content=\"Ag\u00eancia Minas Gerais | Na China, vice-governador acompanha embarque do primeiro dos novos trens do Metr\u00f4 da RMBH - eJornais\" \/>\n\t\t<meta property=\"og:description\" content=\"Relacionadas O primeiro dos 24 novos trens que v\u00e3o circular no metr\u00f4 da Regi\u00e3o Metropolitana de Belo Horizonte (RMBH) j\u00e1 est\u00e1 a caminho do Brasil. O embarque foi acompanhado nesta sexta-feira (31\/10), noite de quinta no Brasil, em Qingdao, na China, pelo vice-governador de Minas Gerais, Mateus Sim\u00f5es. O momento marca uma nova etapa no\" \/>\n\t\t<meta property=\"og:url\" content=\"https:\/\/ejornais.com.br\/index.php\/2025\/11\/03\/agencia-minas-gerais-na-china-vice-governador-acompanha-embarque-do-primeiro-dos-novos-trens-do-metro-da-rmbh\/\" \/>\n\t\t<meta property=\"article:published_time\" content=\"2025-11-03T08:48:53+00:00\" \/>\n\t\t<meta property=\"article:modified_time\" content=\"2025-11-03T08:48:53+00:00\" \/>\n\t\t<meta name=\"twitter:card\" content=\"summary_large_image\" \/>\n\t\t<meta name=\"twitter:title\" content=\"Ag\u00eancia Minas Gerais | Na China, vice-governador acompanha embarque do primeiro dos novos trens do Metr\u00f4 da RMBH - eJornais\" \/>\n\t\t<meta name=\"twitter:description\" content=\"Relacionadas O primeiro dos 24 novos trens que v\u00e3o circular no metr\u00f4 da Regi\u00e3o Metropolitana de Belo Horizonte (RMBH) j\u00e1 est\u00e1 a caminho do Brasil. O embarque foi acompanhado nesta sexta-feira (31\/10), noite de quinta no Brasil, em Qingdao, na China, pelo vice-governador de Minas Gerais, Mateus Sim\u00f5es. O momento marca uma nova etapa no\" \/>\n\t\t<script type=\"application\/ld+json\" class=\"aioseo-schema\">\n\t\t\t{\"@context\":\"https:\\\/\\\/schema.org\",\"@graph\":[{\"@type\":\"BlogPosting\",\"@id\":\"https:\\\/\\\/ejornais.com.br\\\/index.php\\\/2025\\\/11\\\/03\\\/agencia-minas-gerais-na-china-vice-governador-acompanha-embarque-do-primeiro-dos-novos-trens-do-metro-da-rmbh\\\/#blogposting\",\"name\":\"Ag\\u00eancia Minas Gerais | Na China, vice-governador acompanha embarque do primeiro dos novos trens do Metr\\u00f4 da RMBH - eJornais\",\"headline\":\"Ag\\u00eancia Minas Gerais | Na China, vice-governador acompanha embarque do primeiro dos novos trens do Metr\\u00f4 da RMBH\",\"author\":{\"@id\":\"https:\\\/\\\/ejornais.com.br\\\/index.php\\\/author\\\/admin1\\\/#author\"},\"publisher\":{\"@id\":\"https:\\\/\\\/ejornais.com.br\\\/#organization\"},\"datePublished\":\"2025-11-03T05:48:53-03:00\",\"dateModified\":\"2025-11-03T05:48:53-03:00\",\"inLanguage\":\"pt-BR\",\"mainEntityOfPage\":{\"@id\":\"https:\\\/\\\/ejornais.com.br\\\/index.php\\\/2025\\\/11\\\/03\\\/agencia-minas-gerais-na-china-vice-governador-acompanha-embarque-do-primeiro-dos-novos-trens-do-metro-da-rmbh\\\/#webpage\"},\"isPartOf\":{\"@id\":\"https:\\\/\\\/ejornais.com.br\\\/index.php\\\/2025\\\/11\\\/03\\\/agencia-minas-gerais-na-china-vice-governador-acompanha-embarque-do-primeiro-dos-novos-trens-do-metro-da-rmbh\\\/#webpage\"},\"articleSection\":\"Cat\\u00e1logo de Jornais\"},{\"@type\":\"BreadcrumbList\",\"@id\":\"https:\\\/\\\/ejornais.com.br\\\/index.php\\\/2025\\\/11\\\/03\\\/agencia-minas-gerais-na-china-vice-governador-acompanha-embarque-do-primeiro-dos-novos-trens-do-metro-da-rmbh\\\/#breadcrumblist\",\"itemListElement\":[{\"@type\":\"ListItem\",\"@id\":\"https:\\\/\\\/ejornais.com.br#listItem\",\"position\":1,\"name\":\"In\\u00edcio\",\"item\":\"https:\\\/\\\/ejornais.com.br\",\"nextItem\":{\"@type\":\"ListItem\",\"@id\":\"https:\\\/\\\/ejornais.com.br\\\/index.php\\\/category\\\/ejornais\\\/#listItem\",\"name\":\"Cat\\u00e1logo de Jornais\"}},{\"@type\":\"ListItem\",\"@id\":\"https:\\\/\\\/ejornais.com.br\\\/index.php\\\/category\\\/ejornais\\\/#listItem\",\"position\":2,\"name\":\"Cat\\u00e1logo de Jornais\",\"item\":\"https:\\\/\\\/ejornais.com.br\\\/index.php\\\/category\\\/ejornais\\\/\",\"nextItem\":{\"@type\":\"ListItem\",\"@id\":\"https:\\\/\\\/ejornais.com.br\\\/index.php\\\/2025\\\/11\\\/03\\\/agencia-minas-gerais-na-china-vice-governador-acompanha-embarque-do-primeiro-dos-novos-trens-do-metro-da-rmbh\\\/#listItem\",\"name\":\"Ag\\u00eancia Minas Gerais | Na China, vice-governador acompanha embarque do primeiro dos novos trens do Metr\\u00f4 da RMBH\"},\"previousItem\":{\"@type\":\"ListItem\",\"@id\":\"https:\\\/\\\/ejornais.com.br#listItem\",\"name\":\"In\\u00edcio\"}},{\"@type\":\"ListItem\",\"@id\":\"https:\\\/\\\/ejornais.com.br\\\/index.php\\\/2025\\\/11\\\/03\\\/agencia-minas-gerais-na-china-vice-governador-acompanha-embarque-do-primeiro-dos-novos-trens-do-metro-da-rmbh\\\/#listItem\",\"position\":3,\"name\":\"Ag\\u00eancia Minas Gerais | Na China, vice-governador acompanha embarque do primeiro dos novos trens do Metr\\u00f4 da RMBH\",\"previousItem\":{\"@type\":\"ListItem\",\"@id\":\"https:\\\/\\\/ejornais.com.br\\\/index.php\\\/category\\\/ejornais\\\/#listItem\",\"name\":\"Cat\\u00e1logo de Jornais\"}}]},{\"@type\":\"Organization\",\"@id\":\"https:\\\/\\\/ejornais.com.br\\\/#organization\",\"name\":\"eJornais\",\"description\":\"Cat\\u00e1logo de Jornais no mundo, Not\\u00edcias, Blog e Esportes ao vivo\",\"url\":\"https:\\\/\\\/ejornais.com.br\\\/\"},{\"@type\":\"Person\",\"@id\":\"https:\\\/\\\/ejornais.com.br\\\/index.php\\\/author\\\/admin1\\\/#author\",\"url\":\"https:\\\/\\\/ejornais.com.br\\\/index.php\\\/author\\\/admin1\\\/\",\"name\":\"admin1\",\"image\":{\"@type\":\"ImageObject\",\"@id\":\"https:\\\/\\\/ejornais.com.br\\\/index.php\\\/2025\\\/11\\\/03\\\/agencia-minas-gerais-na-china-vice-governador-acompanha-embarque-do-primeiro-dos-novos-trens-do-metro-da-rmbh\\\/#authorImage\",\"url\":\"https:\\\/\\\/secure.gravatar.com\\\/avatar\\\/04084e6d73c042b8646e7c17b494073bf0ede3ea13c7105cfc45cbbbc28385a4?s=96&d=mm&r=g\",\"width\":96,\"height\":96,\"caption\":\"admin1\"}},{\"@type\":\"WebPage\",\"@id\":\"https:\\\/\\\/ejornais.com.br\\\/index.php\\\/2025\\\/11\\\/03\\\/agencia-minas-gerais-na-china-vice-governador-acompanha-embarque-do-primeiro-dos-novos-trens-do-metro-da-rmbh\\\/#webpage\",\"url\":\"https:\\\/\\\/ejornais.com.br\\\/index.php\\\/2025\\\/11\\\/03\\\/agencia-minas-gerais-na-china-vice-governador-acompanha-embarque-do-primeiro-dos-novos-trens-do-metro-da-rmbh\\\/\",\"name\":\"Ag\\u00eancia Minas Gerais | Na China, vice-governador acompanha embarque do primeiro dos novos trens do Metr\\u00f4 da RMBH - eJornais\",\"description\":\"Relacionadas O primeiro dos 24 novos trens que v\\u00e3o circular no metr\\u00f4 da Regi\\u00e3o Metropolitana de Belo Horizonte (RMBH) j\\u00e1 est\\u00e1 a caminho do Brasil. O embarque foi acompanhado nesta sexta-feira (31\\\/10), noite de quinta no Brasil, em Qingdao, na China, pelo vice-governador de Minas Gerais, Mateus Sim\\u00f5es. O momento marca uma nova etapa no\",\"inLanguage\":\"pt-BR\",\"isPartOf\":{\"@id\":\"https:\\\/\\\/ejornais.com.br\\\/#website\"},\"breadcrumb\":{\"@id\":\"https:\\\/\\\/ejornais.com.br\\\/index.php\\\/2025\\\/11\\\/03\\\/agencia-minas-gerais-na-china-vice-governador-acompanha-embarque-do-primeiro-dos-novos-trens-do-metro-da-rmbh\\\/#breadcrumblist\"},\"author\":{\"@id\":\"https:\\\/\\\/ejornais.com.br\\\/index.php\\\/author\\\/admin1\\\/#author\"},\"creator\":{\"@id\":\"https:\\\/\\\/ejornais.com.br\\\/index.php\\\/author\\\/admin1\\\/#author\"},\"datePublished\":\"2025-11-03T05:48:53-03:00\",\"dateModified\":\"2025-11-03T05:48:53-03:00\"},{\"@type\":\"WebSite\",\"@id\":\"https:\\\/\\\/ejornais.com.br\\\/#website\",\"url\":\"https:\\\/\\\/ejornais.com.br\\\/\",\"name\":\"eJornais\",\"description\":\"Cat\\u00e1logo de Jornais no mundo, Not\\u00edcias, Blog e Esportes ao vivo\",\"inLanguage\":\"pt-BR\",\"publisher\":{\"@id\":\"https:\\\/\\\/ejornais.com.br\\\/#organization\"}}]}\n\t\t<\/script>\n\t\t<!-- All in One SEO -->\n\n","aioseo_head_json":{"title":"Ag\u00eancia Minas Gerais | Na China, vice-governador acompanha embarque do primeiro dos novos trens do Metr\u00f4 da RMBH - eJornais","description":"Relacionadas O primeiro dos 24 novos trens que v\u00e3o circular no metr\u00f4 da Regi\u00e3o Metropolitana de Belo Horizonte (RMBH) j\u00e1 est\u00e1 a caminho do Brasil. O embarque foi acompanhado nesta sexta-feira (31\/10), noite de quinta no Brasil, em Qingdao, na China, pelo vice-governador de Minas Gerais, Mateus Sim\u00f5es. O momento marca uma nova etapa no","canonical_url":"https:\/\/ejornais.com.br\/index.php\/2025\/11\/03\/agencia-minas-gerais-na-china-vice-governador-acompanha-embarque-do-primeiro-dos-novos-trens-do-metro-da-rmbh\/","robots":"max-image-preview:large","keywords":"","webmasterTools":{"miscellaneous":""},"schema":{"@context":"https:\/\/schema.org","@graph":[{"@type":"BlogPosting","@id":"https:\/\/ejornais.com.br\/index.php\/2025\/11\/03\/agencia-minas-gerais-na-china-vice-governador-acompanha-embarque-do-primeiro-dos-novos-trens-do-metro-da-rmbh\/#blogposting","name":"Ag\u00eancia Minas Gerais | Na China, vice-governador acompanha embarque do primeiro dos novos trens do Metr\u00f4 da RMBH - eJornais","headline":"Ag\u00eancia Minas Gerais | Na China, vice-governador acompanha embarque do primeiro dos novos trens do Metr\u00f4 da RMBH","author":{"@id":"https:\/\/ejornais.com.br\/index.php\/author\/admin1\/#author"},"publisher":{"@id":"https:\/\/ejornais.com.br\/#organization"},"datePublished":"2025-11-03T05:48:53-03:00","dateModified":"2025-11-03T05:48:53-03:00","inLanguage":"pt-BR","mainEntityOfPage":{"@id":"https:\/\/ejornais.com.br\/index.php\/2025\/11\/03\/agencia-minas-gerais-na-china-vice-governador-acompanha-embarque-do-primeiro-dos-novos-trens-do-metro-da-rmbh\/#webpage"},"isPartOf":{"@id":"https:\/\/ejornais.com.br\/index.php\/2025\/11\/03\/agencia-minas-gerais-na-china-vice-governador-acompanha-embarque-do-primeiro-dos-novos-trens-do-metro-da-rmbh\/#webpage"},"articleSection":"Cat\u00e1logo de Jornais"},{"@type":"BreadcrumbList","@id":"https:\/\/ejornais.com.br\/index.php\/2025\/11\/03\/agencia-minas-gerais-na-china-vice-governador-acompanha-embarque-do-primeiro-dos-novos-trens-do-metro-da-rmbh\/#breadcrumblist","itemListElement":[{"@type":"ListItem","@id":"https:\/\/ejornais.com.br#listItem","position":1,"name":"In\u00edcio","item":"https:\/\/ejornais.com.br","nextItem":{"@type":"ListItem","@id":"https:\/\/ejornais.com.br\/index.php\/category\/ejornais\/#listItem","name":"Cat\u00e1logo de Jornais"}},{"@type":"ListItem","@id":"https:\/\/ejornais.com.br\/index.php\/category\/ejornais\/#listItem","position":2,"name":"Cat\u00e1logo de Jornais","item":"https:\/\/ejornais.com.br\/index.php\/category\/ejornais\/","nextItem":{"@type":"ListItem","@id":"https:\/\/ejornais.com.br\/index.php\/2025\/11\/03\/agencia-minas-gerais-na-china-vice-governador-acompanha-embarque-do-primeiro-dos-novos-trens-do-metro-da-rmbh\/#listItem","name":"Ag\u00eancia Minas Gerais | Na China, vice-governador acompanha embarque do primeiro dos novos trens do Metr\u00f4 da RMBH"},"previousItem":{"@type":"ListItem","@id":"https:\/\/ejornais.com.br#listItem","name":"In\u00edcio"}},{"@type":"ListItem","@id":"https:\/\/ejornais.com.br\/index.php\/2025\/11\/03\/agencia-minas-gerais-na-china-vice-governador-acompanha-embarque-do-primeiro-dos-novos-trens-do-metro-da-rmbh\/#listItem","position":3,"name":"Ag\u00eancia Minas Gerais | Na China, vice-governador acompanha embarque do primeiro dos novos trens do Metr\u00f4 da RMBH","previousItem":{"@type":"ListItem","@id":"https:\/\/ejornais.com.br\/index.php\/category\/ejornais\/#listItem","name":"Cat\u00e1logo de Jornais"}}]},{"@type":"Organization","@id":"https:\/\/ejornais.com.br\/#organization","name":"eJornais","description":"Cat\u00e1logo de Jornais no mundo, Not\u00edcias, Blog e Esportes ao vivo","url":"https:\/\/ejornais.com.br\/"},{"@type":"Person","@id":"https:\/\/ejornais.com.br\/index.php\/author\/admin1\/#author","url":"https:\/\/ejornais.com.br\/index.php\/author\/admin1\/","name":"admin1","image":{"@type":"ImageObject","@id":"https:\/\/ejornais.com.br\/index.php\/2025\/11\/03\/agencia-minas-gerais-na-china-vice-governador-acompanha-embarque-do-primeiro-dos-novos-trens-do-metro-da-rmbh\/#authorImage","url":"https:\/\/secure.gravatar.com\/avatar\/04084e6d73c042b8646e7c17b494073bf0ede3ea13c7105cfc45cbbbc28385a4?s=96&d=mm&r=g","width":96,"height":96,"caption":"admin1"}},{"@type":"WebPage","@id":"https:\/\/ejornais.com.br\/index.php\/2025\/11\/03\/agencia-minas-gerais-na-china-vice-governador-acompanha-embarque-do-primeiro-dos-novos-trens-do-metro-da-rmbh\/#webpage","url":"https:\/\/ejornais.com.br\/index.php\/2025\/11\/03\/agencia-minas-gerais-na-china-vice-governador-acompanha-embarque-do-primeiro-dos-novos-trens-do-metro-da-rmbh\/","name":"Ag\u00eancia Minas Gerais | Na China, vice-governador acompanha embarque do primeiro dos novos trens do Metr\u00f4 da RMBH - eJornais","description":"Relacionadas O primeiro dos 24 novos trens que v\u00e3o circular no metr\u00f4 da Regi\u00e3o Metropolitana de Belo Horizonte (RMBH) j\u00e1 est\u00e1 a caminho do Brasil. O embarque foi acompanhado nesta sexta-feira (31\/10), noite de quinta no Brasil, em Qingdao, na China, pelo vice-governador de Minas Gerais, Mateus Sim\u00f5es. O momento marca uma nova etapa no","inLanguage":"pt-BR","isPartOf":{"@id":"https:\/\/ejornais.com.br\/#website"},"breadcrumb":{"@id":"https:\/\/ejornais.com.br\/index.php\/2025\/11\/03\/agencia-minas-gerais-na-china-vice-governador-acompanha-embarque-do-primeiro-dos-novos-trens-do-metro-da-rmbh\/#breadcrumblist"},"author":{"@id":"https:\/\/ejornais.com.br\/index.php\/author\/admin1\/#author"},"creator":{"@id":"https:\/\/ejornais.com.br\/index.php\/author\/admin1\/#author"},"datePublished":"2025-11-03T05:48:53-03:00","dateModified":"2025-11-03T05:48:53-03:00"},{"@type":"WebSite","@id":"https:\/\/ejornais.com.br\/#website","url":"https:\/\/ejornais.com.br\/","name":"eJornais","description":"Cat\u00e1logo de Jornais no mundo, Not\u00edcias, Blog e Esportes ao vivo","inLanguage":"pt-BR","publisher":{"@id":"https:\/\/ejornais.com.br\/#organization"}}]},"og:locale":"pt_BR","og:site_name":"eJornais - Cat\u00e1logo de Jornais no mundo, Not\u00edcias, Blog e Esportes ao vivo","og:type":"article","og:title":"Ag\u00eancia Minas Gerais | Na China, vice-governador acompanha embarque do primeiro dos novos trens do Metr\u00f4 da RMBH - eJornais","og:description":"Relacionadas O primeiro dos 24 novos trens que v\u00e3o circular no metr\u00f4 da Regi\u00e3o Metropolitana de Belo Horizonte (RMBH) j\u00e1 est\u00e1 a caminho do Brasil. O embarque foi acompanhado nesta sexta-feira (31\/10), noite de quinta no Brasil, em Qingdao, na China, pelo vice-governador de Minas Gerais, Mateus Sim\u00f5es. O momento marca uma nova etapa no","og:url":"https:\/\/ejornais.com.br\/index.php\/2025\/11\/03\/agencia-minas-gerais-na-china-vice-governador-acompanha-embarque-do-primeiro-dos-novos-trens-do-metro-da-rmbh\/","article:published_time":"2025-11-03T08:48:53+00:00","article:modified_time":"2025-11-03T08:48:53+00:00","twitter:card":"summary_large_image","twitter:title":"Ag\u00eancia Minas Gerais | Na China, vice-governador acompanha embarque do primeiro dos novos trens do Metr\u00f4 da RMBH - eJornais","twitter:description":"Relacionadas O primeiro dos 24 novos trens que v\u00e3o circular no metr\u00f4 da Regi\u00e3o Metropolitana de Belo Horizonte (RMBH) j\u00e1 est\u00e1 a caminho do Brasil. O embarque foi acompanhado nesta sexta-feira (31\/10), noite de quinta no Brasil, em Qingdao, na China, pelo vice-governador de Minas Gerais, Mateus Sim\u00f5es. O momento marca uma nova etapa no"},"aioseo_meta_data":{"post_id":"55162","title":null,"description":null,"keywords":null,"keyphrases":null,"primary_term":null,"canonical_url":null,"og_title":null,"og_description":null,"og_object_type":"default","og_image_type":"default","og_image_url":null,"og_image_width":null,"og_image_height":null,"og_image_custom_url":null,"og_image_custom_fields":null,"og_video":null,"og_custom_url":null,"og_article_section":null,"og_article_tags":null,"twitter_use_og":false,"twitter_card":"default","twitter_image_type":"default","twitter_image_url":null,"twitter_image_custom_url":null,"twitter_image_custom_fields":null,"twitter_title":null,"twitter_description":null,"schema":{"blockGraphs":[],"customGraphs":[],"default":{"data":{"Article":[],"Course":[],"Dataset":[],"FAQPage":[],"Movie":[],"Person":[],"Product":[],"ProductReview":[],"Car":[],"Recipe":[],"Service":[],"SoftwareApplication":[],"WebPage":[]},"graphName":"","isEnabled":true},"graphs":[]},"schema_type":"default","schema_type_options":null,"pillar_content":false,"robots_default":true,"robots_noindex":false,"robots_noarchive":false,"robots_nosnippet":false,"robots_nofollow":false,"robots_noimageindex":false,"robots_noodp":false,"robots_notranslate":false,"robots_max_snippet":null,"robots_max_videopreview":null,"robots_max_imagepreview":"large","priority":null,"frequency":null,"local_seo":null,"breadcrumb_settings":null,"limit_modified_date":false,"ai":null,"created":"2025-11-03 08:56:40","updated":"2025-11-03 08:56:40","seo_analyzer_scan_date":null,"focus_keyword":null,"additional_keywords":null,"truseo_locale":null},"aioseo_breadcrumb":"<div class=\"aioseo-breadcrumbs\"><span class=\"aioseo-breadcrumb\">\n\t\t\t<a href=\"https:\/\/ejornais.com.br\" title=\"In\u00edcio\">In\u00edcio<\/a>\n\t\t<\/span><span class=\"aioseo-breadcrumb-separator\">&raquo;<\/span><span class=\"aioseo-breadcrumb\">\n\t\t\t<a href=\"https:\/\/ejornais.com.br\/index.php\/category\/ejornais\/\" title=\"Cat\u00e1logo de Jornais\">Cat\u00e1logo de Jornais<\/a>\n\t\t<\/span><span class=\"aioseo-breadcrumb-separator\">&raquo;<\/span><span class=\"aioseo-breadcrumb\">\n\t\t\tAg\u00eancia Minas Gerais | Na China, vice-governador acompanha embarque do primeiro dos novos trens do Metr\u00f4 da RMBH\n\t\t<\/span><\/div>","aioseo_breadcrumb_json":[{"label":"In\u00edcio","link":"https:\/\/ejornais.com.br"},{"label":"Cat\u00e1logo de Jornais","link":"https:\/\/ejornais.com.br\/index.php\/category\/ejornais\/"},{"label":"Ag\u00eancia Minas Gerais | Na China, vice-governador acompanha embarque do primeiro dos novos trens do Metr\u00f4 da RMBH","link":"https:\/\/ejornais.com.br\/index.php\/2025\/11\/03\/agencia-minas-gerais-na-china-vice-governador-acompanha-embarque-do-primeiro-dos-novos-trens-do-metro-da-rmbh\/"}],"amp_enabled":true,"_links":{"self":[{"href":"https:\/\/ejornais.com.br\/index.php\/wp-json\/wp\/v2\/posts\/55162","targetHints":{"allow":["GET"]}}],"collection":[{"href":"https:\/\/ejornais.com.br\/index.php\/wp-json\/wp\/v2\/posts"}],"about":[{"href":"https:\/\/ejornais.com.br\/index.php\/wp-json\/wp\/v2\/types\/post"}],"author":[{"embeddable":true,"href":"https:\/\/ejornais.com.br\/index.php\/wp-json\/wp\/v2\/users\/2"}],"replies":[{"embeddable":true,"href":"https:\/\/ejornais.com.br\/index.php\/wp-json\/wp\/v2\/comments?post=55162"}],"version-history":[{"count":0,"href":"https:\/\/ejornais.com.br\/index.php\/wp-json\/wp\/v2\/posts\/55162\/revisions"}],"wp:attachment":[{"href":"https:\/\/ejornais.com.br\/index.php\/wp-json\/wp\/v2\/media?parent=55162"}],"wp:term":[{"taxonomy":"category","embeddable":true,"href":"https:\/\/ejornais.com.br\/index.php\/wp-json\/wp\/v2\/categories?post=55162"},{"taxonomy":"post_tag","embeddable":true,"href":"https:\/\/ejornais.com.br\/index.php\/wp-json\/wp\/v2\/tags?post=55162"}],"curies":[{"name":"wp","href":"https:\/\/api.w.org\/{rel}","templated":true}]}}