{"id":55183,"date":"2025-11-03T21:30:39","date_gmt":"2025-11-04T00:30:39","guid":{"rendered":"https:\/\/ejornais.com.br\/index.php\/2025\/11\/03\/cidade-da-juventude-movimenta-a-vila-morena-com-atracoes-gratuitas-e-show-de-munhoz-mariano-cgnoticias\/"},"modified":"2025-11-03T21:30:39","modified_gmt":"2025-11-04T00:30:39","slug":"cidade-da-juventude-movimenta-a-vila-morena-com-atracoes-gratuitas-e-show-de-munhoz-mariano-cgnoticias","status":"publish","type":"post","link":"https:\/\/ejornais.com.br\/index.php\/2025\/11\/03\/cidade-da-juventude-movimenta-a-vila-morena-com-atracoes-gratuitas-e-show-de-munhoz-mariano-cgnoticias\/","title":{"rendered":"Cidade da Juventude movimenta a Vila Morena com atra\u00e7\u00f5es gratuitas e show de Munhoz &#038; Mariano \u2013 CGNot\u00edcias"},"content":{"rendered":"<p><\/p>\n<div>\n<p>Entre os dias 7 e 9 de novembro, Campo Grande se transforma no centro das aten\u00e7\u00f5es com a Cidade da Juventude 2025, evento promovido pela Secretaria Executiva da Juventude (Sejuv). Com o tema \u201cCampo Grande te chama para o futuro\u201d, ser\u00e1 realizada na Vila Morena, nos altos da Afonso Pena a programa\u00e7\u00e3o gratuita re\u00fane m\u00fasica, cultura, tecnologia e inova\u00e7\u00e3o, com atividades voltadas a jovens de 15 a 29 anos, mas abertas a toda a comunidade.<\/p>\n<p>A proposta deste ano \u00e9 unir\u00a0o universo digital com experi\u00eancias reais, incentivando a conviv\u00eancia, o aprendizado e o protagonismo juvenil. Ao longo de tr\u00eas dias, o p\u00fablico poder\u00e1 vivenciar oficinas, shows, palestras e atividades interativas em diversos espa\u00e7os tem\u00e1ticos, como a\u00a0Casa da Tecnologia, o\u00a0N\u00facleo Start Juv, o\u00a0Espa\u00e7o do Cooperativismo\u00a0e o\u00a0Planet\u00e1rio da UEMS, que levar\u00e1 sess\u00f5es especiais de astronomia e ci\u00eancias espaciais ao evento.<\/p>\n<p><strong>Programa\u00e7\u00e3o recheada de atra\u00e7\u00f5es culturais e musicais<\/strong><\/p>\n<p>A abertura oficial acontece na sexta-feira (7\/11), a partir das 18h30, com o animado Flash Mob Dan\u00e7a\u00ea, seguido da cerim\u00f4nia de abertura e apresenta\u00e7\u00f5es do projeto Dan\u00e7a\u00ea. A noite segue com muito ritmo e energia: o grupo Pagode 67 sobe ao palco \u00e0s 20h, e logo depois o grupo Sampri encerra o primeiro dia com muito samba e alegria.<\/p>\n<p>No s\u00e1bado (8\/11), a programa\u00e7\u00e3o come\u00e7a \u00e0 tarde com Batalha de Breaking e Oficina de Skate, celebrando a cultura urbana e o esporte. \u00c0 noite, o p\u00fablico poder\u00e1 acompanhar o espet\u00e1culo teatral \u201cJogo da Virada\u201d, apresentado pelo Sicoob, seguido do Concurso de Cosplay, que promete reunir os melhores personagens do universo geek.<\/p>\n<p>A influenciadora Malu Pires participa \u00e0s 20h30, com uma palestra sobre juventude e redes sociais, antes do show de Chic\u00e3o Castro, que encerra o segundo dia com muito pop e m\u00fasica regional.<\/p>\n<p>O domingo (9\/11) ser\u00e1 marcado por momentos de celebra\u00e7\u00e3o e emo\u00e7\u00e3o. A programa\u00e7\u00e3o come\u00e7a com a tradicional Festa das Cores, \u00e0s 16h30, seguida por apresenta\u00e7\u00f5es de K-Pop e pela premia\u00e7\u00e3o do Jovem do Ano e do Concurso de Reda\u00e7\u00e3o, que valorizam talentos e iniciativas de impacto social desenvolvidas por jovens da capital.<\/p>\n<p>E, para fechar o evento em grande estilo, o palco recebe o show da dupla Munhoz &amp; Mariano, a partir das 19h30, prometendo um encerramento inesquec\u00edvel com grandes sucessos e muita anima\u00e7\u00e3o.<\/p>\n<p><strong>\u00a0Estrutura para todas as idades<\/strong><\/p>\n<p>Al\u00e9m dos shows e atividades culturais, o evento contar\u00e1 com pra\u00e7a de alimenta\u00e7\u00e3o, \u00e1rea kids gratuita e diversos espa\u00e7os de conviv\u00eancia, garantindo op\u00e7\u00f5es para toda a fam\u00edlia.<\/p>\n<p>A Cidade da Juventude 2025 \u00e9 realizada com o apoio de institui\u00e7\u00f5es de ensino,\u00a0organiza\u00e7\u00f5es da sociedade civil, cooperativas e parceiros p\u00fablicos e privados, e tem como objetivo transformar Campo Grande em um grande espa\u00e7o de conviv\u00eancia, inova\u00e7\u00e3o e celebra\u00e7\u00e3o da juventude local.<\/p>\n<p><em>#ParaTodosVerem: foto de capa mostra Vila Morena<\/em><\/p>\n<\/div>\n<p><script async defer async defer src=\"https:\/\/connect.facebook.net\/en_US\/sdk.js?ver=1#xfbml=1&amp;version=v3.2\" id=\"prefeitura-campogrande-script-facebook-sdk-js\"><\/script><\/p>\n","protected":false},"excerpt":{"rendered":"<p>Entre os dias 7 e 9 de novembro, Campo Grande se transforma no centro das aten\u00e7\u00f5es com a Cidade da<\/p>\n","protected":false},"author":2,"featured_media":0,"comment_status":"","ping_status":"","sticky":false,"template":"","format":"standard","meta":{"colormag_page_container_layout":"default_layout","colormag_page_sidebar_layout":"default_layout","footnotes":""},"categories":[1],"tags":[],"class_list":["post-55183","post","type-post","status-publish","format-standard","hentry","category-ejornais"],"aioseo_notices":[],"amp_enabled":true,"_links":{"self":[{"href":"https:\/\/ejornais.com.br\/index.php\/wp-json\/wp\/v2\/posts\/55183","targetHints":{"allow":["GET"]}}],"collection":[{"href":"https:\/\/ejornais.com.br\/index.php\/wp-json\/wp\/v2\/posts"}],"about":[{"href":"https:\/\/ejornais.com.br\/index.php\/wp-json\/wp\/v2\/types\/post"}],"author":[{"embeddable":true,"href":"https:\/\/ejornais.com.br\/index.php\/wp-json\/wp\/v2\/users\/2"}],"replies":[{"embeddable":true,"href":"https:\/\/ejornais.com.br\/index.php\/wp-json\/wp\/v2\/comments?post=55183"}],"version-history":[{"count":0,"href":"https:\/\/ejornais.com.br\/index.php\/wp-json\/wp\/v2\/posts\/55183\/revisions"}],"wp:attachment":[{"href":"https:\/\/ejornais.com.br\/index.php\/wp-json\/wp\/v2\/media?parent=55183"}],"wp:term":[{"taxonomy":"category","embeddable":true,"href":"https:\/\/ejornais.com.br\/index.php\/wp-json\/wp\/v2\/categories?post=55183"},{"taxonomy":"post_tag","embeddable":true,"href":"https:\/\/ejornais.com.br\/index.php\/wp-json\/wp\/v2\/tags?post=55183"}],"curies":[{"name":"wp","href":"https:\/\/api.w.org\/{rel}","templated":true}]}}