{"id":55435,"date":"2025-11-08T19:19:40","date_gmt":"2025-11-08T22:19:40","guid":{"rendered":"https:\/\/ejornais.com.br\/index.php\/2025\/11\/08\/mudancas-climaticas-podem-aumentar-frequencia-e-intensidade\/"},"modified":"2025-11-08T19:19:40","modified_gmt":"2025-11-08T22:19:40","slug":"mudancas-climaticas-podem-aumentar-frequencia-e-intensidade","status":"publish","type":"post","link":"https:\/\/ejornais.com.br\/index.php\/2025\/11\/08\/mudancas-climaticas-podem-aumentar-frequencia-e-intensidade\/","title":{"rendered":"mudan\u00e7as clim\u00e1ticas podem aumentar frequ\u00eancia e intensidade"},"content":{"rendered":"<p> Por MRNews<br \/>\n<\/p>\n<div wp_automatic_readability=\"85.761804384486\">\n<p><strong>O tornado que destruiu 90% da cidade paranaense de\u00a0Rio Bonito do Igua\u00e7u e deixou ao menos 750 feridos deveria servir como alerta de \u201cdesespero e urg\u00eancia\u201d para as autoridades reunidas da Confer\u00eancia das Na\u00e7\u00f5es Unidas para o Clima\u00a0(COP-30), defendeu o secret\u00e1rio-executivo do Observat\u00f3rio do Clima, M\u00e1rcio Astrini. <\/strong>O evento come\u00e7a na pr\u00f3xima segunda-feira (10), mas o encontro de chefes de Estado\u00a0foi realizado nas \u00faltimas quinta e sexta-feira.\u00a0<\/p>\n<p>\u201cO que aconteceu no Paran\u00e1, que \u00e9 triste e grave, \u00e9 mais uma repeti\u00e7\u00e3o do que vem acontecendo n\u00e3o apenas no Brasil, na Amaz\u00f4nia, no Rio Grande do Sul, em S\u00e3o Sebasti\u00e3o, em Petr\u00f3polis, no norte de Minas, sul da Bahia, como no mundo inteiro tamb\u00e9m\u201d, destacou.<\/p>\n<p>\u201cOs \u00faltimos dez anos foram os dez anos mais quentes da hist\u00f3ria. Tudo isso deveria entrar para dentro da Confer\u00eancia do Clima, mas, muitas vezes, o que a gente v\u00ea \u00e9 que a reuni\u00e3o fica imperme\u00e1vel ao mundo real\u201d, criticou Astrini, que representa a principal rede da sociedade civil brasileira com atua\u00e7\u00e3o sobre as mudan\u00e7as clim\u00e1ticas.<\/p>\n<p><strong><a href=\"https:\/\/mrnews.com.br\/index.php\/2025\/11\/08\/tremembe-afinal-quem-realmente-ganhou-dinheiro-com-a-serie-que-chocou-o-brasil\/\">\u201cTrememb\u00e9\u201d; afinal, quem realmente ganhou dinheiro com a s\u00e9rie que chocou o Brasil?<\/a><\/strong><\/p>\n<p><strong><a href=\"https:\/\/mrnews.com.br\/index.php\/2025\/11\/08\/usina-solar-garantira-descarbonizacao-da-energia-em-noronha-ate-2027\/\">Usina solar garantir\u00e1 descarboniza\u00e7\u00e3o da energia em Noronha at\u00e9 2027<\/a><\/strong><\/p>\n<p>Astrini espera que o evento do Paran\u00e1 seja citado pelo presidente Luiz In\u00e1cio Lula da Silva, na abertura oficial da COP, segunda-feira (10) e que essa \u201crealidade\u201d ajude a sensibilizar os pa\u00edses participantes sobre \u201co mundo real, que est\u00e1 agonizando\u201d.<\/p>\n<blockquote wp_automatic_readability=\"14\">\n<p>\u201cA gente t\u00eam alguns pa\u00edses que s\u00e3o mais vulner\u00e1veis a essa situa\u00e7\u00e3o, como o Brasil, que depende da agricultura, a gera\u00e7\u00e3o da nossa energia depende da regularidade clim\u00e1tica, com as hidrel\u00e9tricas. O presidente Lula deve fazer a abertura, pode ser que ele cite. A gente sempre espera que essas cita\u00e7\u00f5es e essas realidades tenham efeito l\u00e1 pra dentro\u201d, complementa.\u00a0<\/p>\n<\/blockquote>\n<p>A ocean\u00f3grafa Renata Nagai, pesquisadora da Universidade de S\u00e3o Paulo, apoiada pelo Instituto Serrapilheira, explica que<strong> tornados, como o que atingiu Rio Bonito do Igua\u00e7u, n\u00e3o acontecem apenas por causa das mudan\u00e7as clim\u00e1ticas, mas o desequil\u00edbrio do clima pode contribuir para que eles sejam mais frequentes e intensos.\u00a0<\/strong><\/p>\n<blockquote wp_automatic_readability=\"11.285714285714\">\n<p>\u201cAs mudan\u00e7as clim\u00e1ticas est\u00e3o associadas a um aporte de combust\u00edveis f\u00f3sseis e de gases de efeito estufa na atmosfera e isso aumenta a energia, causando o aquecimento da atmosfera e tamb\u00e9m dos oceanos. Esse aumento do calor provoca tamb\u00e9m o aumento da umidade, pela evapora\u00e7\u00e3o. Mais calor e mais umidade servem quase como um combust\u00edvel para esses eventos meteorol\u00f3gicos extremos\u201d<\/p>\n<p><strong><a href=\"https:\/\/mrnews.com.br\/index.php\/2025\/11\/08\/tornados-sao-fenomenos-rapidos-mas-dificeis-de-prever\/\">Tornados s\u00e3o fen\u00f4menos r\u00e1pidos, mas dif\u00edceis de prever<\/a><\/strong><\/p>\n<p><strong><a href=\"https:\/\/mrnews.com.br\/index.php\/2025\/11\/08\/brasil-cai-nos-penaltis-para-o-mexico-e-fecha-em-4o-no-mundial-sub-17\/\">Brasil cai nos p\u00eanaltis para o M\u00e9xico e fecha em 4\u00ba no Mundial Sub-17<\/a><\/strong><\/p>\n<\/blockquote>\n<p>A especialista explica que tornados s\u00e3o colunas de ar\u00a0que giram em alt\u00edssima velocidade, formadas a partir de nuvens de tempestades. Apesar de serem r\u00e1pidos e de pequena extens\u00e3o, podem ter grande poder destrutivo, ao tocarem o solo. O fen\u00f4meno \u00e9 favorecido pela alta umidade e pelo ar quente.\u00a0<\/p>\n<p>O professor e pesquisador da Universidade de S\u00e3o Paulo (USP) Michel Mahiques afirma que esse tipo de fen\u00f4meno pode se tornar mais comum.\u00a0<\/p>\n<p>\u201cTornados, como o que aconteceu no Paran\u00e1, ocorrem por conta de grandes diferen\u00e7as de press\u00e3o, causadas por massas de ar com propriedades muito diferentes, como a temperatura. Agora, com as mudan\u00e7as clim\u00e1ticas, essas diferen\u00e7as se intensificam, e a possibilidade de ocorrer eventos extremos como esse aumenta\u201d\u00a0<\/p>\n<\/div>\n","protected":false},"excerpt":{"rendered":"<p>Por MRNews O tornado que destruiu 90% da cidade paranaense de\u00a0Rio Bonito do Igua\u00e7u e deixou ao menos 750 feridos<\/p>\n","protected":false},"author":2,"featured_media":0,"comment_status":"","ping_status":"","sticky":false,"template":"","format":"standard","meta":{"colormag_page_container_layout":"default_layout","colormag_page_sidebar_layout":"default_layout","footnotes":""},"categories":[1],"tags":[],"class_list":["post-55435","post","type-post","status-publish","format-standard","hentry","category-ejornais"],"aioseo_notices":[],"amp_enabled":true,"_links":{"self":[{"href":"https:\/\/ejornais.com.br\/index.php\/wp-json\/wp\/v2\/posts\/55435","targetHints":{"allow":["GET"]}}],"collection":[{"href":"https:\/\/ejornais.com.br\/index.php\/wp-json\/wp\/v2\/posts"}],"about":[{"href":"https:\/\/ejornais.com.br\/index.php\/wp-json\/wp\/v2\/types\/post"}],"author":[{"embeddable":true,"href":"https:\/\/ejornais.com.br\/index.php\/wp-json\/wp\/v2\/users\/2"}],"replies":[{"embeddable":true,"href":"https:\/\/ejornais.com.br\/index.php\/wp-json\/wp\/v2\/comments?post=55435"}],"version-history":[{"count":0,"href":"https:\/\/ejornais.com.br\/index.php\/wp-json\/wp\/v2\/posts\/55435\/revisions"}],"wp:attachment":[{"href":"https:\/\/ejornais.com.br\/index.php\/wp-json\/wp\/v2\/media?parent=55435"}],"wp:term":[{"taxonomy":"category","embeddable":true,"href":"https:\/\/ejornais.com.br\/index.php\/wp-json\/wp\/v2\/categories?post=55435"},{"taxonomy":"post_tag","embeddable":true,"href":"https:\/\/ejornais.com.br\/index.php\/wp-json\/wp\/v2\/tags?post=55435"}],"curies":[{"name":"wp","href":"https:\/\/api.w.org\/{rel}","templated":true}]}}