{"id":55440,"date":"2025-11-08T22:12:40","date_gmt":"2025-11-09T01:12:40","guid":{"rendered":"https:\/\/ejornais.com.br\/index.php\/2025\/11\/08\/vias-do-centro-terao-alteracoes-de-transito-para-circuito-de-ciclismo-pedalar-iii-no-domingo-09-11-prefeitura-da-cidade-do-rio-de-janeiro\/"},"modified":"2025-11-08T22:12:40","modified_gmt":"2025-11-09T01:12:40","slug":"vias-do-centro-terao-alteracoes-de-transito-para-circuito-de-ciclismo-pedalar-iii-no-domingo-09-11-prefeitura-da-cidade-do-rio-de-janeiro","status":"publish","type":"post","link":"https:\/\/ejornais.com.br\/index.php\/2025\/11\/08\/vias-do-centro-terao-alteracoes-de-transito-para-circuito-de-ciclismo-pedalar-iii-no-domingo-09-11-prefeitura-da-cidade-do-rio-de-janeiro\/","title":{"rendered":"Vias do Centro ter\u00e3o altera\u00e7\u00f5es de tr\u00e2nsito para Circuito de Ciclismo Pedalar III, no domingo (09\/11) &#8211; Prefeitura da Cidade do Rio de Janeiro"},"content":{"rendered":"<p><\/p>\n<div id=\"main\">\n<div class=\"wrapper-breadcrumbs\" wp_automatic_readability=\"64.541157294214\">\n<p>A CET-Rio ir\u00e1 implantar uma opera\u00e7\u00e3o especial de tr\u00e2nsito no domingo (09\/11) para a realiza\u00e7\u00e3o do Circuito de Ciclismo \u2013 Pedalar III, na regi\u00e3o do Porto Maravilha.<\/p>\n<p>Devido ao evento esportivo, haver\u00e1 interdi\u00e7\u00f5es ao tr\u00e2nsito de ve\u00edculos das 4h \u00e0s 9h. J\u00e1 a proibi\u00e7\u00e3o de estacionamento come\u00e7ou \u00e0s 22h de s\u00e1bado (08\/11) e segue at\u00e9 as 11h de domingo (09\/11).<\/p>\n<p>A opera\u00e7\u00e3o contar\u00e1 com agentes da CET-Rio, da Guarda Municipal e apoiadores de tr\u00e1fego, que atuar\u00e3o na manuten\u00e7\u00e3o da fluidez vi\u00e1ria, no ordenamento dos cruzamentos, na orienta\u00e7\u00e3o aos pedestres e na execu\u00e7\u00e3o dos bloqueios necess\u00e1rios durante todo o evento.<\/p>\n<p>T\u00e9cnicos da CET-Rio que atuam no Centro de Opera\u00e7\u00f5es e Resili\u00eancia (COR-Rio) ir\u00e3o monitorar as condi\u00e7\u00f5es do tr\u00e2nsito por meio das c\u00e2meras para que, se necess\u00e1rio, sejam realizados ajustes na programa\u00e7\u00e3o semaf\u00f3rica, garantindo melhores condi\u00e7\u00f5es de circula\u00e7\u00e3o e seguran\u00e7a vi\u00e1ria.<\/p>\n<p><strong>Interdi\u00e7\u00f5es<\/strong><br \/>Domingo (09\/11), das 4h \u00e0s 9h:<\/p>\n<p>\u2013 Rua Acre, em toda a extens\u00e3o.<br \/>\u2013 T\u00fanel 450, em toda a extens\u00e3o.<br \/>\u2013 Pra\u00e7a Mau\u00e1, uma faixa de tr\u00e2nsito entre a Avenida Venezuela e a Avenida Rio Branco.<br \/>\u2013 Rua Beneditinos, em toda a extens\u00e3o.<br \/>\u2013 Rua Maryink Veiga, em toda a extens\u00e3o.<br \/>\u2013 Avenida Rio Branco, em meia pista, entre a Pra\u00e7a Mau\u00e1 e a Rua Maryink Veiga.<br \/>\u2013 Rua Visconde de Inha\u00fama, uma faixa ao longo do bordo direito, entre a Rua Primeiro de Mar\u00e7o e a Rua Acre.<br \/>\u2013 Rua Silvino Montenegro, entre a Avenida Venezuela e a Orla Prefeito Luiz Paulo Conde.<br \/>\u2013 Avenida Venezuela, faixa da esquerda, entre a Rua Silvino Montenegro e a Avenida Bar\u00e3o de Tef\u00e9;<br \/>\u2013 Avenida Venezuela, trecho entre a Avenida Bar\u00e3o de Tef\u00e9 e a Pra\u00e7a Mau\u00e1.<br \/>\u2013 Rua Primeiro de Mar\u00e7o, entre a Avenida Presidente Vargas e a Rua Visconde de Inha\u00fama.<br \/>\u2013 Rua Alc\u00e2ntara Machado, em toda a extens\u00e3o.<br \/>\u2013 Orla Prefeito Luiz Paulo Conde, entre a Pra\u00e7a Mau\u00e1 e a Pra\u00e7a Muhammad Ali.<\/p>\n<p><strong>Proibi\u00e7\u00e3o de estacionamento<\/strong><\/p>\n<p>S\u00e1bado (08\/11), das 22h at\u00e9 as 11h de domingo (09\/11):<br \/>\u2013 Pra\u00e7a Mau\u00e1, entre a Avenida Venezuela e a Avenida Rio Branco.<br \/>\u2013 Rua Acre, entre a Avenida Rio Branco e a Avenida Marechal Floriano.<br \/>\u2013 Rua Beneditinos, em toda a extens\u00e3o.<br \/>\u2013 Rua Maryink Veiga, em toda a extens\u00e3o.<br \/>\u2013 Avenida Rio Branco, entre a Pra\u00e7a Mau\u00e1 e a Rua Visconde de Inha\u00fama.<br \/>\u2013 Rua Silvino Montenegro, entre a Avenida Venezuela e a Orla Prefeito Luiz Paulo Conde.<br \/>\u2013 Rua Alc\u00e2ntara Machado, em toda a extens\u00e3o.<br \/>\u2013 Orla Prefeito Luiz Paulo Conde, entre a Pra\u00e7a Mau\u00e1 e a Pra\u00e7a Muhammad Ali.<\/p>\n<p><strong>RECOMENDA\u00c7\u00d5ES<\/strong><\/p>\n<p>\u2022 Aten\u00e7\u00e3o \u00e0s orienta\u00e7\u00f5es dos agentes de tr\u00e2nsito e a sinaliza\u00e7\u00e3o implantada na \u00e1rea.<br \/>\u2022 Realizar a travessia das vias em locais sinalizados, como as faixas de pedestres.<br \/>\u2022 Evitar circular de carro nas proximidades do evento e priorizar o uso do transporte p\u00fablico.<br \/>\u2022 Planejar os deslocamentos com anteced\u00eancia, especialmente durante o per\u00edodo de interdi\u00e7\u00f5es.<\/p>\n<p>             <!-- Compartilhe ---><\/p>\n<p>\t\t\t <!-- TAGS --><\/p>\n<section class=\"category-tags\">\n<div class=\"marcacao-category\">\n<article class=\"category-post\">\n<p>Categoria: <\/p>\n<\/article>\n<li>8 de novembro de 2025<\/li><\/div>\n<article class=\"tags\">\n\t\t\t\t\tMarca\u00e7\u00f5es: altera\u00e7\u00f5es no tr\u00e2nsito centro ciclismo estacionamento interdi\u00e7\u00f5es<br \/><\/article>\n<\/section>\n<p>            <!-- Mais Not&iacute;cias --><\/p>\n<p>\t\t<!-- Conte&uacute;do SIDEBAR --><\/p><\/div>\n<\/p><\/div>\n","protected":false},"excerpt":{"rendered":"<p>A CET-Rio ir\u00e1 implantar uma opera\u00e7\u00e3o especial de tr\u00e2nsito no domingo (09\/11) para a realiza\u00e7\u00e3o do Circuito de Ciclismo \u2013<\/p>\n","protected":false},"author":2,"featured_media":0,"comment_status":"","ping_status":"","sticky":false,"template":"","format":"standard","meta":{"colormag_page_container_layout":"default_layout","colormag_page_sidebar_layout":"default_layout","footnotes":""},"categories":[1],"tags":[],"class_list":["post-55440","post","type-post","status-publish","format-standard","hentry","category-ejornais"],"aioseo_notices":[],"aioseo_head":"\n\t\t<!-- All in One SEO 5.0.1.1 - aioseo.com -->\n\t<meta name=\"description\" content=\"A CET-Rio ir\u00e1 implantar uma opera\u00e7\u00e3o especial de tr\u00e2nsito no domingo (09\/11) para a realiza\u00e7\u00e3o do Circuito de Ciclismo \u2013 Pedalar III, na regi\u00e3o do Porto Maravilha. Devido ao evento esportivo, haver\u00e1 interdi\u00e7\u00f5es ao tr\u00e2nsito de ve\u00edculos das 4h \u00e0s 9h. J\u00e1 a proibi\u00e7\u00e3o de estacionamento come\u00e7ou \u00e0s 22h de s\u00e1bado (08\/11) e segue at\u00e9\" \/>\n\t<meta name=\"robots\" content=\"max-image-preview:large\" \/>\n\t<meta name=\"author\" content=\"admin1\"\/>\n\t<link rel=\"canonical\" href=\"https:\/\/ejornais.com.br\/index.php\/2025\/11\/08\/vias-do-centro-terao-alteracoes-de-transito-para-circuito-de-ciclismo-pedalar-iii-no-domingo-09-11-prefeitura-da-cidade-do-rio-de-janeiro\/\" \/>\n\t<meta name=\"generator\" content=\"All in One SEO (AIOSEO) 5.0.1.1\" \/>\n\t\t<meta property=\"og:locale\" content=\"pt_BR\" \/>\n\t\t<meta property=\"og:site_name\" content=\"eJornais - Cat\u00e1logo de Jornais no mundo, Not\u00edcias, Blog e Esportes ao vivo\" \/>\n\t\t<meta property=\"og:type\" content=\"article\" \/>\n\t\t<meta property=\"og:title\" content=\"Vias do Centro ter\u00e3o altera\u00e7\u00f5es de tr\u00e2nsito para Circuito de Ciclismo Pedalar III, no domingo (09\/11) \u2013 Prefeitura da Cidade do Rio de Janeiro - eJornais\" \/>\n\t\t<meta property=\"og:description\" content=\"A CET-Rio ir\u00e1 implantar uma opera\u00e7\u00e3o especial de tr\u00e2nsito no domingo (09\/11) para a realiza\u00e7\u00e3o do Circuito de Ciclismo \u2013 Pedalar III, na regi\u00e3o do Porto Maravilha. Devido ao evento esportivo, haver\u00e1 interdi\u00e7\u00f5es ao tr\u00e2nsito de ve\u00edculos das 4h \u00e0s 9h. J\u00e1 a proibi\u00e7\u00e3o de estacionamento come\u00e7ou \u00e0s 22h de s\u00e1bado (08\/11) e segue at\u00e9\" \/>\n\t\t<meta property=\"og:url\" content=\"https:\/\/ejornais.com.br\/index.php\/2025\/11\/08\/vias-do-centro-terao-alteracoes-de-transito-para-circuito-de-ciclismo-pedalar-iii-no-domingo-09-11-prefeitura-da-cidade-do-rio-de-janeiro\/\" \/>\n\t\t<meta property=\"article:published_time\" content=\"2025-11-09T01:12:40+00:00\" \/>\n\t\t<meta property=\"article:modified_time\" content=\"2025-11-09T01:12:40+00:00\" \/>\n\t\t<meta name=\"twitter:card\" content=\"summary_large_image\" \/>\n\t\t<meta name=\"twitter:title\" content=\"Vias do Centro ter\u00e3o altera\u00e7\u00f5es de tr\u00e2nsito para Circuito de Ciclismo Pedalar III, no domingo (09\/11) \u2013 Prefeitura da Cidade do Rio de Janeiro - eJornais\" \/>\n\t\t<meta name=\"twitter:description\" content=\"A CET-Rio ir\u00e1 implantar uma opera\u00e7\u00e3o especial de tr\u00e2nsito no domingo (09\/11) para a realiza\u00e7\u00e3o do Circuito de Ciclismo \u2013 Pedalar III, na regi\u00e3o do Porto Maravilha. Devido ao evento esportivo, haver\u00e1 interdi\u00e7\u00f5es ao tr\u00e2nsito de ve\u00edculos das 4h \u00e0s 9h. J\u00e1 a proibi\u00e7\u00e3o de estacionamento come\u00e7ou \u00e0s 22h de s\u00e1bado (08\/11) e segue at\u00e9\" \/>\n\t\t<script type=\"application\/ld+json\" class=\"aioseo-schema\">\n\t\t\t{\"@context\":\"https:\\\/\\\/schema.org\",\"@graph\":[{\"@type\":\"BlogPosting\",\"@id\":\"https:\\\/\\\/ejornais.com.br\\\/index.php\\\/2025\\\/11\\\/08\\\/vias-do-centro-terao-alteracoes-de-transito-para-circuito-de-ciclismo-pedalar-iii-no-domingo-09-11-prefeitura-da-cidade-do-rio-de-janeiro\\\/#blogposting\",\"name\":\"Vias do Centro ter\\u00e3o altera\\u00e7\\u00f5es de tr\\u00e2nsito para Circuito de Ciclismo Pedalar III, no domingo (09\\\/11) \\u2013 Prefeitura da Cidade do Rio de Janeiro - eJornais\",\"headline\":\"Vias do Centro ter\\u00e3o altera\\u00e7\\u00f5es de tr\\u00e2nsito para Circuito de Ciclismo Pedalar III, no domingo (09\\\/11) &#8211; Prefeitura da Cidade do Rio de Janeiro\",\"author\":{\"@id\":\"https:\\\/\\\/ejornais.com.br\\\/index.php\\\/author\\\/admin1\\\/#author\"},\"publisher\":{\"@id\":\"https:\\\/\\\/ejornais.com.br\\\/#organization\"},\"datePublished\":\"2025-11-08T22:12:40-03:00\",\"dateModified\":\"2025-11-08T22:12:40-03:00\",\"inLanguage\":\"pt-BR\",\"mainEntityOfPage\":{\"@id\":\"https:\\\/\\\/ejornais.com.br\\\/index.php\\\/2025\\\/11\\\/08\\\/vias-do-centro-terao-alteracoes-de-transito-para-circuito-de-ciclismo-pedalar-iii-no-domingo-09-11-prefeitura-da-cidade-do-rio-de-janeiro\\\/#webpage\"},\"isPartOf\":{\"@id\":\"https:\\\/\\\/ejornais.com.br\\\/index.php\\\/2025\\\/11\\\/08\\\/vias-do-centro-terao-alteracoes-de-transito-para-circuito-de-ciclismo-pedalar-iii-no-domingo-09-11-prefeitura-da-cidade-do-rio-de-janeiro\\\/#webpage\"},\"articleSection\":\"Cat\\u00e1logo de Jornais\"},{\"@type\":\"BreadcrumbList\",\"@id\":\"https:\\\/\\\/ejornais.com.br\\\/index.php\\\/2025\\\/11\\\/08\\\/vias-do-centro-terao-alteracoes-de-transito-para-circuito-de-ciclismo-pedalar-iii-no-domingo-09-11-prefeitura-da-cidade-do-rio-de-janeiro\\\/#breadcrumblist\",\"itemListElement\":[{\"@type\":\"ListItem\",\"@id\":\"https:\\\/\\\/ejornais.com.br#listItem\",\"position\":1,\"name\":\"In\\u00edcio\",\"item\":\"https:\\\/\\\/ejornais.com.br\",\"nextItem\":{\"@type\":\"ListItem\",\"@id\":\"https:\\\/\\\/ejornais.com.br\\\/index.php\\\/category\\\/ejornais\\\/#listItem\",\"name\":\"Cat\\u00e1logo de Jornais\"}},{\"@type\":\"ListItem\",\"@id\":\"https:\\\/\\\/ejornais.com.br\\\/index.php\\\/category\\\/ejornais\\\/#listItem\",\"position\":2,\"name\":\"Cat\\u00e1logo de Jornais\",\"item\":\"https:\\\/\\\/ejornais.com.br\\\/index.php\\\/category\\\/ejornais\\\/\",\"nextItem\":{\"@type\":\"ListItem\",\"@id\":\"https:\\\/\\\/ejornais.com.br\\\/index.php\\\/2025\\\/11\\\/08\\\/vias-do-centro-terao-alteracoes-de-transito-para-circuito-de-ciclismo-pedalar-iii-no-domingo-09-11-prefeitura-da-cidade-do-rio-de-janeiro\\\/#listItem\",\"name\":\"Vias do Centro ter\\u00e3o altera\\u00e7\\u00f5es de tr\\u00e2nsito para Circuito de Ciclismo Pedalar III, no domingo (09\\\/11) &#8211; Prefeitura da Cidade do Rio de Janeiro\"},\"previousItem\":{\"@type\":\"ListItem\",\"@id\":\"https:\\\/\\\/ejornais.com.br#listItem\",\"name\":\"In\\u00edcio\"}},{\"@type\":\"ListItem\",\"@id\":\"https:\\\/\\\/ejornais.com.br\\\/index.php\\\/2025\\\/11\\\/08\\\/vias-do-centro-terao-alteracoes-de-transito-para-circuito-de-ciclismo-pedalar-iii-no-domingo-09-11-prefeitura-da-cidade-do-rio-de-janeiro\\\/#listItem\",\"position\":3,\"name\":\"Vias do Centro ter\\u00e3o altera\\u00e7\\u00f5es de tr\\u00e2nsito para Circuito de Ciclismo Pedalar III, no domingo (09\\\/11) &#8211; Prefeitura da Cidade do Rio de Janeiro\",\"previousItem\":{\"@type\":\"ListItem\",\"@id\":\"https:\\\/\\\/ejornais.com.br\\\/index.php\\\/category\\\/ejornais\\\/#listItem\",\"name\":\"Cat\\u00e1logo de Jornais\"}}]},{\"@type\":\"Organization\",\"@id\":\"https:\\\/\\\/ejornais.com.br\\\/#organization\",\"name\":\"eJornais\",\"description\":\"Cat\\u00e1logo de Jornais no mundo, Not\\u00edcias, Blog e Esportes ao vivo\",\"url\":\"https:\\\/\\\/ejornais.com.br\\\/\"},{\"@type\":\"Person\",\"@id\":\"https:\\\/\\\/ejornais.com.br\\\/index.php\\\/author\\\/admin1\\\/#author\",\"url\":\"https:\\\/\\\/ejornais.com.br\\\/index.php\\\/author\\\/admin1\\\/\",\"name\":\"admin1\",\"image\":{\"@type\":\"ImageObject\",\"@id\":\"https:\\\/\\\/ejornais.com.br\\\/index.php\\\/2025\\\/11\\\/08\\\/vias-do-centro-terao-alteracoes-de-transito-para-circuito-de-ciclismo-pedalar-iii-no-domingo-09-11-prefeitura-da-cidade-do-rio-de-janeiro\\\/#authorImage\",\"url\":\"https:\\\/\\\/secure.gravatar.com\\\/avatar\\\/04084e6d73c042b8646e7c17b494073bf0ede3ea13c7105cfc45cbbbc28385a4?s=96&d=mm&r=g\",\"width\":96,\"height\":96,\"caption\":\"admin1\"}},{\"@type\":\"WebPage\",\"@id\":\"https:\\\/\\\/ejornais.com.br\\\/index.php\\\/2025\\\/11\\\/08\\\/vias-do-centro-terao-alteracoes-de-transito-para-circuito-de-ciclismo-pedalar-iii-no-domingo-09-11-prefeitura-da-cidade-do-rio-de-janeiro\\\/#webpage\",\"url\":\"https:\\\/\\\/ejornais.com.br\\\/index.php\\\/2025\\\/11\\\/08\\\/vias-do-centro-terao-alteracoes-de-transito-para-circuito-de-ciclismo-pedalar-iii-no-domingo-09-11-prefeitura-da-cidade-do-rio-de-janeiro\\\/\",\"name\":\"Vias do Centro ter\\u00e3o altera\\u00e7\\u00f5es de tr\\u00e2nsito para Circuito de Ciclismo Pedalar III, no domingo (09\\\/11) \\u2013 Prefeitura da Cidade do Rio de Janeiro - eJornais\",\"description\":\"A CET-Rio ir\\u00e1 implantar uma opera\\u00e7\\u00e3o especial de tr\\u00e2nsito no domingo (09\\\/11) para a realiza\\u00e7\\u00e3o do Circuito de Ciclismo \\u2013 Pedalar III, na regi\\u00e3o do Porto Maravilha. Devido ao evento esportivo, haver\\u00e1 interdi\\u00e7\\u00f5es ao tr\\u00e2nsito de ve\\u00edculos das 4h \\u00e0s 9h. J\\u00e1 a proibi\\u00e7\\u00e3o de estacionamento come\\u00e7ou \\u00e0s 22h de s\\u00e1bado (08\\\/11) e segue at\\u00e9\",\"inLanguage\":\"pt-BR\",\"isPartOf\":{\"@id\":\"https:\\\/\\\/ejornais.com.br\\\/#website\"},\"breadcrumb\":{\"@id\":\"https:\\\/\\\/ejornais.com.br\\\/index.php\\\/2025\\\/11\\\/08\\\/vias-do-centro-terao-alteracoes-de-transito-para-circuito-de-ciclismo-pedalar-iii-no-domingo-09-11-prefeitura-da-cidade-do-rio-de-janeiro\\\/#breadcrumblist\"},\"author\":{\"@id\":\"https:\\\/\\\/ejornais.com.br\\\/index.php\\\/author\\\/admin1\\\/#author\"},\"creator\":{\"@id\":\"https:\\\/\\\/ejornais.com.br\\\/index.php\\\/author\\\/admin1\\\/#author\"},\"datePublished\":\"2025-11-08T22:12:40-03:00\",\"dateModified\":\"2025-11-08T22:12:40-03:00\"},{\"@type\":\"WebSite\",\"@id\":\"https:\\\/\\\/ejornais.com.br\\\/#website\",\"url\":\"https:\\\/\\\/ejornais.com.br\\\/\",\"name\":\"eJornais\",\"description\":\"Cat\\u00e1logo de Jornais no mundo, Not\\u00edcias, Blog e Esportes ao vivo\",\"inLanguage\":\"pt-BR\",\"publisher\":{\"@id\":\"https:\\\/\\\/ejornais.com.br\\\/#organization\"}}]}\n\t\t<\/script>\n\t\t<!-- All in One SEO -->\n\n","aioseo_head_json":{"title":"Vias do Centro ter\u00e3o altera\u00e7\u00f5es de tr\u00e2nsito para Circuito de Ciclismo Pedalar III, no domingo (09\/11) \u2013 Prefeitura da Cidade do Rio de Janeiro - eJornais","description":"A CET-Rio ir\u00e1 implantar uma opera\u00e7\u00e3o especial de tr\u00e2nsito no domingo (09\/11) para a realiza\u00e7\u00e3o do Circuito de Ciclismo \u2013 Pedalar III, na regi\u00e3o do Porto Maravilha. Devido ao evento esportivo, haver\u00e1 interdi\u00e7\u00f5es ao tr\u00e2nsito de ve\u00edculos das 4h \u00e0s 9h. J\u00e1 a proibi\u00e7\u00e3o de estacionamento come\u00e7ou \u00e0s 22h de s\u00e1bado (08\/11) e segue at\u00e9","canonical_url":"https:\/\/ejornais.com.br\/index.php\/2025\/11\/08\/vias-do-centro-terao-alteracoes-de-transito-para-circuito-de-ciclismo-pedalar-iii-no-domingo-09-11-prefeitura-da-cidade-do-rio-de-janeiro\/","robots":"max-image-preview:large","keywords":"","webmasterTools":{"miscellaneous":""},"schema":{"@context":"https:\/\/schema.org","@graph":[{"@type":"BlogPosting","@id":"https:\/\/ejornais.com.br\/index.php\/2025\/11\/08\/vias-do-centro-terao-alteracoes-de-transito-para-circuito-de-ciclismo-pedalar-iii-no-domingo-09-11-prefeitura-da-cidade-do-rio-de-janeiro\/#blogposting","name":"Vias do Centro ter\u00e3o altera\u00e7\u00f5es de tr\u00e2nsito para Circuito de Ciclismo Pedalar III, no domingo (09\/11) \u2013 Prefeitura da Cidade do Rio de Janeiro - eJornais","headline":"Vias do Centro ter\u00e3o altera\u00e7\u00f5es de tr\u00e2nsito para Circuito de Ciclismo Pedalar III, no domingo (09\/11) &#8211; Prefeitura da Cidade do Rio de Janeiro","author":{"@id":"https:\/\/ejornais.com.br\/index.php\/author\/admin1\/#author"},"publisher":{"@id":"https:\/\/ejornais.com.br\/#organization"},"datePublished":"2025-11-08T22:12:40-03:00","dateModified":"2025-11-08T22:12:40-03:00","inLanguage":"pt-BR","mainEntityOfPage":{"@id":"https:\/\/ejornais.com.br\/index.php\/2025\/11\/08\/vias-do-centro-terao-alteracoes-de-transito-para-circuito-de-ciclismo-pedalar-iii-no-domingo-09-11-prefeitura-da-cidade-do-rio-de-janeiro\/#webpage"},"isPartOf":{"@id":"https:\/\/ejornais.com.br\/index.php\/2025\/11\/08\/vias-do-centro-terao-alteracoes-de-transito-para-circuito-de-ciclismo-pedalar-iii-no-domingo-09-11-prefeitura-da-cidade-do-rio-de-janeiro\/#webpage"},"articleSection":"Cat\u00e1logo de Jornais"},{"@type":"BreadcrumbList","@id":"https:\/\/ejornais.com.br\/index.php\/2025\/11\/08\/vias-do-centro-terao-alteracoes-de-transito-para-circuito-de-ciclismo-pedalar-iii-no-domingo-09-11-prefeitura-da-cidade-do-rio-de-janeiro\/#breadcrumblist","itemListElement":[{"@type":"ListItem","@id":"https:\/\/ejornais.com.br#listItem","position":1,"name":"In\u00edcio","item":"https:\/\/ejornais.com.br","nextItem":{"@type":"ListItem","@id":"https:\/\/ejornais.com.br\/index.php\/category\/ejornais\/#listItem","name":"Cat\u00e1logo de Jornais"}},{"@type":"ListItem","@id":"https:\/\/ejornais.com.br\/index.php\/category\/ejornais\/#listItem","position":2,"name":"Cat\u00e1logo de Jornais","item":"https:\/\/ejornais.com.br\/index.php\/category\/ejornais\/","nextItem":{"@type":"ListItem","@id":"https:\/\/ejornais.com.br\/index.php\/2025\/11\/08\/vias-do-centro-terao-alteracoes-de-transito-para-circuito-de-ciclismo-pedalar-iii-no-domingo-09-11-prefeitura-da-cidade-do-rio-de-janeiro\/#listItem","name":"Vias do Centro ter\u00e3o altera\u00e7\u00f5es de tr\u00e2nsito para Circuito de Ciclismo Pedalar III, no domingo (09\/11) &#8211; Prefeitura da Cidade do Rio de Janeiro"},"previousItem":{"@type":"ListItem","@id":"https:\/\/ejornais.com.br#listItem","name":"In\u00edcio"}},{"@type":"ListItem","@id":"https:\/\/ejornais.com.br\/index.php\/2025\/11\/08\/vias-do-centro-terao-alteracoes-de-transito-para-circuito-de-ciclismo-pedalar-iii-no-domingo-09-11-prefeitura-da-cidade-do-rio-de-janeiro\/#listItem","position":3,"name":"Vias do Centro ter\u00e3o altera\u00e7\u00f5es de tr\u00e2nsito para Circuito de Ciclismo Pedalar III, no domingo (09\/11) &#8211; Prefeitura da Cidade do Rio de Janeiro","previousItem":{"@type":"ListItem","@id":"https:\/\/ejornais.com.br\/index.php\/category\/ejornais\/#listItem","name":"Cat\u00e1logo de Jornais"}}]},{"@type":"Organization","@id":"https:\/\/ejornais.com.br\/#organization","name":"eJornais","description":"Cat\u00e1logo de Jornais no mundo, Not\u00edcias, Blog e Esportes ao vivo","url":"https:\/\/ejornais.com.br\/"},{"@type":"Person","@id":"https:\/\/ejornais.com.br\/index.php\/author\/admin1\/#author","url":"https:\/\/ejornais.com.br\/index.php\/author\/admin1\/","name":"admin1","image":{"@type":"ImageObject","@id":"https:\/\/ejornais.com.br\/index.php\/2025\/11\/08\/vias-do-centro-terao-alteracoes-de-transito-para-circuito-de-ciclismo-pedalar-iii-no-domingo-09-11-prefeitura-da-cidade-do-rio-de-janeiro\/#authorImage","url":"https:\/\/secure.gravatar.com\/avatar\/04084e6d73c042b8646e7c17b494073bf0ede3ea13c7105cfc45cbbbc28385a4?s=96&d=mm&r=g","width":96,"height":96,"caption":"admin1"}},{"@type":"WebPage","@id":"https:\/\/ejornais.com.br\/index.php\/2025\/11\/08\/vias-do-centro-terao-alteracoes-de-transito-para-circuito-de-ciclismo-pedalar-iii-no-domingo-09-11-prefeitura-da-cidade-do-rio-de-janeiro\/#webpage","url":"https:\/\/ejornais.com.br\/index.php\/2025\/11\/08\/vias-do-centro-terao-alteracoes-de-transito-para-circuito-de-ciclismo-pedalar-iii-no-domingo-09-11-prefeitura-da-cidade-do-rio-de-janeiro\/","name":"Vias do Centro ter\u00e3o altera\u00e7\u00f5es de tr\u00e2nsito para Circuito de Ciclismo Pedalar III, no domingo (09\/11) \u2013 Prefeitura da Cidade do Rio de Janeiro - eJornais","description":"A CET-Rio ir\u00e1 implantar uma opera\u00e7\u00e3o especial de tr\u00e2nsito no domingo (09\/11) para a realiza\u00e7\u00e3o do Circuito de Ciclismo \u2013 Pedalar III, na regi\u00e3o do Porto Maravilha. Devido ao evento esportivo, haver\u00e1 interdi\u00e7\u00f5es ao tr\u00e2nsito de ve\u00edculos das 4h \u00e0s 9h. J\u00e1 a proibi\u00e7\u00e3o de estacionamento come\u00e7ou \u00e0s 22h de s\u00e1bado (08\/11) e segue at\u00e9","inLanguage":"pt-BR","isPartOf":{"@id":"https:\/\/ejornais.com.br\/#website"},"breadcrumb":{"@id":"https:\/\/ejornais.com.br\/index.php\/2025\/11\/08\/vias-do-centro-terao-alteracoes-de-transito-para-circuito-de-ciclismo-pedalar-iii-no-domingo-09-11-prefeitura-da-cidade-do-rio-de-janeiro\/#breadcrumblist"},"author":{"@id":"https:\/\/ejornais.com.br\/index.php\/author\/admin1\/#author"},"creator":{"@id":"https:\/\/ejornais.com.br\/index.php\/author\/admin1\/#author"},"datePublished":"2025-11-08T22:12:40-03:00","dateModified":"2025-11-08T22:12:40-03:00"},{"@type":"WebSite","@id":"https:\/\/ejornais.com.br\/#website","url":"https:\/\/ejornais.com.br\/","name":"eJornais","description":"Cat\u00e1logo de Jornais no mundo, Not\u00edcias, Blog e Esportes ao vivo","inLanguage":"pt-BR","publisher":{"@id":"https:\/\/ejornais.com.br\/#organization"}}]},"og:locale":"pt_BR","og:site_name":"eJornais - Cat\u00e1logo de Jornais no mundo, Not\u00edcias, Blog e Esportes ao vivo","og:type":"article","og:title":"Vias do Centro ter\u00e3o altera\u00e7\u00f5es de tr\u00e2nsito para Circuito de Ciclismo Pedalar III, no domingo (09\/11) \u2013 Prefeitura da Cidade do Rio de Janeiro - eJornais","og:description":"A CET-Rio ir\u00e1 implantar uma opera\u00e7\u00e3o especial de tr\u00e2nsito no domingo (09\/11) para a realiza\u00e7\u00e3o do Circuito de Ciclismo \u2013 Pedalar III, na regi\u00e3o do Porto Maravilha. Devido ao evento esportivo, haver\u00e1 interdi\u00e7\u00f5es ao tr\u00e2nsito de ve\u00edculos das 4h \u00e0s 9h. J\u00e1 a proibi\u00e7\u00e3o de estacionamento come\u00e7ou \u00e0s 22h de s\u00e1bado (08\/11) e segue at\u00e9","og:url":"https:\/\/ejornais.com.br\/index.php\/2025\/11\/08\/vias-do-centro-terao-alteracoes-de-transito-para-circuito-de-ciclismo-pedalar-iii-no-domingo-09-11-prefeitura-da-cidade-do-rio-de-janeiro\/","article:published_time":"2025-11-09T01:12:40+00:00","article:modified_time":"2025-11-09T01:12:40+00:00","twitter:card":"summary_large_image","twitter:title":"Vias do Centro ter\u00e3o altera\u00e7\u00f5es de tr\u00e2nsito para Circuito de Ciclismo Pedalar III, no domingo (09\/11) \u2013 Prefeitura da Cidade do Rio de Janeiro - eJornais","twitter:description":"A CET-Rio ir\u00e1 implantar uma opera\u00e7\u00e3o especial de tr\u00e2nsito no domingo (09\/11) para a realiza\u00e7\u00e3o do Circuito de Ciclismo \u2013 Pedalar III, na regi\u00e3o do Porto Maravilha. Devido ao evento esportivo, haver\u00e1 interdi\u00e7\u00f5es ao tr\u00e2nsito de ve\u00edculos das 4h \u00e0s 9h. J\u00e1 a proibi\u00e7\u00e3o de estacionamento come\u00e7ou \u00e0s 22h de s\u00e1bado (08\/11) e segue at\u00e9"},"aioseo_meta_data":{"post_id":"55440","title":null,"description":null,"keywords":null,"keyphrases":null,"primary_term":null,"canonical_url":null,"og_title":null,"og_description":null,"og_object_type":"default","og_image_type":"default","og_image_url":null,"og_image_width":null,"og_image_height":null,"og_image_custom_url":null,"og_image_custom_fields":null,"og_video":null,"og_custom_url":null,"og_article_section":null,"og_article_tags":null,"twitter_use_og":false,"twitter_card":"default","twitter_image_type":"default","twitter_image_url":null,"twitter_image_custom_url":null,"twitter_image_custom_fields":null,"twitter_title":null,"twitter_description":null,"schema":{"blockGraphs":[],"customGraphs":[],"default":{"data":{"Article":[],"Course":[],"Dataset":[],"FAQPage":[],"Movie":[],"Person":[],"Product":[],"ProductReview":[],"Car":[],"Recipe":[],"Service":[],"SoftwareApplication":[],"WebPage":[]},"graphName":"","isEnabled":true},"graphs":[]},"schema_type":"default","schema_type_options":null,"pillar_content":false,"robots_default":true,"robots_noindex":false,"robots_noarchive":false,"robots_nosnippet":false,"robots_nofollow":false,"robots_noimageindex":false,"robots_noodp":false,"robots_notranslate":false,"robots_max_snippet":null,"robots_max_videopreview":null,"robots_max_imagepreview":"large","priority":null,"frequency":null,"local_seo":null,"breadcrumb_settings":null,"limit_modified_date":false,"ai":null,"created":"2025-11-09 01:14:52","updated":"2025-11-09 01:14:52","seo_analyzer_scan_date":null,"focus_keyword":null,"additional_keywords":null,"truseo_locale":null},"aioseo_breadcrumb":"<div class=\"aioseo-breadcrumbs\"><span class=\"aioseo-breadcrumb\">\n\t\t\t<a href=\"https:\/\/ejornais.com.br\" title=\"In\u00edcio\">In\u00edcio<\/a>\n\t\t<\/span><span class=\"aioseo-breadcrumb-separator\">&raquo;<\/span><span class=\"aioseo-breadcrumb\">\n\t\t\t<a href=\"https:\/\/ejornais.com.br\/index.php\/category\/ejornais\/\" title=\"Cat\u00e1logo de Jornais\">Cat\u00e1logo de Jornais<\/a>\n\t\t<\/span><span class=\"aioseo-breadcrumb-separator\">&raquo;<\/span><span class=\"aioseo-breadcrumb\">\n\t\t\tVias do Centro ter\u00e3o altera\u00e7\u00f5es de tr\u00e2nsito para Circuito de Ciclismo Pedalar III, no domingo (09\/11) \u2013 Prefeitura da Cidade do Rio de Janeiro\n\t\t<\/span><\/div>","aioseo_breadcrumb_json":[{"label":"In\u00edcio","link":"https:\/\/ejornais.com.br"},{"label":"Cat\u00e1logo de Jornais","link":"https:\/\/ejornais.com.br\/index.php\/category\/ejornais\/"},{"label":"Vias do Centro ter\u00e3o altera\u00e7\u00f5es de tr\u00e2nsito para Circuito de Ciclismo Pedalar III, no domingo (09\/11) &#8211; Prefeitura da Cidade do Rio de Janeiro","link":"https:\/\/ejornais.com.br\/index.php\/2025\/11\/08\/vias-do-centro-terao-alteracoes-de-transito-para-circuito-de-ciclismo-pedalar-iii-no-domingo-09-11-prefeitura-da-cidade-do-rio-de-janeiro\/"}],"amp_enabled":true,"_links":{"self":[{"href":"https:\/\/ejornais.com.br\/index.php\/wp-json\/wp\/v2\/posts\/55440","targetHints":{"allow":["GET"]}}],"collection":[{"href":"https:\/\/ejornais.com.br\/index.php\/wp-json\/wp\/v2\/posts"}],"about":[{"href":"https:\/\/ejornais.com.br\/index.php\/wp-json\/wp\/v2\/types\/post"}],"author":[{"embeddable":true,"href":"https:\/\/ejornais.com.br\/index.php\/wp-json\/wp\/v2\/users\/2"}],"replies":[{"embeddable":true,"href":"https:\/\/ejornais.com.br\/index.php\/wp-json\/wp\/v2\/comments?post=55440"}],"version-history":[{"count":0,"href":"https:\/\/ejornais.com.br\/index.php\/wp-json\/wp\/v2\/posts\/55440\/revisions"}],"wp:attachment":[{"href":"https:\/\/ejornais.com.br\/index.php\/wp-json\/wp\/v2\/media?parent=55440"}],"wp:term":[{"taxonomy":"category","embeddable":true,"href":"https:\/\/ejornais.com.br\/index.php\/wp-json\/wp\/v2\/categories?post=55440"},{"taxonomy":"post_tag","embeddable":true,"href":"https:\/\/ejornais.com.br\/index.php\/wp-json\/wp\/v2\/tags?post=55440"}],"curies":[{"name":"wp","href":"https:\/\/api.w.org\/{rel}","templated":true}]}}