{"id":55474,"date":"2025-11-09T18:16:41","date_gmt":"2025-11-09T21:16:41","guid":{"rendered":"https:\/\/ejornais.com.br\/index.php\/2025\/11\/09\/padre-e-mais-2-pessoas-morrem-em-desabamento-em-salvador\/"},"modified":"2025-11-09T18:16:41","modified_gmt":"2025-11-09T21:16:41","slug":"padre-e-mais-2-pessoas-morrem-em-desabamento-em-salvador","status":"publish","type":"post","link":"https:\/\/ejornais.com.br\/index.php\/2025\/11\/09\/padre-e-mais-2-pessoas-morrem-em-desabamento-em-salvador\/","title":{"rendered":"Padre e mais 2\u00a0pessoas morrem em desabamento em Salvador"},"content":{"rendered":"<p> Por MRNews<br \/>\n<\/p>\n<div wp_automatic_readability=\"33.287410926366\">\n<p>O desabamento de parte de uma varanda em Salvador provocou a morte de tr\u00eas pessoas e deixou oito feridos, na noite de s\u00e1bado (8). O padre Carlos Augusto da Cruz Silva, de 45 anos, est\u00e1 entre os mortos.\u00a0Ele era vig\u00e1rio episcopal para o Servi\u00e7o da Caridade e atuava na Par\u00f3quia Santos Cosme e Dami\u00e3o, na capital baiana.<\/p>\n<p>Morreram tamb\u00e9m Darcy Anuncia\u00e7\u00e3o, de 70 anos, e Ana Maria dos Santos, de 50, que eram\u00a0fi\u00e9is da igreja do padre Carlos.\u00a0<\/p>\n<p>As causas do desabamento ser\u00e3o apuradas em conjunto pela Secretaria Municipal de Desenvolvimento e Urbanismo (Sedur), pela Defesa Civil de Salvador\u00a0e pela Pol\u00edcia Civil, que vai instaurar inqu\u00e9rito para investigar as responsabilidades. Os \u00f3rg\u00e3os v\u00e3o apurar se a constru\u00e7\u00e3o era irregular.<\/p>\n<p><strong><a href=\"https:\/\/mrnews.com.br\/index.php\/2025\/11\/09\/tema-da-redacao-do-enem-ajuda-a-debater-etarismo-dizem-professores\/\">Tema da reda\u00e7\u00e3o do Enem ajuda a debater etarismo, dizem professores\u00a0<\/a><\/strong><\/p>\n<p><strong><a href=\"https:\/\/mrnews.com.br\/index.php\/2025\/11\/09\/massacre-de-paraisopolis-foi-legitima-defesa-diz-unica-pm-a-depor\/\">Massacre de Parais\u00f3polis: \u201cfoi leg\u00edtima defesa\u201d, diz \u00fanica PM a depor<\/a><\/strong><\/p>\n<p>A Arquidiocese de Salvador se manifestou em notas sobre o que chamou de \u201ctrag\u00e9dia\u201d em rela\u00e7\u00e3o \u00e0s mortes do sacerdote e das outras duas v\u00edtimas. Segundo a arquidiocese, Carlos Augusto estava na casa de familiares quando a laje cedeu. A entidade religiosa afirma que ele\u00a0demonstrou aten\u00e7\u00e3o especial aos pobres.\u00a0<\/p>\n<\/div>\n","protected":false},"excerpt":{"rendered":"<p>Por MRNews O desabamento de parte de uma varanda em Salvador provocou a morte de tr\u00eas pessoas e deixou oito<\/p>\n","protected":false},"author":2,"featured_media":0,"comment_status":"","ping_status":"","sticky":false,"template":"","format":"standard","meta":{"colormag_page_container_layout":"default_layout","colormag_page_sidebar_layout":"default_layout","footnotes":""},"categories":[1],"tags":[],"class_list":["post-55474","post","type-post","status-publish","format-standard","hentry","category-ejornais"],"aioseo_notices":[],"amp_enabled":true,"_links":{"self":[{"href":"https:\/\/ejornais.com.br\/index.php\/wp-json\/wp\/v2\/posts\/55474","targetHints":{"allow":["GET"]}}],"collection":[{"href":"https:\/\/ejornais.com.br\/index.php\/wp-json\/wp\/v2\/posts"}],"about":[{"href":"https:\/\/ejornais.com.br\/index.php\/wp-json\/wp\/v2\/types\/post"}],"author":[{"embeddable":true,"href":"https:\/\/ejornais.com.br\/index.php\/wp-json\/wp\/v2\/users\/2"}],"replies":[{"embeddable":true,"href":"https:\/\/ejornais.com.br\/index.php\/wp-json\/wp\/v2\/comments?post=55474"}],"version-history":[{"count":0,"href":"https:\/\/ejornais.com.br\/index.php\/wp-json\/wp\/v2\/posts\/55474\/revisions"}],"wp:attachment":[{"href":"https:\/\/ejornais.com.br\/index.php\/wp-json\/wp\/v2\/media?parent=55474"}],"wp:term":[{"taxonomy":"category","embeddable":true,"href":"https:\/\/ejornais.com.br\/index.php\/wp-json\/wp\/v2\/categories?post=55474"},{"taxonomy":"post_tag","embeddable":true,"href":"https:\/\/ejornais.com.br\/index.php\/wp-json\/wp\/v2\/tags?post=55474"}],"curies":[{"name":"wp","href":"https:\/\/api.w.org\/{rel}","templated":true}]}}