{"id":55598,"date":"2025-11-11T20:56:39","date_gmt":"2025-11-11T23:56:39","guid":{"rendered":"https:\/\/ejornais.com.br\/index.php\/2025\/11\/11\/cresce-o-numero-de-vitimas-de-quedas-atendidas-no-hospital-geral-de-nova-iguacu\/"},"modified":"2025-11-11T20:56:39","modified_gmt":"2025-11-11T23:56:39","slug":"cresce-o-numero-de-vitimas-de-quedas-atendidas-no-hospital-geral-de-nova-iguacu","status":"publish","type":"post","link":"https:\/\/ejornais.com.br\/index.php\/2025\/11\/11\/cresce-o-numero-de-vitimas-de-quedas-atendidas-no-hospital-geral-de-nova-iguacu\/","title":{"rendered":"Cresce o n\u00famero de v\u00edtimas de quedas atendidas no Hospital Geral de Nova Igua\u00e7u"},"content":{"rendered":"<p><\/p>\n<div id=\"post_36112\">\n<header>\n<h2>Cresce o n\u00famero de v\u00edtimas de quedas atendidas no Hospital Geral de Nova Igua\u00e7u<\/h2>\n<h4>\n                <em><br \/>\n                    <time class=\"text-muted\" datetime=\"07-11-2025\">07 de novembro de 2025<\/time><br \/>\n                <\/em><br \/>\n            <\/h4>\n<\/header>\n<section>\n<p style=\"text-align: justify;\">O Hospital Geral de Nova Igua\u00e7u (HGNI) acendeu o sinal de alerta para o aumento de v\u00edtimas de queda de altura. Somente este ano, o Centro de Trauma da unidade j\u00e1 realizou 1.092 atendimentos, n\u00famero que supera todo o volume de 2023 (978) e se aproxima do total de 2024 (1.272). O crescimento, de 14% em rela\u00e7\u00e3o ao ano anterior, preocupa a equipe m\u00e9dica, que observa dois fatores principais para o aumento nas ocorr\u00eancias: acidentes de trabalho em lajes e telhados e quedas dom\u00e9sticas envolvendo idosos.<\/p>\n<p style=\"text-align: justify;\">O aumento chama tanto a aten\u00e7\u00e3o que as quedas de altura j\u00e1 aparecem como a terceira principal causa de atendimento no Centro de Trauma do HGNI em 2025, ficando atr\u00e1s apenas dos acidentes de moto e das colis\u00f5es. Para se ter uma ideia da gravidade, as quedas superam ocorr\u00eancias de v\u00edtimas atropeladas, baleadas ou feridas por arma branca, que historicamente est\u00e3o entre as mais registradas no hospital.<\/p>\n<p style=\"text-align: justify;\">No HGNI, os casos s\u00e3o divididos entre quedas de altura, de lajes, escadas e andaimes, e da pr\u00f3pria altura como trope\u00e7os e escorreg\u00f5es. O atendimento \u00e9 feito inicialmente por um cirurgi\u00e3o geral, que avalia a gravidade e encaminha o paciente para a especialidade adequada \u2014 ortopedia, neurocirurgia ou outras \u00e1reas. O tempo m\u00e9dio de interna\u00e7\u00e3o \u00e9 de dez dias, podendo variar conforme a idade do paciente e a gravidade da les\u00e3o. Entre as les\u00f5es mais comuns est\u00e3o as fraturas de f\u00eamur, bacia, calcanhar e at\u00e9 mesmo traumatismo cranioencef\u00e1lico.<\/p>\n<\/p>\n<p style=\"text-align: justify;\">\u201cMuitas vezes, uma queda acontece por algo simples, um descuido, um piso molhado, uma escada mal apoiada, mas as consequ\u00eancias podem acompanhar a pessoa pelo resto da vida. H\u00e1 pacientes que precisam mudar totalmente a rotina depois de uma fratura grave, enfrentando limita\u00e7\u00f5es e um longo processo de reabilita\u00e7\u00e3o. Por isso, \u00e9 importante refor\u00e7ar o cuidado e a aten\u00e7\u00e3o no dia a dia\u201d, alertou o diretor-geral do HGNI, Ulisses Melo.<\/p>\n<p style=\"text-align: justify;\">Entre os casos mais comuns est\u00e3o os acidentes de trabalhadores durante atividades em altura. Um deles \u00e9 Marcelo Andrade da Silva, de 57 anos, que caiu de cerca de tr\u00eas metros enquanto trabalhava. O impacto causou les\u00f5es na coluna e o deixou desacordado por alguns instantes.<\/p>\n<p style=\"text-align: justify;\">\u201cEu trabalho na correria de obra desde os 13 anos e se pudesse dar um conselho seria: um segundo vale uma vida, tenha sempre aten\u00e7\u00e3o aos detalhes. No meu caso, eu coloquei a escada de alum\u00ednio na parede rapidamente e n\u00e3o percebi que o p\u00e9 dela estava em falso. Quando cheguei no topo dela, ela cedeu e eu ca\u00ed\u201d, contou Marcelo.<\/p>\n<p style=\"text-align: justify;\">Incidentes envolvendo idosos durante as suas rotinas tamb\u00e9m s\u00e3o bem comuns. Agostinho Lopes Fernandes, de 73 anos, foi internado ap\u00f3s trope\u00e7ar no meio-fio ao ir at\u00e9 um carro de aplicativo quando sa\u00eda do trabalho. A queda resultou em uma fratura no f\u00eamur esquerdo.<\/p>\n<p style=\"text-align: justify;\">\u201cEu estava saindo do trabalho e tropecei na cal\u00e7ada. Ca\u00ed com tudo e n\u00e3o consegui mais levantar. J\u00e1 tenho um p\u00e9 amputado, ent\u00e3o qualquer desequil\u00edbrio pesa. Achei que fosse algo simples, mas acabei fraturando o f\u00eamur\u201d, concluiu Agostinho.<\/p>\n<\/p>\n<\/section><\/div>\n","protected":false},"excerpt":{"rendered":"<p>Cresce o n\u00famero de v\u00edtimas de quedas atendidas no Hospital Geral de Nova Igua\u00e7u 07 de novembro de 2025 O<\/p>\n","protected":false},"author":2,"featured_media":0,"comment_status":"","ping_status":"","sticky":false,"template":"","format":"standard","meta":{"colormag_page_container_layout":"default_layout","colormag_page_sidebar_layout":"default_layout","footnotes":""},"categories":[1],"tags":[],"class_list":["post-55598","post","type-post","status-publish","format-standard","hentry","category-ejornais"],"aioseo_notices":[],"amp_enabled":true,"_links":{"self":[{"href":"https:\/\/ejornais.com.br\/index.php\/wp-json\/wp\/v2\/posts\/55598","targetHints":{"allow":["GET"]}}],"collection":[{"href":"https:\/\/ejornais.com.br\/index.php\/wp-json\/wp\/v2\/posts"}],"about":[{"href":"https:\/\/ejornais.com.br\/index.php\/wp-json\/wp\/v2\/types\/post"}],"author":[{"embeddable":true,"href":"https:\/\/ejornais.com.br\/index.php\/wp-json\/wp\/v2\/users\/2"}],"replies":[{"embeddable":true,"href":"https:\/\/ejornais.com.br\/index.php\/wp-json\/wp\/v2\/comments?post=55598"}],"version-history":[{"count":0,"href":"https:\/\/ejornais.com.br\/index.php\/wp-json\/wp\/v2\/posts\/55598\/revisions"}],"wp:attachment":[{"href":"https:\/\/ejornais.com.br\/index.php\/wp-json\/wp\/v2\/media?parent=55598"}],"wp:term":[{"taxonomy":"category","embeddable":true,"href":"https:\/\/ejornais.com.br\/index.php\/wp-json\/wp\/v2\/categories?post=55598"},{"taxonomy":"post_tag","embeddable":true,"href":"https:\/\/ejornais.com.br\/index.php\/wp-json\/wp\/v2\/tags?post=55598"}],"curies":[{"name":"wp","href":"https:\/\/api.w.org\/{rel}","templated":true}]}}