{"id":55776,"date":"2025-11-14T17:33:06","date_gmt":"2025-11-14T20:33:06","guid":{"rendered":"https:\/\/ejornais.com.br\/index.php\/2025\/11\/14\/inscricoes-abertas-para-o-2o-forum-regional-pli-sp-2050-sorocaba-agencia-de-noticias\/"},"modified":"2025-11-14T17:33:06","modified_gmt":"2025-11-14T20:33:06","slug":"inscricoes-abertas-para-o-2o-forum-regional-pli-sp-2050-sorocaba-agencia-de-noticias","status":"publish","type":"post","link":"https:\/\/ejornais.com.br\/index.php\/2025\/11\/14\/inscricoes-abertas-para-o-2o-forum-regional-pli-sp-2050-sorocaba-agencia-de-noticias\/","title":{"rendered":"Inscri\u00e7\u00f5es abertas para o 2\u00ba F\u00f3rum Regional PLI-SP 2050 \u2013 Sorocaba \u2013 Ag\u00eancia de Not\u00edcias"},"content":{"rendered":"<p><\/p>\n<div wp_automatic_readability=\"31\">\n<div class=\"col\" wp_automatic_readability=\"7\">\n<p class=\"mt-0\">\n                        <strong><br \/>\n                            <span class=\"far fa-calendar mr-1 mt-2\"\/><br \/>\n                            14 de novembro de 2025<br \/>\n                            <span class=\"far fa-clock ml-3 mt-2\"\/><br \/>\n                            17:29<br \/>\n                        <\/strong>\n                    <\/p>\n<p class=\"mb-0\">Por: <strong>Ver\u00f4nica Ferreira<\/strong><\/p>\n<\/p><\/div>\n<\/p><\/div>\n<div wp_automatic_readability=\"91\">\n<p align=\"justify\">O Governo de S\u00e3o Paulo, por meio da Secretaria de Meio Ambiente, Infraestrutura e Log\u00edstica (Semil) e da Subsecretaria de Log\u00edstica e Transportes (SLT), com o apoio da Prefeitura de Sorocaba, promove, na pr\u00f3xima ter\u00e7a-feira (18), das 8h30 \u00e0s 12h30, no Ciesp Sorocaba, o 2\u00ba F\u00f3rum Regional do Plano de Log\u00edstica e Investimentos \u2013 PLI-SP 2050. As vagas s\u00e3o limitadas e as inscri\u00e7\u00f5es j\u00e1 podem ser feitas pelo link: https:\/\/pli.semil.sp.gov.br.<\/p>\n<p align=\"justify\">O f\u00f3rum regional ser\u00e1 um espa\u00e7o de encontro entre governo, setor privado, academia e sociedade civil, para debater desafios regionais e construir solu\u00e7\u00f5es que tornem S\u00e3o Paulo mais eficiente, competitivo e sustent\u00e1vel at\u00e9 2050.<\/p>\n<p align=\"justify\">O PLI-SP 2050 \u00e9 uma iniciativa estrat\u00e9gica para transformar o futuro da mobilidade e da infraestrutura log\u00edstica paulista. O plano foi lan\u00e7ado em 2023 e est\u00e1 em processo de desenvolvimento, com previs\u00e3o de conclus\u00e3o em 2026 e horizonte de planejamento at\u00e9 2050.<\/p>\n<p align=\"justify\">A partir de uma vis\u00e3o de longo prazo, o PLI tem como prop\u00f3sito orientar os investimentos p\u00fablicos e privados em infraestrutura de transporte e log\u00edstica, com foco na amplia\u00e7\u00e3o da intermodalidade entre rodovias, ferrovias, hidrovias, portos e aeroportos, visando fortalecer as conex\u00f5es entre as diferentes regi\u00f5es do estado, ampliar a efici\u00eancia log\u00edstica, reduzir custos e impulsionar o desenvolvimento econ\u00f4mico e social.<\/p>\n<p align=\"justify\">O plano se fundamenta em princ\u00edpios de sustentabilidade, inova\u00e7\u00e3o e participa\u00e7\u00e3o social, com o objetivo de construir uma rede de transportes mais eficiente, segura e conectada com as necessidades da popula\u00e7\u00e3o.<\/p>\n<p align=\"justify\">O Ciesp Sorocaba est\u00e1 localizado na Avenida Engenheiro Carlos Reinaldo Mendes, 3.260, no Alto da Boa Vista. Confira, abaixo, a programa\u00e7\u00e3o do evento:<\/p>\n<p align=\"justify\">8h30 \u2013 Credenciamento e Caf\u00e9<\/p>\n<p align=\"justify\">9h \u2013 Abertura<\/p>\n<p align=\"justify\">9h30 \u2013 Painel 1: Apresenta\u00e7\u00e3o do PLI-SP 2050<\/p>\n<p align=\"justify\">9h45 \u2013 Painel 2: O PLI-SP na Regi\u00e3o de Sorocaba<\/p>\n<p align=\"justify\">10h30 \u2013 Painel 3: Din\u00e2mica de Escuta e Participa\u00e7\u00e3o<\/p>\n<p align=\"justify\">12h30 \u2013 Encerramento<\/p>\n<div class=\"pms-galeria\" itemscope=\"\" itemtype=\"http:\/\/schema.org\/ImageGallery\">\n<p>\t\t<span itemprop=\"caption description\" style=\"display: none;\"\/><\/p><\/div>\n<p><!-- Root element of PhotoSwipe. Must have class pswp. --><\/p><\/div>\n","protected":false},"excerpt":{"rendered":"<p>14 de novembro de 2025 17:29 Por: Ver\u00f4nica Ferreira O Governo de S\u00e3o Paulo, por meio da Secretaria de Meio<\/p>\n","protected":false},"author":2,"featured_media":0,"comment_status":"","ping_status":"","sticky":false,"template":"","format":"standard","meta":{"colormag_page_container_layout":"default_layout","colormag_page_sidebar_layout":"default_layout","footnotes":""},"categories":[1],"tags":[],"class_list":["post-55776","post","type-post","status-publish","format-standard","hentry","category-ejornais"],"aioseo_notices":[],"aioseo_head":"\n\t\t<!-- All in One SEO 5.0.1.1 - aioseo.com -->\n\t<meta name=\"description\" content=\"14 de novembro de 2025 17:29 Por: Ver\u00f4nica Ferreira O Governo de S\u00e3o Paulo, por meio da Secretaria de Meio Ambiente, Infraestrutura e Log\u00edstica (Semil) e da Subsecretaria de Log\u00edstica e Transportes (SLT), com o apoio da Prefeitura de Sorocaba, promove, na pr\u00f3xima ter\u00e7a-feira (18), das 8h30 \u00e0s 12h30, no Ciesp Sorocaba, o 2\u00ba F\u00f3rum\" \/>\n\t<meta name=\"robots\" content=\"max-image-preview:large\" \/>\n\t<meta name=\"author\" content=\"admin1\"\/>\n\t<link rel=\"canonical\" href=\"https:\/\/ejornais.com.br\/index.php\/2025\/11\/14\/inscricoes-abertas-para-o-2o-forum-regional-pli-sp-2050-sorocaba-agencia-de-noticias\/\" \/>\n\t<meta name=\"generator\" content=\"All in One SEO (AIOSEO) 5.0.1.1\" \/>\n\t\t<meta property=\"og:locale\" content=\"pt_BR\" \/>\n\t\t<meta property=\"og:site_name\" content=\"eJornais - Cat\u00e1logo de Jornais no mundo, Not\u00edcias, Blog e Esportes ao vivo\" \/>\n\t\t<meta property=\"og:type\" content=\"article\" \/>\n\t\t<meta property=\"og:title\" content=\"Inscri\u00e7\u00f5es abertas para o 2\u00ba F\u00f3rum Regional PLI-SP 2050 \u2013 Sorocaba \u2013 Ag\u00eancia de Not\u00edcias - eJornais\" \/>\n\t\t<meta property=\"og:description\" content=\"14 de novembro de 2025 17:29 Por: Ver\u00f4nica Ferreira O Governo de S\u00e3o Paulo, por meio da Secretaria de Meio Ambiente, Infraestrutura e Log\u00edstica (Semil) e da Subsecretaria de Log\u00edstica e Transportes (SLT), com o apoio da Prefeitura de Sorocaba, promove, na pr\u00f3xima ter\u00e7a-feira (18), das 8h30 \u00e0s 12h30, no Ciesp Sorocaba, o 2\u00ba F\u00f3rum\" \/>\n\t\t<meta property=\"og:url\" content=\"https:\/\/ejornais.com.br\/index.php\/2025\/11\/14\/inscricoes-abertas-para-o-2o-forum-regional-pli-sp-2050-sorocaba-agencia-de-noticias\/\" \/>\n\t\t<meta property=\"article:published_time\" content=\"2025-11-14T20:33:06+00:00\" \/>\n\t\t<meta property=\"article:modified_time\" content=\"2025-11-14T20:33:06+00:00\" \/>\n\t\t<meta name=\"twitter:card\" content=\"summary_large_image\" \/>\n\t\t<meta name=\"twitter:title\" content=\"Inscri\u00e7\u00f5es abertas para o 2\u00ba F\u00f3rum Regional PLI-SP 2050 \u2013 Sorocaba \u2013 Ag\u00eancia de Not\u00edcias - eJornais\" \/>\n\t\t<meta name=\"twitter:description\" content=\"14 de novembro de 2025 17:29 Por: Ver\u00f4nica Ferreira O Governo de S\u00e3o Paulo, por meio da Secretaria de Meio Ambiente, Infraestrutura e Log\u00edstica (Semil) e da Subsecretaria de Log\u00edstica e Transportes (SLT), com o apoio da Prefeitura de Sorocaba, promove, na pr\u00f3xima ter\u00e7a-feira (18), das 8h30 \u00e0s 12h30, no Ciesp Sorocaba, o 2\u00ba F\u00f3rum\" \/>\n\t\t<script type=\"application\/ld+json\" class=\"aioseo-schema\">\n\t\t\t{\"@context\":\"https:\\\/\\\/schema.org\",\"@graph\":[{\"@type\":\"BlogPosting\",\"@id\":\"https:\\\/\\\/ejornais.com.br\\\/index.php\\\/2025\\\/11\\\/14\\\/inscricoes-abertas-para-o-2o-forum-regional-pli-sp-2050-sorocaba-agencia-de-noticias\\\/#blogposting\",\"name\":\"Inscri\\u00e7\\u00f5es abertas para o 2\\u00ba F\\u00f3rum Regional PLI-SP 2050 \\u2013 Sorocaba \\u2013 Ag\\u00eancia de Not\\u00edcias - eJornais\",\"headline\":\"Inscri\\u00e7\\u00f5es abertas para o 2\\u00ba F\\u00f3rum Regional PLI-SP 2050 \\u2013 Sorocaba \\u2013 Ag\\u00eancia de Not\\u00edcias\",\"author\":{\"@id\":\"https:\\\/\\\/ejornais.com.br\\\/index.php\\\/author\\\/admin1\\\/#author\"},\"publisher\":{\"@id\":\"https:\\\/\\\/ejornais.com.br\\\/#organization\"},\"datePublished\":\"2025-11-14T17:33:06-03:00\",\"dateModified\":\"2025-11-14T17:33:06-03:00\",\"inLanguage\":\"pt-BR\",\"mainEntityOfPage\":{\"@id\":\"https:\\\/\\\/ejornais.com.br\\\/index.php\\\/2025\\\/11\\\/14\\\/inscricoes-abertas-para-o-2o-forum-regional-pli-sp-2050-sorocaba-agencia-de-noticias\\\/#webpage\"},\"isPartOf\":{\"@id\":\"https:\\\/\\\/ejornais.com.br\\\/index.php\\\/2025\\\/11\\\/14\\\/inscricoes-abertas-para-o-2o-forum-regional-pli-sp-2050-sorocaba-agencia-de-noticias\\\/#webpage\"},\"articleSection\":\"Cat\\u00e1logo de Jornais\"},{\"@type\":\"BreadcrumbList\",\"@id\":\"https:\\\/\\\/ejornais.com.br\\\/index.php\\\/2025\\\/11\\\/14\\\/inscricoes-abertas-para-o-2o-forum-regional-pli-sp-2050-sorocaba-agencia-de-noticias\\\/#breadcrumblist\",\"itemListElement\":[{\"@type\":\"ListItem\",\"@id\":\"https:\\\/\\\/ejornais.com.br#listItem\",\"position\":1,\"name\":\"In\\u00edcio\",\"item\":\"https:\\\/\\\/ejornais.com.br\",\"nextItem\":{\"@type\":\"ListItem\",\"@id\":\"https:\\\/\\\/ejornais.com.br\\\/index.php\\\/category\\\/ejornais\\\/#listItem\",\"name\":\"Cat\\u00e1logo de Jornais\"}},{\"@type\":\"ListItem\",\"@id\":\"https:\\\/\\\/ejornais.com.br\\\/index.php\\\/category\\\/ejornais\\\/#listItem\",\"position\":2,\"name\":\"Cat\\u00e1logo de Jornais\",\"item\":\"https:\\\/\\\/ejornais.com.br\\\/index.php\\\/category\\\/ejornais\\\/\",\"nextItem\":{\"@type\":\"ListItem\",\"@id\":\"https:\\\/\\\/ejornais.com.br\\\/index.php\\\/2025\\\/11\\\/14\\\/inscricoes-abertas-para-o-2o-forum-regional-pli-sp-2050-sorocaba-agencia-de-noticias\\\/#listItem\",\"name\":\"Inscri\\u00e7\\u00f5es abertas para o 2\\u00ba F\\u00f3rum Regional PLI-SP 2050 \\u2013 Sorocaba \\u2013 Ag\\u00eancia de Not\\u00edcias\"},\"previousItem\":{\"@type\":\"ListItem\",\"@id\":\"https:\\\/\\\/ejornais.com.br#listItem\",\"name\":\"In\\u00edcio\"}},{\"@type\":\"ListItem\",\"@id\":\"https:\\\/\\\/ejornais.com.br\\\/index.php\\\/2025\\\/11\\\/14\\\/inscricoes-abertas-para-o-2o-forum-regional-pli-sp-2050-sorocaba-agencia-de-noticias\\\/#listItem\",\"position\":3,\"name\":\"Inscri\\u00e7\\u00f5es abertas para o 2\\u00ba F\\u00f3rum Regional PLI-SP 2050 \\u2013 Sorocaba \\u2013 Ag\\u00eancia de Not\\u00edcias\",\"previousItem\":{\"@type\":\"ListItem\",\"@id\":\"https:\\\/\\\/ejornais.com.br\\\/index.php\\\/category\\\/ejornais\\\/#listItem\",\"name\":\"Cat\\u00e1logo de Jornais\"}}]},{\"@type\":\"Organization\",\"@id\":\"https:\\\/\\\/ejornais.com.br\\\/#organization\",\"name\":\"eJornais\",\"description\":\"Cat\\u00e1logo de Jornais no mundo, Not\\u00edcias, Blog e Esportes ao vivo\",\"url\":\"https:\\\/\\\/ejornais.com.br\\\/\"},{\"@type\":\"Person\",\"@id\":\"https:\\\/\\\/ejornais.com.br\\\/index.php\\\/author\\\/admin1\\\/#author\",\"url\":\"https:\\\/\\\/ejornais.com.br\\\/index.php\\\/author\\\/admin1\\\/\",\"name\":\"admin1\",\"image\":{\"@type\":\"ImageObject\",\"@id\":\"https:\\\/\\\/ejornais.com.br\\\/index.php\\\/2025\\\/11\\\/14\\\/inscricoes-abertas-para-o-2o-forum-regional-pli-sp-2050-sorocaba-agencia-de-noticias\\\/#authorImage\",\"url\":\"https:\\\/\\\/secure.gravatar.com\\\/avatar\\\/04084e6d73c042b8646e7c17b494073bf0ede3ea13c7105cfc45cbbbc28385a4?s=96&d=mm&r=g\",\"width\":96,\"height\":96,\"caption\":\"admin1\"}},{\"@type\":\"WebPage\",\"@id\":\"https:\\\/\\\/ejornais.com.br\\\/index.php\\\/2025\\\/11\\\/14\\\/inscricoes-abertas-para-o-2o-forum-regional-pli-sp-2050-sorocaba-agencia-de-noticias\\\/#webpage\",\"url\":\"https:\\\/\\\/ejornais.com.br\\\/index.php\\\/2025\\\/11\\\/14\\\/inscricoes-abertas-para-o-2o-forum-regional-pli-sp-2050-sorocaba-agencia-de-noticias\\\/\",\"name\":\"Inscri\\u00e7\\u00f5es abertas para o 2\\u00ba F\\u00f3rum Regional PLI-SP 2050 \\u2013 Sorocaba \\u2013 Ag\\u00eancia de Not\\u00edcias - eJornais\",\"description\":\"14 de novembro de 2025 17:29 Por: Ver\\u00f4nica Ferreira O Governo de S\\u00e3o Paulo, por meio da Secretaria de Meio Ambiente, Infraestrutura e Log\\u00edstica (Semil) e da Subsecretaria de Log\\u00edstica e Transportes (SLT), com o apoio da Prefeitura de Sorocaba, promove, na pr\\u00f3xima ter\\u00e7a-feira (18), das 8h30 \\u00e0s 12h30, no Ciesp Sorocaba, o 2\\u00ba F\\u00f3rum\",\"inLanguage\":\"pt-BR\",\"isPartOf\":{\"@id\":\"https:\\\/\\\/ejornais.com.br\\\/#website\"},\"breadcrumb\":{\"@id\":\"https:\\\/\\\/ejornais.com.br\\\/index.php\\\/2025\\\/11\\\/14\\\/inscricoes-abertas-para-o-2o-forum-regional-pli-sp-2050-sorocaba-agencia-de-noticias\\\/#breadcrumblist\"},\"author\":{\"@id\":\"https:\\\/\\\/ejornais.com.br\\\/index.php\\\/author\\\/admin1\\\/#author\"},\"creator\":{\"@id\":\"https:\\\/\\\/ejornais.com.br\\\/index.php\\\/author\\\/admin1\\\/#author\"},\"datePublished\":\"2025-11-14T17:33:06-03:00\",\"dateModified\":\"2025-11-14T17:33:06-03:00\"},{\"@type\":\"WebSite\",\"@id\":\"https:\\\/\\\/ejornais.com.br\\\/#website\",\"url\":\"https:\\\/\\\/ejornais.com.br\\\/\",\"name\":\"eJornais\",\"description\":\"Cat\\u00e1logo de Jornais no mundo, Not\\u00edcias, Blog e Esportes ao vivo\",\"inLanguage\":\"pt-BR\",\"publisher\":{\"@id\":\"https:\\\/\\\/ejornais.com.br\\\/#organization\"}}]}\n\t\t<\/script>\n\t\t<!-- All in One SEO -->\n\n","aioseo_head_json":{"title":"Inscri\u00e7\u00f5es abertas para o 2\u00ba F\u00f3rum Regional PLI-SP 2050 \u2013 Sorocaba \u2013 Ag\u00eancia de Not\u00edcias - eJornais","description":"14 de novembro de 2025 17:29 Por: Ver\u00f4nica Ferreira O Governo de S\u00e3o Paulo, por meio da Secretaria de Meio Ambiente, Infraestrutura e Log\u00edstica (Semil) e da Subsecretaria de Log\u00edstica e Transportes (SLT), com o apoio da Prefeitura de Sorocaba, promove, na pr\u00f3xima ter\u00e7a-feira (18), das 8h30 \u00e0s 12h30, no Ciesp Sorocaba, o 2\u00ba F\u00f3rum","canonical_url":"https:\/\/ejornais.com.br\/index.php\/2025\/11\/14\/inscricoes-abertas-para-o-2o-forum-regional-pli-sp-2050-sorocaba-agencia-de-noticias\/","robots":"max-image-preview:large","keywords":"","webmasterTools":{"miscellaneous":""},"schema":{"@context":"https:\/\/schema.org","@graph":[{"@type":"BlogPosting","@id":"https:\/\/ejornais.com.br\/index.php\/2025\/11\/14\/inscricoes-abertas-para-o-2o-forum-regional-pli-sp-2050-sorocaba-agencia-de-noticias\/#blogposting","name":"Inscri\u00e7\u00f5es abertas para o 2\u00ba F\u00f3rum Regional PLI-SP 2050 \u2013 Sorocaba \u2013 Ag\u00eancia de Not\u00edcias - eJornais","headline":"Inscri\u00e7\u00f5es abertas para o 2\u00ba F\u00f3rum Regional PLI-SP 2050 \u2013 Sorocaba \u2013 Ag\u00eancia de Not\u00edcias","author":{"@id":"https:\/\/ejornais.com.br\/index.php\/author\/admin1\/#author"},"publisher":{"@id":"https:\/\/ejornais.com.br\/#organization"},"datePublished":"2025-11-14T17:33:06-03:00","dateModified":"2025-11-14T17:33:06-03:00","inLanguage":"pt-BR","mainEntityOfPage":{"@id":"https:\/\/ejornais.com.br\/index.php\/2025\/11\/14\/inscricoes-abertas-para-o-2o-forum-regional-pli-sp-2050-sorocaba-agencia-de-noticias\/#webpage"},"isPartOf":{"@id":"https:\/\/ejornais.com.br\/index.php\/2025\/11\/14\/inscricoes-abertas-para-o-2o-forum-regional-pli-sp-2050-sorocaba-agencia-de-noticias\/#webpage"},"articleSection":"Cat\u00e1logo de Jornais"},{"@type":"BreadcrumbList","@id":"https:\/\/ejornais.com.br\/index.php\/2025\/11\/14\/inscricoes-abertas-para-o-2o-forum-regional-pli-sp-2050-sorocaba-agencia-de-noticias\/#breadcrumblist","itemListElement":[{"@type":"ListItem","@id":"https:\/\/ejornais.com.br#listItem","position":1,"name":"In\u00edcio","item":"https:\/\/ejornais.com.br","nextItem":{"@type":"ListItem","@id":"https:\/\/ejornais.com.br\/index.php\/category\/ejornais\/#listItem","name":"Cat\u00e1logo de Jornais"}},{"@type":"ListItem","@id":"https:\/\/ejornais.com.br\/index.php\/category\/ejornais\/#listItem","position":2,"name":"Cat\u00e1logo de Jornais","item":"https:\/\/ejornais.com.br\/index.php\/category\/ejornais\/","nextItem":{"@type":"ListItem","@id":"https:\/\/ejornais.com.br\/index.php\/2025\/11\/14\/inscricoes-abertas-para-o-2o-forum-regional-pli-sp-2050-sorocaba-agencia-de-noticias\/#listItem","name":"Inscri\u00e7\u00f5es abertas para o 2\u00ba F\u00f3rum Regional PLI-SP 2050 \u2013 Sorocaba \u2013 Ag\u00eancia de Not\u00edcias"},"previousItem":{"@type":"ListItem","@id":"https:\/\/ejornais.com.br#listItem","name":"In\u00edcio"}},{"@type":"ListItem","@id":"https:\/\/ejornais.com.br\/index.php\/2025\/11\/14\/inscricoes-abertas-para-o-2o-forum-regional-pli-sp-2050-sorocaba-agencia-de-noticias\/#listItem","position":3,"name":"Inscri\u00e7\u00f5es abertas para o 2\u00ba F\u00f3rum Regional PLI-SP 2050 \u2013 Sorocaba \u2013 Ag\u00eancia de Not\u00edcias","previousItem":{"@type":"ListItem","@id":"https:\/\/ejornais.com.br\/index.php\/category\/ejornais\/#listItem","name":"Cat\u00e1logo de Jornais"}}]},{"@type":"Organization","@id":"https:\/\/ejornais.com.br\/#organization","name":"eJornais","description":"Cat\u00e1logo de Jornais no mundo, Not\u00edcias, Blog e Esportes ao vivo","url":"https:\/\/ejornais.com.br\/"},{"@type":"Person","@id":"https:\/\/ejornais.com.br\/index.php\/author\/admin1\/#author","url":"https:\/\/ejornais.com.br\/index.php\/author\/admin1\/","name":"admin1","image":{"@type":"ImageObject","@id":"https:\/\/ejornais.com.br\/index.php\/2025\/11\/14\/inscricoes-abertas-para-o-2o-forum-regional-pli-sp-2050-sorocaba-agencia-de-noticias\/#authorImage","url":"https:\/\/secure.gravatar.com\/avatar\/04084e6d73c042b8646e7c17b494073bf0ede3ea13c7105cfc45cbbbc28385a4?s=96&d=mm&r=g","width":96,"height":96,"caption":"admin1"}},{"@type":"WebPage","@id":"https:\/\/ejornais.com.br\/index.php\/2025\/11\/14\/inscricoes-abertas-para-o-2o-forum-regional-pli-sp-2050-sorocaba-agencia-de-noticias\/#webpage","url":"https:\/\/ejornais.com.br\/index.php\/2025\/11\/14\/inscricoes-abertas-para-o-2o-forum-regional-pli-sp-2050-sorocaba-agencia-de-noticias\/","name":"Inscri\u00e7\u00f5es abertas para o 2\u00ba F\u00f3rum Regional PLI-SP 2050 \u2013 Sorocaba \u2013 Ag\u00eancia de Not\u00edcias - eJornais","description":"14 de novembro de 2025 17:29 Por: Ver\u00f4nica Ferreira O Governo de S\u00e3o Paulo, por meio da Secretaria de Meio Ambiente, Infraestrutura e Log\u00edstica (Semil) e da Subsecretaria de Log\u00edstica e Transportes (SLT), com o apoio da Prefeitura de Sorocaba, promove, na pr\u00f3xima ter\u00e7a-feira (18), das 8h30 \u00e0s 12h30, no Ciesp Sorocaba, o 2\u00ba F\u00f3rum","inLanguage":"pt-BR","isPartOf":{"@id":"https:\/\/ejornais.com.br\/#website"},"breadcrumb":{"@id":"https:\/\/ejornais.com.br\/index.php\/2025\/11\/14\/inscricoes-abertas-para-o-2o-forum-regional-pli-sp-2050-sorocaba-agencia-de-noticias\/#breadcrumblist"},"author":{"@id":"https:\/\/ejornais.com.br\/index.php\/author\/admin1\/#author"},"creator":{"@id":"https:\/\/ejornais.com.br\/index.php\/author\/admin1\/#author"},"datePublished":"2025-11-14T17:33:06-03:00","dateModified":"2025-11-14T17:33:06-03:00"},{"@type":"WebSite","@id":"https:\/\/ejornais.com.br\/#website","url":"https:\/\/ejornais.com.br\/","name":"eJornais","description":"Cat\u00e1logo de Jornais no mundo, Not\u00edcias, Blog e Esportes ao vivo","inLanguage":"pt-BR","publisher":{"@id":"https:\/\/ejornais.com.br\/#organization"}}]},"og:locale":"pt_BR","og:site_name":"eJornais - Cat\u00e1logo de Jornais no mundo, Not\u00edcias, Blog e Esportes ao vivo","og:type":"article","og:title":"Inscri\u00e7\u00f5es abertas para o 2\u00ba F\u00f3rum Regional PLI-SP 2050 \u2013 Sorocaba \u2013 Ag\u00eancia de Not\u00edcias - eJornais","og:description":"14 de novembro de 2025 17:29 Por: Ver\u00f4nica Ferreira O Governo de S\u00e3o Paulo, por meio da Secretaria de Meio Ambiente, Infraestrutura e Log\u00edstica (Semil) e da Subsecretaria de Log\u00edstica e Transportes (SLT), com o apoio da Prefeitura de Sorocaba, promove, na pr\u00f3xima ter\u00e7a-feira (18), das 8h30 \u00e0s 12h30, no Ciesp Sorocaba, o 2\u00ba F\u00f3rum","og:url":"https:\/\/ejornais.com.br\/index.php\/2025\/11\/14\/inscricoes-abertas-para-o-2o-forum-regional-pli-sp-2050-sorocaba-agencia-de-noticias\/","article:published_time":"2025-11-14T20:33:06+00:00","article:modified_time":"2025-11-14T20:33:06+00:00","twitter:card":"summary_large_image","twitter:title":"Inscri\u00e7\u00f5es abertas para o 2\u00ba F\u00f3rum Regional PLI-SP 2050 \u2013 Sorocaba \u2013 Ag\u00eancia de Not\u00edcias - eJornais","twitter:description":"14 de novembro de 2025 17:29 Por: Ver\u00f4nica Ferreira O Governo de S\u00e3o Paulo, por meio da Secretaria de Meio Ambiente, Infraestrutura e Log\u00edstica (Semil) e da Subsecretaria de Log\u00edstica e Transportes (SLT), com o apoio da Prefeitura de Sorocaba, promove, na pr\u00f3xima ter\u00e7a-feira (18), das 8h30 \u00e0s 12h30, no Ciesp Sorocaba, o 2\u00ba F\u00f3rum"},"aioseo_meta_data":{"post_id":"55776","title":null,"description":null,"keywords":null,"keyphrases":null,"primary_term":null,"canonical_url":null,"og_title":null,"og_description":null,"og_object_type":"default","og_image_type":"default","og_image_url":null,"og_image_width":null,"og_image_height":null,"og_image_custom_url":null,"og_image_custom_fields":null,"og_video":null,"og_custom_url":null,"og_article_section":null,"og_article_tags":null,"twitter_use_og":false,"twitter_card":"default","twitter_image_type":"default","twitter_image_url":null,"twitter_image_custom_url":null,"twitter_image_custom_fields":null,"twitter_title":null,"twitter_description":null,"schema":{"blockGraphs":[],"customGraphs":[],"default":{"data":{"Article":[],"Course":[],"Dataset":[],"FAQPage":[],"Movie":[],"Person":[],"Product":[],"ProductReview":[],"Car":[],"Recipe":[],"Service":[],"SoftwareApplication":[],"WebPage":[]},"graphName":"","isEnabled":true},"graphs":[]},"schema_type":"default","schema_type_options":null,"pillar_content":false,"robots_default":true,"robots_noindex":false,"robots_noarchive":false,"robots_nosnippet":false,"robots_nofollow":false,"robots_noimageindex":false,"robots_noodp":false,"robots_notranslate":false,"robots_max_snippet":null,"robots_max_videopreview":null,"robots_max_imagepreview":"large","priority":null,"frequency":null,"local_seo":null,"breadcrumb_settings":null,"limit_modified_date":false,"ai":null,"created":"2025-11-14 20:33:42","updated":"2025-11-14 20:33:42","seo_analyzer_scan_date":null,"focus_keyword":null,"additional_keywords":null,"truseo_locale":null},"aioseo_breadcrumb":"<div class=\"aioseo-breadcrumbs\"><span class=\"aioseo-breadcrumb\">\n\t\t\t<a href=\"https:\/\/ejornais.com.br\" title=\"In\u00edcio\">In\u00edcio<\/a>\n\t\t<\/span><span class=\"aioseo-breadcrumb-separator\">&raquo;<\/span><span class=\"aioseo-breadcrumb\">\n\t\t\t<a href=\"https:\/\/ejornais.com.br\/index.php\/category\/ejornais\/\" title=\"Cat\u00e1logo de Jornais\">Cat\u00e1logo de Jornais<\/a>\n\t\t<\/span><span class=\"aioseo-breadcrumb-separator\">&raquo;<\/span><span class=\"aioseo-breadcrumb\">\n\t\t\tInscri\u00e7\u00f5es abertas para o 2\u00ba F\u00f3rum Regional PLI-SP 2050 \u2013 Sorocaba \u2013 Ag\u00eancia de Not\u00edcias\n\t\t<\/span><\/div>","aioseo_breadcrumb_json":[{"label":"In\u00edcio","link":"https:\/\/ejornais.com.br"},{"label":"Cat\u00e1logo de Jornais","link":"https:\/\/ejornais.com.br\/index.php\/category\/ejornais\/"},{"label":"Inscri\u00e7\u00f5es abertas para o 2\u00ba F\u00f3rum Regional PLI-SP 2050 \u2013 Sorocaba \u2013 Ag\u00eancia de Not\u00edcias","link":"https:\/\/ejornais.com.br\/index.php\/2025\/11\/14\/inscricoes-abertas-para-o-2o-forum-regional-pli-sp-2050-sorocaba-agencia-de-noticias\/"}],"amp_enabled":true,"_links":{"self":[{"href":"https:\/\/ejornais.com.br\/index.php\/wp-json\/wp\/v2\/posts\/55776","targetHints":{"allow":["GET"]}}],"collection":[{"href":"https:\/\/ejornais.com.br\/index.php\/wp-json\/wp\/v2\/posts"}],"about":[{"href":"https:\/\/ejornais.com.br\/index.php\/wp-json\/wp\/v2\/types\/post"}],"author":[{"embeddable":true,"href":"https:\/\/ejornais.com.br\/index.php\/wp-json\/wp\/v2\/users\/2"}],"replies":[{"embeddable":true,"href":"https:\/\/ejornais.com.br\/index.php\/wp-json\/wp\/v2\/comments?post=55776"}],"version-history":[{"count":0,"href":"https:\/\/ejornais.com.br\/index.php\/wp-json\/wp\/v2\/posts\/55776\/revisions"}],"wp:attachment":[{"href":"https:\/\/ejornais.com.br\/index.php\/wp-json\/wp\/v2\/media?parent=55776"}],"wp:term":[{"taxonomy":"category","embeddable":true,"href":"https:\/\/ejornais.com.br\/index.php\/wp-json\/wp\/v2\/categories?post=55776"},{"taxonomy":"post_tag","embeddable":true,"href":"https:\/\/ejornais.com.br\/index.php\/wp-json\/wp\/v2\/tags?post=55776"}],"curies":[{"name":"wp","href":"https:\/\/api.w.org\/{rel}","templated":true}]}}