{"id":55844,"date":"2025-11-16T05:14:43","date_gmt":"2025-11-16T08:14:43","guid":{"rendered":"https:\/\/ejornais.com.br\/index.php\/2025\/11\/16\/e-m-duljara-fernandes-de-oliveira-realiza-a-sua-primeira-semana-da-matematica-voltada-ao-aprendizado-da-disciplina-agencia-de-noticias\/"},"modified":"2025-11-16T05:14:43","modified_gmt":"2025-11-16T08:14:43","slug":"e-m-duljara-fernandes-de-oliveira-realiza-a-sua-primeira-semana-da-matematica-voltada-ao-aprendizado-da-disciplina-agencia-de-noticias","status":"publish","type":"post","link":"https:\/\/ejornais.com.br\/index.php\/2025\/11\/16\/e-m-duljara-fernandes-de-oliveira-realiza-a-sua-primeira-semana-da-matematica-voltada-ao-aprendizado-da-disciplina-agencia-de-noticias\/","title":{"rendered":"E.M. \u201cDuljara Fernandes de Oliveira\u201d realiza a sua Primeira Semana da Matem\u00e1tica voltada ao aprendizado da disciplina \u2013 Ag\u00eancia de Not\u00edcias"},"content":{"rendered":"<p><\/p>\n<div wp_automatic_readability=\"31\">\n<div class=\"col\" wp_automatic_readability=\"7\">\n<p class=\"mt-0\">\n                        <strong><br \/>\n                            <span class=\"far fa-calendar mr-1 mt-2\"\/><br \/>\n                            14 de novembro de 2025<br \/>\n                            <span class=\"far fa-clock ml-3 mt-2\"\/><br \/>\n                            18:05<br \/>\n                        <\/strong>\n                    <\/p>\n<p class=\"mb-0\">Por: <strong>Rose Campos<\/strong><\/p>\n<\/p><\/div>\n<\/p><\/div>\n<div wp_automatic_readability=\"151\">\n<p align=\"justify\">\n<p align=\"justify\"><em>Fotos: Divulga\u00e7\u00e3o\/Sedu<\/em><\/p>\n<p align=\"justify\"><span style=\"font-family: Arial, sans-serif;\"><span style=\"font-size: medium;\">A E.M. \u201cDuljara Fernandes de Oliveira\u201d se transformou em um verdadeiro laborat\u00f3rio de ideias, descobertas e experi\u00eancias! Foi a realiza\u00e7\u00e3o da Primeira Semana da Matem\u00e1tica, um evento de sucesso, que reuniu alunos, professores e fam\u00edlias em torno do conhecimento e da divers\u00e3o. Na abertura do evento, foram entregues as medalhas aos alunos participantes e campe\u00f5es da primeira fase das Olimp\u00edadas Brasileiras de Matem\u00e1tica das Escolas P\u00fablicas (OBMEP), um momento de grande orgulho para toda a comunidade escolar. Durante a semana, os estudantes participaram de oficinas, jogos, desafios e experi\u00eancias interativas que uniram matem\u00e1tica, tecnologia e criatividade, mostrando que aprender pode \u2014 e deve \u2014 ser divertido! As atividades inclu\u00edram rob\u00f3tica, metaverso, hologramas, lan\u00e7amento de foguetes, xadrez, \u201ccup song\u201d matem\u00e1tico e muito mais. Nos \u00faltimos dois dias de evento aconteceu a competi\u00e7\u00e3o da Jornada da Matem\u00e1tica, envolvendo as turmas dos 4\u00ba e 5\u00ba anos. O evento foi aberto \u00e0 comunidade e \u00e0s fam\u00edlias, que puderam acompanhar de perto o talento, o racioc\u00ednio e o entusiasmo dos alunos.<\/span><\/span><\/p>\n<p align=\"justify\"><span style=\"font-family: Arial, sans-serif;\"><span style=\"font-size: medium;\">Assim, a Semana da Matem\u00e1tica, realizada pela unidade escolar celebrou a soma dos esfor\u00e7os de professores, estudantes e parceiros, que se multiplicam e transformam o aprendizado em possibilidades. Em todos os ambientes e projetos voltados ao ensino da disciplina, os n\u00fameros se juntam, se conectam e se transformam em aprendizado real para os alunos. <\/span><\/span><\/p>\n<p align=\"justify\"><span style=\"font-family: Arial, sans-serif;\"><span style=\"font-size: medium;\">A Jornada da Matem\u00e1tica, por exemplo, \u00e9 um dos projetos mais apreciados dessa escola e foi criada justamente para mostrar que aprender Matem\u00e1tica pode ser algo prazeroso, divertido e repleto de significado. Durante todo o ano, alunos dos 4\u00ba e 5\u00ba anos participam de desafios, gincanas e atividades pr\u00e1ticas, que unem racioc\u00ednio l\u00f3gico, colabora\u00e7\u00e3o e criatividade. Esta foi a 4\u00aa edi\u00e7\u00e3o da Jornada, que cresce e se torna mais envolvente a cada ano, integrando outros projetos da escola, como a Sala Metaverso, onde os alunos aprendem a disciplina utilizando realidade virtual, e o Espa\u00e7o Maker, onde todo o aprendizado \u00e9 transformado em experi\u00eancias concretas.<\/span><\/span><\/p>\n<p align=\"justify\">\u201c<span style=\"font-family: Arial, sans-serif;\"><span style=\"font-size: medium;\">E agora, durante a Semana da Matem\u00e1tica deste ano, nas etapas finais da Jornada, foram realizadas oficinas, palestras e apresenta\u00e7\u00f5es, proporcionando momentos muito especiais aos participantes e unindo alunos, professores e toda a comunidade escolar em torno do aprendizado. A atividade nos permite mostrar que a escola acredita no potencial de cada aluno e \u00e9 quando o aprendizado realmente acontece\u201d, disse o diretor da E.M. \u201cDuljara Fernandes de Oliveira\u201d, Alex dos Santos.<\/span><\/span><\/p>\n<p align=\"justify\">\u201c<span style=\"font-family: Arial, sans-serif;\"><span style=\"font-size: medium;\">Ver nossos alunos se envolvendo com desafios, explorando novas formas de aprender e descobrindo que a Matem\u00e1tica est\u00e1 presente em tudo \u00e9 motivo de grande orgulho. Esse projeto mostra a for\u00e7a do trabalho conjunto entre professores, estudantes e fam\u00edlias, transformando o conhecimento em uma verdadeira jornada de descobertas. Parab\u00e9ns a toda a equipe da escola Duljara Fernandes de Oliveira e especialmente ao diretor Alex, pela excel\u00eancia do trabalho realizado e por essa iniciativa t\u00e3o rica para a nossa rede municipal\u201d, disse o secret\u00e1rio da Educa\u00e7\u00e3o, Fernando Marques.<\/span><\/span><\/p>\n<p align=\"justify\">\u201c<span style=\"font-family: Arial, sans-serif;\"><span style=\"font-size: medium;\">Projetos como esse fazem com que o aluno tenha um objetivo na hora de estudar; ele vai pensar em ser campe\u00e3o, mas na verdade ele constr\u00f3i sua pr\u00f3pria vit\u00f3ria no momento em que tem a iniciativa e a vontade de estudar, desde a tabuada at\u00e9 a situa\u00e7\u00e3o problema. A turma do 4\u00ba F, que foi uma das participantes, vai para o quinto ano com uma vis\u00e3o diferente do que eles tinham anteriormente! Agora sabem, na pr\u00e1tica, que \u00e9 preciso sempre melhorar e que vale muito a pena estudar!\u201d, destaca a professora Carla Lopes.<\/span><\/span><\/p>\n<p align=\"justify\"><span style=\"font-family: Arial, sans-serif;\"><span style=\"font-size: medium;\">Tamb\u00e9m os alunos conseguem vislumbrar a import\u00e2ncia desse tipo de iniciativa, como afirma o estudante do 4\u00ba ano F, Jo\u00e3o Francisco de Oliveira Ferraz. \u201cEu aprendi, com a Jornada da Matem\u00e1tica, sobre o trabalho em equipe e que nem sempre a gente ganha. Se a gente perde, \u00e9 s\u00f3 treinar mais para o ano que vem. Inclusive, eu treinei muito para ganhar essa medalha e, no ano que vem, vou treinar de novo para tentar outra vez.\u201d<\/span><\/span><\/p>\n<p align=\"justify\">\u201c<span style=\"font-family: Arial, sans-serif;\"><span style=\"font-size: medium;\">Participar como jurada da Jornada da Matem\u00e1tica foi uma alegria! As crian\u00e7as dos 4\u00ba e 5\u00ba anos mostraram um brilho nos olhos e uma vontade enorme de aprender. \u00c9 motivador ver como a Matem\u00e1tica pode despertar tanta curiosidade e entusiasmo\u201d, afirmou a gestora de Desenvolvimento Educacional Fl\u00e1via Arruda Costa.<\/span><\/span><\/p>\n<p align=\"justify\"><span style=\"font-family: Arial, sans-serif;\"><span style=\"font-size: medium;\">A viv\u00eancia da Semana da Matem\u00e1tica se mostrou uma oportunidade muito positiva para todos os envolvidos, conforme acrescentou tamb\u00e9m a gestora de Desenvolvimento Educacional Patr\u00edcia Justo. \u201cParticipar da fase final da Semana de Matem\u00e1tica, nesses dois dias da Jornada da Matem\u00e1tica, foi uma experi\u00eancia muito gratificante! Foi um momento de grande aprendizado e entusiasmo para os estudantes dos 4\u00ba e 5\u00ba anos. \u00c9 inspirador observar o comprometimento da equipe escolar e o apoio das fam\u00edlias, fatores essenciais para o sucesso dessa iniciativa, al\u00e9m de um verdadeiro incentivo para as crian\u00e7as, que aprendem de forma divertida. Parab\u00e9ns a toda a equipe pela bela demonstra\u00e7\u00e3o de parceria entre escola e comunidade, em prol da educa\u00e7\u00e3o!\u201d, ela concluiu.<\/span><\/span><\/p>\n<p><!-- Root element of PhotoSwipe. Must have class pswp. --><\/p>\n<\/div>\n","protected":false},"excerpt":{"rendered":"<p>14 de novembro de 2025 18:05 Por: Rose Campos Fotos: Divulga\u00e7\u00e3o\/Sedu A E.M. \u201cDuljara Fernandes de Oliveira\u201d se transformou em<\/p>\n","protected":false},"author":2,"featured_media":0,"comment_status":"","ping_status":"","sticky":false,"template":"","format":"standard","meta":{"colormag_page_container_layout":"default_layout","colormag_page_sidebar_layout":"default_layout","footnotes":""},"categories":[1],"tags":[],"class_list":["post-55844","post","type-post","status-publish","format-standard","hentry","category-ejornais"],"aioseo_notices":[],"amp_enabled":true,"_links":{"self":[{"href":"https:\/\/ejornais.com.br\/index.php\/wp-json\/wp\/v2\/posts\/55844","targetHints":{"allow":["GET"]}}],"collection":[{"href":"https:\/\/ejornais.com.br\/index.php\/wp-json\/wp\/v2\/posts"}],"about":[{"href":"https:\/\/ejornais.com.br\/index.php\/wp-json\/wp\/v2\/types\/post"}],"author":[{"embeddable":true,"href":"https:\/\/ejornais.com.br\/index.php\/wp-json\/wp\/v2\/users\/2"}],"replies":[{"embeddable":true,"href":"https:\/\/ejornais.com.br\/index.php\/wp-json\/wp\/v2\/comments?post=55844"}],"version-history":[{"count":0,"href":"https:\/\/ejornais.com.br\/index.php\/wp-json\/wp\/v2\/posts\/55844\/revisions"}],"wp:attachment":[{"href":"https:\/\/ejornais.com.br\/index.php\/wp-json\/wp\/v2\/media?parent=55844"}],"wp:term":[{"taxonomy":"category","embeddable":true,"href":"https:\/\/ejornais.com.br\/index.php\/wp-json\/wp\/v2\/categories?post=55844"},{"taxonomy":"post_tag","embeddable":true,"href":"https:\/\/ejornais.com.br\/index.php\/wp-json\/wp\/v2\/tags?post=55844"}],"curies":[{"name":"wp","href":"https:\/\/api.w.org\/{rel}","templated":true}]}}