{"id":55931,"date":"2025-11-18T00:38:40","date_gmt":"2025-11-18T03:38:40","guid":{"rendered":"https:\/\/ejornais.com.br\/index.php\/2025\/11\/18\/prefeitura-adere-ao-plano-juventude-negra-viva-do-governo-federal-prefeitura-da-cidade-do-rio-de-janeiro\/"},"modified":"2025-11-18T00:38:40","modified_gmt":"2025-11-18T03:38:40","slug":"prefeitura-adere-ao-plano-juventude-negra-viva-do-governo-federal-prefeitura-da-cidade-do-rio-de-janeiro","status":"publish","type":"post","link":"https:\/\/ejornais.com.br\/index.php\/2025\/11\/18\/prefeitura-adere-ao-plano-juventude-negra-viva-do-governo-federal-prefeitura-da-cidade-do-rio-de-janeiro\/","title":{"rendered":"Prefeitura adere ao Plano Juventude Negra Viva do Governo Federal &#8211; Prefeitura da Cidade do Rio de Janeiro"},"content":{"rendered":"<p><\/p>\n<div id=\"main\">\n<div class=\"wrapper-breadcrumbs\" wp_automatic_readability=\"62.722384046605\">\n<div class=\"image-post\" wp_automatic_readability=\"32\">\n                     A sede da Prefeitura do Rio &#8211; Marcelo Piu \/ Prefeitura do Rio                  <\/div>\n<p>A Prefeitura do Rio aderiu, nesta segunda-feira (17\/11), ao Plano Juventude Negra Viva, do Governo Federal. O PJNV tra\u00e7a uma proposta de a\u00e7\u00f5es concretas de acesso pleno \u00e0 educa\u00e7\u00e3o, sa\u00fade, cultura, trabalho e renda pelas juventudes negras em situa\u00e7\u00e3o de vulnerabilidade. A cerim\u00f4nia no Pal\u00e1cio da Cidade, em Botafogo, contou com as presen\u00e7as da ministra da Igualdade Racial, Anielle Franco; do secret\u00e1rio nacional de juventude, Ronald Sorriso, representando o secret\u00e1rio-geral da Presid\u00eancia da Rep\u00fablica, Guilherme Boulos; do secret\u00e1rio de Direitos Humanos e Igualdade Racial, Edson Santos; e da secret\u00e1ria especial da Juventude Carioca, Gabriella Rodrigues.<\/p>\n<p>O plano tem por finalidade a redu\u00e7\u00e3o da viol\u00eancia letal e das vulnerabilidades sociais contra a juventude negra e o enfrentamento ao racismo estrutural. Institu\u00eddo por meio do Decreto n\u00ba 11.444, de 21 de mar\u00e7o de 2023, o plano possui 11 eixos de atua\u00e7\u00e3o e conta com 217 a\u00e7\u00f5es pactuadas com 18 Minist\u00e9rios. Ele foi elaborado em conjunto com movimentos de jovens negros a partir de Caravanas Participativas que percorreram todos os estados brasileiros ouvindo dos pr\u00f3prios jovens negros as propostas de solu\u00e7\u00e3o para as demandas e vulnerabilidades que os afetam.<\/p>\n<blockquote wp_automatic_readability=\"13\">\n<p>\u2013 A ades\u00e3o do Rio ao Juventude Negra Viva reflete nosso compromisso com uma sociedade menos desigual. Em todas as nossas a\u00e7\u00f5es como gestores p\u00fablicos refor\u00e7amos esta miss\u00e3o buscando mecanismos para gerar mais oportunidades e mais inclus\u00e3o, especialmente para os mais jovens que, com acesso \u00e0 educa\u00e7\u00e3o, \u00e0 forma\u00e7\u00e3o profissional, \u00e0 sa\u00fade e \u00e0 cultura podem ser e se reconhecer como cidad\u00e3os respeitados e que respeitam a cidade onde vivem. O Juventude Negra Viva \u00e9 um caminho fundamental para incrementarmos as a\u00e7\u00f5es da Prefeitura neste campo \u2013 comentou o secret\u00e1rio de Direitos Humanos e Igualdade Racial, Edson Santos.<\/p>\n<\/blockquote>\n<p>A Secretaria da Juventude Carioca \u00e9 respons\u00e1vel pela formula\u00e7\u00e3o, implementa\u00e7\u00e3o, acompanhamento, avalia\u00e7\u00e3o e controle social das pol\u00edticas p\u00fablicas no munic\u00edpio do Rio. Desde que foi criada, em 2021, a JUV j\u00e1 beneficiou mais de 400 mil jovens cariocas promovendo o protagonismo juvenil por meio de exitosos projetos como o Pacto pela Juventude, os Espa\u00e7os da Juventude e as Casas da Juventude.<\/p>\n<blockquote wp_automatic_readability=\"11\">\n<p>\u2013 A ades\u00e3o ao plano \u00e9 um passo essencial para que o Rio de Janeiro avance no enfrentamento das desigualdades sociais e econ\u00f4micas que marcam a hist\u00f3ria do nosso pa\u00eds. Os jovens negros ainda s\u00e3o os mais vulner\u00e1veis \u00e0s diversas problem\u00e1ticas de uma grande cidade, e \u00e9 justamente por isso que iniciativas como essa s\u00e3o fundamentais: elas colocam esses jovens no centro das pol\u00edticas p\u00fablicas, garantindo protagonismo e construindo um novo paradigma de inclus\u00e3o e oportunidade \u2013 destacou a secret\u00e1ria da Juventude Carioca, Gabriella Rodrigues.<\/p>\n<\/blockquote>\n<p>O plano conta com um diagn\u00f3stico minucioso das vulnerabilidades que afetam a juventude negra em todo o Brasil e solu\u00e7\u00f5es propostas em diversas \u00e1reas como seguran\u00e7a p\u00fablica, acesso \u00e0 justi\u00e7a, educa\u00e7\u00e3o, cultura, gera\u00e7\u00e3o de renda e oportunidade de trabalho. De acordo com o plano, os principais problemas levantados apareceram nos eixos tem\u00e1ticos de (1) seguran\u00e7a p\u00fablica e acesso \u00e0 justi\u00e7a, (2) sa\u00fade e educa\u00e7\u00e3o (3) e fortalecimento da democracia empatados em terceiro lugar. Por sua vez, nas solu\u00e7\u00f5es, os eixos em destaque s\u00e3o (1) seguran\u00e7a p\u00fablica e acesso \u00e0 justi\u00e7a, (2) educa\u00e7\u00e3o e (3) trabalho, emprego e renda. Esses resultados apontam para a centralidade das \u00e1reas de seguran\u00e7a p\u00fablica e educa\u00e7\u00e3o na vida da juventude negra, aparecendo, ambas, como foco de problemas e como foco de onde deveriam partir as a\u00e7\u00f5es de enfrentamento ao problema.<\/p>\n<p>             <!-- Compartilhe ---><\/p>\n<p>\t\t\t <!-- TAGS --><\/p>\n<section class=\"category-tags\">\n<div class=\"marcacao-category\">\n<article class=\"category-post\">\n<p>Categoria: <\/p>\n<\/article>\n<li>17 de novembro de 2025<\/li><\/div>\n<article class=\"tags\">\n\t\t\t\t\tMarca\u00e7\u00f5es: cerim\u00f4nia Igualdade Racial juventudes negras Plano Juventude Negra Viva Prefeitura do Rio<br \/><\/article>\n<\/section>\n<p>            <!-- Mais Not&iacute;cias --><\/p>\n<p>\t\t<!-- Conte&uacute;do SIDEBAR --><\/p><\/div>\n<\/p><\/div>\n","protected":false},"excerpt":{"rendered":"<p>A sede da Prefeitura do Rio &#8211; Marcelo Piu \/ Prefeitura do Rio A Prefeitura do Rio aderiu, nesta segunda-feira<\/p>\n","protected":false},"author":2,"featured_media":0,"comment_status":"","ping_status":"","sticky":false,"template":"","format":"standard","meta":{"colormag_page_container_layout":"default_layout","colormag_page_sidebar_layout":"default_layout","footnotes":""},"categories":[1],"tags":[],"class_list":["post-55931","post","type-post","status-publish","format-standard","hentry","category-ejornais"],"aioseo_notices":[],"amp_enabled":true,"_links":{"self":[{"href":"https:\/\/ejornais.com.br\/index.php\/wp-json\/wp\/v2\/posts\/55931","targetHints":{"allow":["GET"]}}],"collection":[{"href":"https:\/\/ejornais.com.br\/index.php\/wp-json\/wp\/v2\/posts"}],"about":[{"href":"https:\/\/ejornais.com.br\/index.php\/wp-json\/wp\/v2\/types\/post"}],"author":[{"embeddable":true,"href":"https:\/\/ejornais.com.br\/index.php\/wp-json\/wp\/v2\/users\/2"}],"replies":[{"embeddable":true,"href":"https:\/\/ejornais.com.br\/index.php\/wp-json\/wp\/v2\/comments?post=55931"}],"version-history":[{"count":0,"href":"https:\/\/ejornais.com.br\/index.php\/wp-json\/wp\/v2\/posts\/55931\/revisions"}],"wp:attachment":[{"href":"https:\/\/ejornais.com.br\/index.php\/wp-json\/wp\/v2\/media?parent=55931"}],"wp:term":[{"taxonomy":"category","embeddable":true,"href":"https:\/\/ejornais.com.br\/index.php\/wp-json\/wp\/v2\/categories?post=55931"},{"taxonomy":"post_tag","embeddable":true,"href":"https:\/\/ejornais.com.br\/index.php\/wp-json\/wp\/v2\/tags?post=55931"}],"curies":[{"name":"wp","href":"https:\/\/api.w.org\/{rel}","templated":true}]}}