{"id":55972,"date":"2025-11-18T15:39:46","date_gmt":"2025-11-18T18:39:46","guid":{"rendered":"https:\/\/ejornais.com.br\/index.php\/2025\/11\/18\/pf-nao-ve-conexao-de-faccoes-brasileiras-com-terrorismo-internacional\/"},"modified":"2025-11-18T15:39:46","modified_gmt":"2025-11-18T18:39:46","slug":"pf-nao-ve-conexao-de-faccoes-brasileiras-com-terrorismo-internacional","status":"publish","type":"post","link":"https:\/\/ejornais.com.br\/index.php\/2025\/11\/18\/pf-nao-ve-conexao-de-faccoes-brasileiras-com-terrorismo-internacional\/","title":{"rendered":"PF n\u00e3o v\u00ea conex\u00e3o de fac\u00e7\u00f5es brasileiras com terrorismo internacional"},"content":{"rendered":"<p> Por MRNews<br \/>\n<\/p>\n<div wp_automatic_readability=\"97.154963680387\">\n<p>O diretor-geral da Pol\u00edcia Federal (PF), Andrei Rodrigues, afirmou nesta ter\u00e7a-feira (18) que as investiga\u00e7\u00f5es da PF n\u00e3o confirmam uma conex\u00e3o entre as fac\u00e7\u00f5es brasileiras e grupos considerados terroristas por alguns pa\u00edses.<\/p>\n<blockquote wp_automatic_readability=\"17\">\n<p>\u201cN\u00e3o tenho conhecimento de que tenha havido alguma rela\u00e7\u00e3o. N\u00e3o basta, eventualmente, algu\u00e9m falar, citar, para que a gente afirme categoricamente que h\u00e1 conex\u00e3o entre esses dois fen\u00f4menos, seja terrorismo ou crime organizado. Ent\u00e3o, nas investiga\u00e7\u00f5es, de maneira concreta, eu n\u00e3o vejo esse cen\u00e1rio\u201d, explicou Andrei.<\/p>\n<\/blockquote>\n<p>O chefe da PF respondeu a um questionamento do senador Hamilton Mour\u00e3o (Republicanos-RS), durante sess\u00e3o da comiss\u00e3o parlamentar de inqu\u00e9rito (CPI) do Senado que investiga a atua\u00e7\u00e3o do crime organizado no pa\u00eds.<\/p>\n<p><strong><a href=\"https:\/\/mrnews.com.br\/index.php\/2025\/11\/18\/mais-de-2-mil-drones-irregulares-sao-identificados-na-cop30\/\">Mais de 2 mil drones irregulares s\u00e3o identificados na COP30<\/a><\/strong><\/p>\n<p><strong><a href=\"https:\/\/mrnews.com.br\/index.php\/2025\/11\/18\/revisao-do-ibge-mata-atlantica-perde-1-de-area-e-cerrado-ganha-18\/\">Revis\u00e3o do IBGE: Mata Atl\u00e2ntica perde 1% de \u00e1rea e Cerrado ganha 1,8%<\/a><\/strong><\/p>\n<p>Mour\u00e3o justificou a pergunta citando a suposta presen\u00e7a de grupos considerados terroristas na regi\u00e3o da Tr\u00edplice Fronteira entre Brasil, Paraguai e Argentina. \u00a0<\/p>\n<p>\u201cH\u00e1 muito tempo, se trabalha e se discute, naquela regi\u00e3o da Tr\u00edplice Fronteira, ali, no Paran\u00e1, a presen\u00e7a de organiza\u00e7\u00f5es terroristas, que eu n\u00e3o vou citar o nome, internacionais\u201d, disse o vice-presidente da CPI do Senado.<\/p>\n<p>Acompanhe a cobertura completa da EBC na COP30\u00a0<\/p>\n<p><strong>O diretor-geral da PF complementou que, quando as investiga\u00e7\u00f5es s\u00e3o aprofundadas, elas mostram que esse cen\u00e1rio de coopera\u00e7\u00e3o entre fac\u00e7\u00f5es brasileiras e grupos internacionais considerados terroristas \u201cn\u00e3o se confirma\u201d.<\/strong><\/p>\n<p><strong><a href=\"https:\/\/mrnews.com.br\/index.php\/2025\/11\/18\/cnu-governo-autoriza-nomeacao-de-mais-303-aprovados-para-vagas-extras\/\">CNU: governo autoriza nomea\u00e7\u00e3o de mais 303 aprovados para vagas extras<\/a><\/strong><\/p>\n<p><strong><a href=\"https:\/\/mrnews.com.br\/index.php\/2025\/11\/18\/haddad-avalia-como-robusto-processo-do-bc-sobre-o-banco-master\/\">Haddad avalia como robusto processo do BC sobre o Banco Master<\/a><\/strong><\/p>\n<p>\u201c[Isso] \u00e9, muitas vezes, usado at\u00e9 como fator de press\u00e3o geopol\u00edtica, na qual n\u00f3s n\u00e3o vamos entrar\u201d, completou Andrei Rodrigues.<\/p>\n<p><strong>Especialistas em rela\u00e7\u00f5es internacionais t\u00eam alertado que o \u201ccombate ao terrorismo\u201d, ou um suposto \u201cnarcoterrorismo\u201d, tem sido uma estrat\u00e9gia usada pelos EUA para interferir nos assuntos internos de pa\u00edses ao redor do mundo<\/strong>, e que poderia tamb\u00e9m atingir o Brasil.\u00a0<\/p>\n<h2>Tr\u00edplice fronteira<\/h2>\n<p>Em maio deste ano, o governo dos Estados Unidos (EUA) ofereceu U$$ 10 milh\u00f5es por informa\u00e7\u00f5es que levem \u00e0 interrup\u00e7\u00e3o de mecanismos financeiros do Hezbollah na Tr\u00edplice Fronteira entre Brasil, Argentina e Paraguai.<\/p>\n<p>Ainda segundo o Departamento de Estado dos EUA, o Hezbollah atua na regi\u00e3o por meio de tr\u00e1fico de drogas, contrabando e outros crimes. \u00a0<\/p>\n<p>Em agosto deste ano, o ministro do interior do Paraguai, Enrique Riera, informou \u00e0\u00a0rede de TV CNN que o pa\u00eds abrigar\u00e1 um escrit\u00f3rio do FBI, ag\u00eancia de investiga\u00e7\u00e3o dos EUA, para o combate ao Heznollah na regi\u00e3o.<\/p>\n<p>O Paraguai tem rela\u00e7\u00f5es pr\u00f3ximas com os governos dos EUA, de Donald Trump, e de Israel, de Benjamin Netanyahu.<\/p>\n<p>Apesar de n\u00e3o ser classificado como terrorista pelas Na\u00e7\u00f5es Unidas (ONU), a organiza\u00e7\u00e3o pol\u00edtico-militar do L\u00edbano \u00e9 considerada terrorista por Washington e outros aliados, como Reino Unido, Israel e Alemanha.<\/p>\n<p>Criado em 1982 para resistir \u00e0 invas\u00e3o do L\u00edbano por Israel, o Hezbollah \u00e9 hoje tamb\u00e9m um partido pol\u00edtico que participa dos governos no pa\u00eds do Oriente M\u00e9dio.<\/p>\n<\/div>\n","protected":false},"excerpt":{"rendered":"<p>Por MRNews O diretor-geral da Pol\u00edcia Federal (PF), Andrei Rodrigues, afirmou nesta ter\u00e7a-feira (18) que as investiga\u00e7\u00f5es da PF n\u00e3o<\/p>\n","protected":false},"author":2,"featured_media":0,"comment_status":"","ping_status":"","sticky":false,"template":"","format":"standard","meta":{"colormag_page_container_layout":"default_layout","colormag_page_sidebar_layout":"default_layout","footnotes":""},"categories":[1],"tags":[],"class_list":["post-55972","post","type-post","status-publish","format-standard","hentry","category-ejornais"],"aioseo_notices":[],"amp_enabled":true,"_links":{"self":[{"href":"https:\/\/ejornais.com.br\/index.php\/wp-json\/wp\/v2\/posts\/55972","targetHints":{"allow":["GET"]}}],"collection":[{"href":"https:\/\/ejornais.com.br\/index.php\/wp-json\/wp\/v2\/posts"}],"about":[{"href":"https:\/\/ejornais.com.br\/index.php\/wp-json\/wp\/v2\/types\/post"}],"author":[{"embeddable":true,"href":"https:\/\/ejornais.com.br\/index.php\/wp-json\/wp\/v2\/users\/2"}],"replies":[{"embeddable":true,"href":"https:\/\/ejornais.com.br\/index.php\/wp-json\/wp\/v2\/comments?post=55972"}],"version-history":[{"count":0,"href":"https:\/\/ejornais.com.br\/index.php\/wp-json\/wp\/v2\/posts\/55972\/revisions"}],"wp:attachment":[{"href":"https:\/\/ejornais.com.br\/index.php\/wp-json\/wp\/v2\/media?parent=55972"}],"wp:term":[{"taxonomy":"category","embeddable":true,"href":"https:\/\/ejornais.com.br\/index.php\/wp-json\/wp\/v2\/categories?post=55972"},{"taxonomy":"post_tag","embeddable":true,"href":"https:\/\/ejornais.com.br\/index.php\/wp-json\/wp\/v2\/tags?post=55972"}],"curies":[{"name":"wp","href":"https:\/\/api.w.org\/{rel}","templated":true}]}}