{"id":55983,"date":"2025-11-18T18:49:45","date_gmt":"2025-11-18T21:49:45","guid":{"rendered":"https:\/\/ejornais.com.br\/index.php\/2025\/11\/18\/tarde-de-pintura-cabelo-maluco-e-atracao-gratuita-na-biblioteca-infantil-municipal-no-dia-26-de-novembro-agencia-de-noticias\/"},"modified":"2025-11-18T18:49:45","modified_gmt":"2025-11-18T21:49:45","slug":"tarde-de-pintura-cabelo-maluco-e-atracao-gratuita-na-biblioteca-infantil-municipal-no-dia-26-de-novembro-agencia-de-noticias","status":"publish","type":"post","link":"https:\/\/ejornais.com.br\/index.php\/2025\/11\/18\/tarde-de-pintura-cabelo-maluco-e-atracao-gratuita-na-biblioteca-infantil-municipal-no-dia-26-de-novembro-agencia-de-noticias\/","title":{"rendered":"Tarde de Pintura \u201cCabelo Maluco\u201d \u00e9 atra\u00e7\u00e3o gratuita na Biblioteca Infantil Municipal no dia 26 de novembro \u2013 Ag\u00eancia de Not\u00edcias"},"content":{"rendered":"<p><\/p>\n<div>\n<div class=\"col\">\n<p class=\"mt-0\">\n                        <strong><br \/>\n                            <span class=\"far fa-calendar mr-1 mt-2\"\/><br \/>\n                            18 de novembro de 2025<br \/>\n                            <span class=\"far fa-clock ml-3 mt-2\"\/><br \/>\n                            16:39<br \/>\n                        <\/strong>\n                    <\/p>\n<p class=\"mb-0\">Por: <strong>Evelyn Azevedo<\/strong><\/p>\n<\/p><\/div>\n<\/p><\/div>\n<div>\n<p>No dia 26 de novembro, \u00e0s 14h30, crian\u00e7as a partir de 4 anos poder\u00e3o participar da Tarde de Pintura \u201cCabelo Maluco\u201d, na Biblioteca Infantil Municipal \u201cRenato S\u00eaneca de S\u00e1 Fleury\u201d, localizada no Centro da cidade.<\/p>\n<p>Promovida pela Prefeitura de Sorocaba, por meio da Secretaria de Cultura (Secult), a programa\u00e7\u00e3o tem como intuito aproximar, ainda mais, a popula\u00e7\u00e3o desse equipamento cultural, que possui um rico acervo, bem como incentivar o acesso \u00e0 leitura, com propostas art\u00edsticas e l\u00fadicas.<\/p>\n<p>Neste dia, as crian\u00e7as s\u00e3o convidadas a comparecerem com um cabelo maluco, livres para colorir e explorar o lado art\u00edstico. A oficina tem como objetivo incentivar a express\u00e3o individual, a socializa\u00e7\u00e3o e a criatividade.<\/p>\n<p>A atividade \u00e9 aberta, sem necessidade de inscri\u00e7\u00e3o pr\u00e9via. A Biblioteca Infantil Municipal \u201cRenato S\u00eaneca de S\u00e1 Fleury\u201d fica na Rua da Penha, 673, no Centro. Mais informa\u00e7\u00f5es podem ser obtidas de segunda a sexta-feira, das 8h \u00e0s 17h, pelo telefone: (15) 3231-5723.<\/p>\n<\/p><\/div>\n","protected":false},"excerpt":{"rendered":"<p>18 de novembro de 2025 16:39 Por: Evelyn Azevedo No dia 26 de novembro, \u00e0s 14h30, crian\u00e7as a partir de<\/p>\n","protected":false},"author":2,"featured_media":0,"comment_status":"","ping_status":"","sticky":false,"template":"","format":"standard","meta":{"colormag_page_container_layout":"default_layout","colormag_page_sidebar_layout":"default_layout","footnotes":""},"categories":[1],"tags":[],"class_list":["post-55983","post","type-post","status-publish","format-standard","hentry","category-ejornais"],"aioseo_notices":[],"amp_enabled":true,"_links":{"self":[{"href":"https:\/\/ejornais.com.br\/index.php\/wp-json\/wp\/v2\/posts\/55983","targetHints":{"allow":["GET"]}}],"collection":[{"href":"https:\/\/ejornais.com.br\/index.php\/wp-json\/wp\/v2\/posts"}],"about":[{"href":"https:\/\/ejornais.com.br\/index.php\/wp-json\/wp\/v2\/types\/post"}],"author":[{"embeddable":true,"href":"https:\/\/ejornais.com.br\/index.php\/wp-json\/wp\/v2\/users\/2"}],"replies":[{"embeddable":true,"href":"https:\/\/ejornais.com.br\/index.php\/wp-json\/wp\/v2\/comments?post=55983"}],"version-history":[{"count":0,"href":"https:\/\/ejornais.com.br\/index.php\/wp-json\/wp\/v2\/posts\/55983\/revisions"}],"wp:attachment":[{"href":"https:\/\/ejornais.com.br\/index.php\/wp-json\/wp\/v2\/media?parent=55983"}],"wp:term":[{"taxonomy":"category","embeddable":true,"href":"https:\/\/ejornais.com.br\/index.php\/wp-json\/wp\/v2\/categories?post=55983"},{"taxonomy":"post_tag","embeddable":true,"href":"https:\/\/ejornais.com.br\/index.php\/wp-json\/wp\/v2\/tags?post=55983"}],"curies":[{"name":"wp","href":"https:\/\/api.w.org\/{rel}","templated":true}]}}