{"id":56007,"date":"2025-11-19T03:55:42","date_gmt":"2025-11-19T06:55:42","guid":{"rendered":"https:\/\/ejornais.com.br\/index.php\/2025\/11\/19\/neabi-recebe-premiacao-do-conselho-regional-de-biblioteconomia-ifsp\/"},"modified":"2025-11-19T03:55:42","modified_gmt":"2025-11-19T06:55:42","slug":"neabi-recebe-premiacao-do-conselho-regional-de-biblioteconomia-ifsp","status":"publish","type":"post","link":"https:\/\/ejornais.com.br\/index.php\/2025\/11\/19\/neabi-recebe-premiacao-do-conselho-regional-de-biblioteconomia-ifsp\/","title":{"rendered":"Neabi recebe premia\u00e7\u00e3o do Conselho Regional de Biblioteconomia &#8211; IFSP"},"content":{"rendered":"<p><\/p>\n<div>\n<div class=\"subtitle\">\n<p><span style=\"font-weight: 400;\">O pr\u00eamio \u00e9 um reconhecimento de a\u00e7\u00f5es voltadas para o desenvolvimento de cole\u00e7\u00f5es antirracistas nas bibliotecas do IFSP<\/span><\/p>\n<\/div>\n<p><!-- fim .content-header-options-1 --><\/p>\n<p><span style=\"font-weight: 400;\">Na \u00faltima sexta-feira (14\/11), em uma cerim\u00f4nia solene no Centro Universit\u00e1rio Assump\u00e7\u00e3o, no Audit\u00f3rio Maria Rosa M\u00edstica, o Neabi (N\u00facleo de Estudos Afro-Brasileiros e Ind\u00edgenas) do IFSP recebeu pr\u00eamio\u00a0concedido pelo Conselho Regional de Biblioteconomia (CRB-8), na categoria Empresa Amiga, que teve como tema <\/span><i><span style=\"font-weight: 400;\">\u201cBibliotecas Universit\u00e1rias que inspiram, educam e transformam\u201d<\/span><\/i><span style=\"font-weight: 400;\">. Esse pr\u00eamio representa a valoriza\u00e7\u00e3o e o reconhecimento dos esfor\u00e7os do n\u00facleo desde 2016 com o diagn\u00f3stico e a proposi\u00e7\u00e3o de a\u00e7\u00f5es voltadas para o desenvolvimento de cole\u00e7\u00f5es antirracistas nas bibliotecas do IFSP.\u00a0<\/span><\/p>\n<p><span style=\"font-weight: 400;\">A <\/span><span style=\"font-weight: 400;\">proposta<\/span><span style=\"font-weight: 400;\"> foi submetida pelas bibliotec\u00e1rias-documentalistas Fernanda Ferreira da Silva, do Campus Suzano, e Tatiane Helena Borges de Salles, do Campus Campinas, ambas integrantes do Neabi. Nela, foram apresentadas as a\u00e7\u00f5es desenvolvidas desde o diagn\u00f3stico, a indica\u00e7\u00e3o de t\u00edtulos sugeridos pelo n\u00facleo at\u00e9 a aquisi\u00e7\u00e3o de t\u00edtulos via <\/span><span style=\"font-weight: 400;\">projeto do Ceert<\/span><span style=\"font-weight: 400;\">\u00a0e da <\/span><span style=\"font-weight: 400;\">Pr\u00f3-Reitoria de Ensino<\/span><span style=\"font-weight: 400;\">. Para al\u00e9m disso, o n\u00facleo promoveu forma\u00e7\u00f5es aos bibliotec\u00e1rios visando \u00e0s possibilidades de uso dos materiais e da continuidade e autonomia na sele\u00e7\u00e3o dos materiais a serem adquiridos para que essa a\u00e7\u00e3o se torne sist\u00eamica na institui\u00e7\u00e3o.<\/span><\/p>\n<p><span style=\"font-weight: 400;\">O reconhecimento do conselho de biblioteconomia se deu, dentre outras formas, pelo uso dos materiais dispon\u00edveis em projetos sist\u00eamicos, como o projeto <\/span><span style=\"font-weight: 400;\">Clube de Leitura Ubuntu<\/span><span style=\"font-weight: 400;\">, do Campus Mat\u00e3o, coordenado pela professora Valqu\u00edria Ten\u00f3rio, integrante do Neabi, e pelo projeto de extens\u00e3o, como \u201cAquilombamento intelectual nas escolas: \u00e9 tudo pra ontem\u201d, coordenado pela bibliotec\u00e1ria-documentalista, Tatiane Salles, com o uso da \u201cCole\u00e7\u00e3o Feminismos Plurais\u201d , al\u00e9m do projeto <\/span><span style=\"font-weight: 400;\">\u201cAfrocientistas: Feito por m\u00e3os negras: trabalho, ci\u00eancia e arte\u201d<\/span><span style=\"font-weight: 400;\">, focado no uso de obras para subsidiar os estudos dos estudantes. <\/span><\/p>\n<p><span style=\"font-weight: 400;\">Al\u00e9m disso, as a\u00e7\u00f5es fomentam projetos de inicia\u00e7\u00e3o cient\u00edfica, como o do professor Christian Fernando dos Santos Moura, Campus Itaquaquecetuba. Ele \u00e9 membro do Neabi, intitulado \u201cIFSP Afirmativo Leitura: desenvolvimento de conte\u00fado de literatura voltado \u00e0s pol\u00edticas de a\u00e7\u00f5es afirmativas para a promo\u00e7\u00e3o da igualdade de g\u00eanero e ra\u00e7a no Instituto Federal de S\u00e3o Paulo. Os resultados foram divulgados no trabalho submetido no Conict \u201c<\/span><span style=\"font-weight: 400;\">Onde se encontram as escritas de Carolina e Concei\u00e7\u00e3o: investigando os empr\u00e9stimos nos acervos bibliogr\u00e1ficos do IFSP<\/span><span style=\"font-weight: 400;\">\u201d. Al\u00e9m disso, os t\u00edtulos dispon\u00edveis s\u00e3o amplamente divulgados na a\u00e7\u00e3o sist\u00eamica do n\u00facleo intitulada \u201cA\u00e7\u00e3o de Acolhimento \u2014 Neabi\u201d, promovida pelo n\u00facleo, que j\u00e1 alcan\u00e7ou, desde 2023, mais de 10.000 estudantes da rede que colabora para o letramento informacional e racial dos discentes. Conta-se ainda com a divulga\u00e7\u00e3o desses materiais nas forma\u00e7\u00f5es continuadas, ministradas pelos membros do Neabi, e\u00a0com o uso das obras em suas disciplinas.<\/span><\/p>\n<p><span style=\"font-weight: 400;\">Na ocasi\u00e3o, ainda houve a premia\u00e7\u00e3o da disserta\u00e7\u00e3o da Tatiane Helena Borges de Salles, intitulada <\/span><span style=\"font-weight: 400;\">\u201cAs contribui\u00e7\u00f5es do Neabi\u00a0(N\u00facleo de Estudos Afro-Brasileiros e Ind\u00edgenas) para o aquilombamento bibliogr\u00e1fico nas bibliotecas do IFSP: reflex\u00f5es conceituais\u201d<\/span><span style=\"font-weight: 400;\">, defendida este ano na UFSCar (Universidade Federal de S\u00e3o Carlos) sob orienta\u00e7\u00e3o da professora Luciana de Souza Gracioso, a qual descreve o percurso do n\u00facleo para o fortalecimento e o enegrecimento do acervo das bibliotecas do IFSP por meio das a\u00e7\u00f5es do Neabi-IFSP e dos bibliotec\u00e1rios na constru\u00e7\u00e3o de um acervo antirracista.<\/span><\/p>\n<p><span style=\"font-weight: 400;\">Para a Fernanda, receber esse pr\u00eamio \u00e9, antes de tudo, um reconhecimento coletivo. &#8220;Ele simboliza o trabalho de muitas m\u00e3os que, desde 2016, v\u00eam construindo uma pol\u00edtica consistente de fortalecimento da tem\u00e1tica \u00e9tnico-racial e ind\u00edgena nos acervos do IFSP&#8221;. Segundo ela, enquanto bibliotec\u00e1ria e integrante do Neabi,\u00a0o pr\u00eamio representa mais do que uma conquista institucional; ele refor\u00e7a o compromisso \u00e9tico e pol\u00edtico de nossas bibliotecas com a promo\u00e7\u00e3o da diversidade, o combate ao racismo e o enfrentamento ao epistemic\u00eddio que historicamente silencia produ\u00e7\u00f5es de autoria negra e ind\u00edgena. &#8220;Que esse reconhecimento impulsione o fortalecimento de nossas cole\u00e7\u00f5es, ampliando o acesso e garantindo que nossos acervos reflitam a pluralidade dos sujeitos que constroem o IFSP&#8221;, celebra.<\/span><\/p>\n<p><span style=\"font-weight: 400;\">A parceria entre bibliotec\u00e1rios e Neabi tem se mostrado prof\u00edcua, principalmente nas a\u00e7\u00f5es de mecanismo de busca para recupera\u00e7\u00e3o dos materiais do acervo e na produ\u00e7\u00e3o de relat\u00f3rios via<i>\u00a0Pergamum,<\/i>\u00a0que permite evidenciar o crescimento nos acervos relacionado \u00e0 tem\u00e1tica \u00e9tnico-racial nas bibliotecas, assim como identificar o uso desses materiais nos planos de ensino dos cursos. Ademais, a divulga\u00e7\u00e3o destes materiais e as a\u00e7\u00f5es culturais no decorrer do ano pelos profissionais foram fundamentais para o alcance desse resultado.<\/span><\/p>\n<\/div>\n<p><script async src=\"\/\/www.instagram.com\/embed.js\"><\/script><\/p>\n","protected":false},"excerpt":{"rendered":"<p>O pr\u00eamio \u00e9 um reconhecimento de a\u00e7\u00f5es voltadas para o desenvolvimento de cole\u00e7\u00f5es antirracistas nas bibliotecas do IFSP Na \u00faltima<\/p>\n","protected":false},"author":2,"featured_media":0,"comment_status":"","ping_status":"","sticky":false,"template":"","format":"standard","meta":{"colormag_page_container_layout":"default_layout","colormag_page_sidebar_layout":"default_layout","footnotes":""},"categories":[1],"tags":[],"class_list":["post-56007","post","type-post","status-publish","format-standard","hentry","category-ejornais"],"aioseo_notices":[],"amp_enabled":true,"_links":{"self":[{"href":"https:\/\/ejornais.com.br\/index.php\/wp-json\/wp\/v2\/posts\/56007","targetHints":{"allow":["GET"]}}],"collection":[{"href":"https:\/\/ejornais.com.br\/index.php\/wp-json\/wp\/v2\/posts"}],"about":[{"href":"https:\/\/ejornais.com.br\/index.php\/wp-json\/wp\/v2\/types\/post"}],"author":[{"embeddable":true,"href":"https:\/\/ejornais.com.br\/index.php\/wp-json\/wp\/v2\/users\/2"}],"replies":[{"embeddable":true,"href":"https:\/\/ejornais.com.br\/index.php\/wp-json\/wp\/v2\/comments?post=56007"}],"version-history":[{"count":0,"href":"https:\/\/ejornais.com.br\/index.php\/wp-json\/wp\/v2\/posts\/56007\/revisions"}],"wp:attachment":[{"href":"https:\/\/ejornais.com.br\/index.php\/wp-json\/wp\/v2\/media?parent=56007"}],"wp:term":[{"taxonomy":"category","embeddable":true,"href":"https:\/\/ejornais.com.br\/index.php\/wp-json\/wp\/v2\/categories?post=56007"},{"taxonomy":"post_tag","embeddable":true,"href":"https:\/\/ejornais.com.br\/index.php\/wp-json\/wp\/v2\/tags?post=56007"}],"curies":[{"name":"wp","href":"https:\/\/api.w.org\/{rel}","templated":true}]}}