{"id":56016,"date":"2025-11-19T08:49:44","date_gmt":"2025-11-19T11:49:44","guid":{"rendered":"https:\/\/ejornais.com.br\/index.php\/2025\/11\/19\/acao-de-saude-proporciona-atendimento-a-mais-de-800-municipes-na-praca-central-agencia-de-noticias\/"},"modified":"2025-11-19T08:49:44","modified_gmt":"2025-11-19T11:49:44","slug":"acao-de-saude-proporciona-atendimento-a-mais-de-800-municipes-na-praca-central-agencia-de-noticias","status":"publish","type":"post","link":"https:\/\/ejornais.com.br\/index.php\/2025\/11\/19\/acao-de-saude-proporciona-atendimento-a-mais-de-800-municipes-na-praca-central-agencia-de-noticias\/","title":{"rendered":"A\u00e7\u00e3o de Sa\u00fade proporciona atendimento a mais de 800 mun\u00edcipes na Pra\u00e7a Central \u2013 Ag\u00eancia de Not\u00edcias"},"content":{"rendered":"<p><\/p>\n<div wp_automatic_readability=\"32\">\n<div class=\"col\" wp_automatic_readability=\"9\">\n<p class=\"mt-0\">\n                        <strong><br \/>\n                            <span class=\"far fa-calendar mr-1 mt-2\"\/><br \/>\n                            18 de novembro de 2025<br \/>\n                            <span class=\"far fa-clock ml-3 mt-2\"\/><br \/>\n                            16:06<br \/>\n                        <\/strong>\n                    <\/p>\n<p class=\"mb-0\">Por: <strong>Eduarda Lopes (Programa de Est\u00e1gio) Supervis\u00e3o: \u00c9velyn Azevedo<\/strong><\/p>\n<\/p><\/div>\n<\/p><\/div>\n<div wp_automatic_readability=\"60\">\n<p style=\"text-align: justify; text-justify: inter-ideograph; line-height: 115%; background: white; margin: 18.0pt 0cm 18.0pt 0cm;\"><span style=\"font-family: 'Arial','sans-serif'; color: #171717;\">A Prefeitura de Sorocaba, por meio da Secretaria da Sa\u00fade (SES), promoveu, na sexta-feira (14), a \u201cA\u00e7\u00e3o de Sa\u00fade na Pra\u00e7a!\u201d, realizada na Pra\u00e7a Coronel Fernando Prestes, no Centro. A inciativa contou com 878 atendimentos gratuitos voltados \u00e0 promo\u00e7\u00e3o da sa\u00fade e \u00e0 preven\u00e7\u00e3o de doen\u00e7as.<\/span><\/p>\n<p style=\"text-align: justify; text-justify: inter-ideograph; line-height: 115%; background: white; margin: 18.0pt 0cm 18.0pt 0cm;\"><span style=\"font-family: 'Arial','sans-serif'; color: #171717;\">Durante a a\u00e7\u00e3o gratuita, a equipe da SES realizou exames como aferi\u00e7\u00e3o de glicemia e press\u00e3o arterial em 579 cidad\u00e3os, 39 auriculoterapias, 194 buscas ativas de sintom\u00e1ticos respirat\u00f3rios, com oito amostras colhidas, 48 atendimentos \u00e0 sa\u00fade do homem, e dez atendimentos \u00e0 sa\u00fade da mulher, al\u00e9m de atividades f\u00edsicas coletivas e exposi\u00e7\u00e3o organizada pela equipe da Zoonoses.<\/span><\/p>\n<p style=\"text-align: justify; text-justify: inter-ideograph; line-height: 115%; background: white; margin: 18.0pt 0cm 18.0pt 0cm;\"><span style=\"font-family: 'Arial','sans-serif'; color: #171717;\">A iniciativa foi executada em alus\u00e3o ao Dia Mundial do Diabetes Mellitus (14 de novembro), data criada em 1991 pela Federa\u00e7\u00e3o Internacional de Diabetes (IDF) em parceria com a Organiza\u00e7\u00e3o Mundial da Sa\u00fade (OMS), com o objetivo de conscientizar a popula\u00e7\u00e3o sobre o Diabetes Mellitus e refor\u00e7ar a import\u00e2ncia do diagn\u00f3stico precoce e do controle da doen\u00e7a.<\/span><\/p>\n<p><!-- Root element of PhotoSwipe. Must have class pswp. --><\/p><\/div>\n","protected":false},"excerpt":{"rendered":"<p>18 de novembro de 2025 16:06 Por: Eduarda Lopes (Programa de Est\u00e1gio) Supervis\u00e3o: \u00c9velyn Azevedo A Prefeitura de Sorocaba, por<\/p>\n","protected":false},"author":2,"featured_media":0,"comment_status":"","ping_status":"","sticky":false,"template":"","format":"standard","meta":{"colormag_page_container_layout":"default_layout","colormag_page_sidebar_layout":"default_layout","footnotes":""},"categories":[1],"tags":[],"class_list":["post-56016","post","type-post","status-publish","format-standard","hentry","category-ejornais"],"aioseo_notices":[],"amp_enabled":true,"_links":{"self":[{"href":"https:\/\/ejornais.com.br\/index.php\/wp-json\/wp\/v2\/posts\/56016","targetHints":{"allow":["GET"]}}],"collection":[{"href":"https:\/\/ejornais.com.br\/index.php\/wp-json\/wp\/v2\/posts"}],"about":[{"href":"https:\/\/ejornais.com.br\/index.php\/wp-json\/wp\/v2\/types\/post"}],"author":[{"embeddable":true,"href":"https:\/\/ejornais.com.br\/index.php\/wp-json\/wp\/v2\/users\/2"}],"replies":[{"embeddable":true,"href":"https:\/\/ejornais.com.br\/index.php\/wp-json\/wp\/v2\/comments?post=56016"}],"version-history":[{"count":0,"href":"https:\/\/ejornais.com.br\/index.php\/wp-json\/wp\/v2\/posts\/56016\/revisions"}],"wp:attachment":[{"href":"https:\/\/ejornais.com.br\/index.php\/wp-json\/wp\/v2\/media?parent=56016"}],"wp:term":[{"taxonomy":"category","embeddable":true,"href":"https:\/\/ejornais.com.br\/index.php\/wp-json\/wp\/v2\/categories?post=56016"},{"taxonomy":"post_tag","embeddable":true,"href":"https:\/\/ejornais.com.br\/index.php\/wp-json\/wp\/v2\/tags?post=56016"}],"curies":[{"name":"wp","href":"https:\/\/api.w.org\/{rel}","templated":true}]}}