{"id":56129,"date":"2025-11-21T08:25:44","date_gmt":"2025-11-21T11:25:44","guid":{"rendered":"https:\/\/ejornais.com.br\/index.php\/2025\/11\/21\/agencia-minas-gerais-governo-de-minas-entrega-medalha-santos-dumont-a-personalidades-e-instituicoes-de-destaque-em-2025-2\/"},"modified":"2025-11-21T08:25:44","modified_gmt":"2025-11-21T11:25:44","slug":"agencia-minas-gerais-governo-de-minas-entrega-medalha-santos-dumont-a-personalidades-e-instituicoes-de-destaque-em-2025-2","status":"publish","type":"post","link":"https:\/\/ejornais.com.br\/index.php\/2025\/11\/21\/agencia-minas-gerais-governo-de-minas-entrega-medalha-santos-dumont-a-personalidades-e-instituicoes-de-destaque-em-2025-2\/","title":{"rendered":"Ag\u00eancia Minas Gerais | Governo de Minas entrega Medalha Santos Dumont a personalidades e institui\u00e7\u00f5es de destaque\u00a0em 2025"},"content":{"rendered":"<p><\/p>\n<div>\n<section class=\"news-related \/ col-md-4 col-lg-3 \/ margin-md-bottom-2 margin-left-1 \/ pull-right \/ hidden-xs hidden-sm\">\n<header>\n<p class=\"text-title-section \/ margin-bottom-1\">Relacionadas<\/p>\n<\/header>\n<p>\t\t\t\t\t\t\t<main><\/p>\n<hr class=\"row margin-md-bottom-2\"\/>\n\t\t\t\t\t\t\t<\/main><br \/>\n\t\t\t\t\t\t<\/section>\n<p>O governador Romeu Zema entregou, nesta quinta-feira (20\/11), a Medalha Santos Dumont 2025, em cerim\u00f4nia realizada na Villa\u00a0Fonc\u00e3, no munic\u00edpio da Zona da Mata que leva o nome do Pai da Avia\u00e7\u00e3o. A honraria reconheceu 130 personalidades e institui\u00e7\u00f5es que\u00a0se destacam em\u00a0Minas Gerais e\u00a0no Brasil.<\/p>\n<p>A cerim\u00f4nia marcou os 152 anos de nascimento do inventor\u00a0mineiro\u00a0Alberto Santos Dumont.\u00a0Personalidades e\u00a0entidades ser\u00e3o condecoradas nos graus Ouro, Prata e Bronze.<br \/>&#13;<br \/>\n\u00a0<\/p>\n<table align=\"center\" border=\"0\" cellpadding=\"1\" cellspacing=\"1\" style=\"width: 70%;\">&#13;<\/p>\n<tbody>&#13;<\/p>\n<tr>&#13;<\/p>\n<td colspan=\"5\" style=\"text-align: center; vertical-align: middle;\">&#13;<\/p>\n<p style=\"text-align:center\">\n<p>&#13;\n\t\t\t<\/td>\n<p>&#13;<br \/>\n\t\t<\/tr>\n<p>&#13;<\/p>\n<tr>&#13;<\/p>\n<td style=\"text-align: center; vertical-align: middle;\">\u00a0<\/td>\n<p>&#13;<\/p>\n<td colspan=\"3\" rowspan=\"3\" style=\"text-align: center; vertical-align: middle;\">&#13;<br \/>\n\t\t\t&#13;\n\t\t\t<\/td>\n<p>&#13;<\/p>\n<td style=\"text-align: center; vertical-align: middle;\">\u00a0<\/td>\n<p>&#13;<br \/>\n\t\t<\/tr>\n<p>&#13;<\/p>\n<tr>&#13;<\/p>\n<td style=\"text-align: center; vertical-align: middle;\">\u00a0<\/td>\n<p>&#13;<\/p>\n<td style=\"text-align: center; vertical-align: middle;\">\u00a0<\/td>\n<p>&#13;<br \/>\n\t\t<\/tr>\n<p>&#13;<\/p>\n<tr>&#13;<\/p>\n<td style=\"text-align: center; vertical-align: middle;\">\u00a0<\/td>\n<p>&#13;<\/p>\n<td style=\"text-align: center; vertical-align: middle;\">\u00a0<\/td>\n<p>&#13;<br \/>\n\t\t<\/tr>\n<p>&#13;<\/p>\n<tr>&#13;<\/p>\n<td colspan=\"5\" style=\"text-align: center; vertical-align: middle;\">&#13;<\/p>\n<p style=\"text-align:center\">\n<p>&#13;\n\t\t\t<\/td>\n<p>&#13;<br \/>\n\t\t<\/tr>\n<p>&#13;<br \/>\n\t<\/tbody>\n<p>&#13;<br \/>\n<\/table>\n<p>\u00a0<\/p>\n<p>Entre os agraciados est\u00e3o o procurador-geral de Justi\u00e7a de Minas Gerais, Paulo de Tarso Morais Filho, e o general de Divis\u00e3o Adriano\u00a0Fructuoso\u00a0da Costa, comandante da 4\u00aa Regi\u00e3o Militar. A lista inclui desembargadores, ju\u00edzes, promotores e procuradores, al\u00e9m de autoridades que atuam pelo desenvolvimento de Minas Gerais e do\u00a0pa\u00eds.<br \/>&#13;<br \/>\n\u00a0<\/p>\n<table align=\"center\" border=\"0\" cellpadding=\"1\" cellspacing=\"1\" style=\"width: 100%;\">&#13;<\/p>\n<tbody>&#13;<\/p>\n<tr>&#13;<\/p>\n<td colspan=\"5\" style=\"text-align: center; vertical-align: middle;\">&#13;<\/p>\n<p style=\"text-align:center\">\n<p>&#13;\n\t\t\t<\/td>\n<p>&#13;<br \/>\n\t\t<\/tr>\n<p>&#13;<\/p>\n<tr>&#13;<\/p>\n<td style=\"text-align: center; vertical-align: middle;\">\u00a0<\/td>\n<p>&#13;<\/p>\n<td colspan=\"3\" rowspan=\"3\" style=\"text-align: center; vertical-align: middle;\">&#13;<br \/>\n\t\t\t&#13;\n\t\t\t<\/td>\n<p>&#13;<\/p>\n<td style=\"text-align: center; vertical-align: middle;\">\u00a0<\/td>\n<p>&#13;<br \/>\n\t\t<\/tr>\n<p>&#13;<\/p>\n<tr>&#13;<\/p>\n<td style=\"text-align: center; vertical-align: middle;\">\u00a0<\/td>\n<p>&#13;<\/p>\n<td style=\"text-align: center; vertical-align: middle;\">\u00a0<\/td>\n<p>&#13;<br \/>\n\t\t<\/tr>\n<p>&#13;<\/p>\n<tr>&#13;<\/p>\n<td style=\"text-align: center; vertical-align: middle;\">\u00a0<\/td>\n<p>&#13;<\/p>\n<td style=\"text-align: center; vertical-align: middle;\">\u00a0<\/td>\n<p>&#13;<br \/>\n\t\t<\/tr>\n<p>&#13;<\/p>\n<tr>&#13;<\/p>\n<td colspan=\"5\" style=\"text-align: center; vertical-align: middle;\">&#13;<\/p>\n<p style=\"text-align:center\">\n<p>&#13;\n\t\t\t<\/td>\n<p>&#13;<br \/>\n\t\t<\/tr>\n<p>&#13;<br \/>\n\t<\/tbody>\n<p>&#13;<br \/>\n<\/table>\n<p>\u00a0<\/p>\n<p>A cerim\u00f4nia tamb\u00e9m reconheceu oficiais do Ex\u00e9rcito, Marinha, Aeron\u00e1utica, Corpo de Bombeiros e das Pol\u00edcias Militar e Civil. Generais, coron\u00e9is, tenentes-coron\u00e9is, majores, capit\u00e3es, suboficiais, sargentos e comandantes de unidades estrat\u00e9gicas\u00a0est\u00e3o presentes na lista, que reconhece\u00a0a relev\u00e2ncia dos\u00a0setores\u00a0da\u00a0defesa\u00a0e seguran\u00e7a\u00a0p\u00fablica\u00a0para o estado.<\/p>\n<p>Oradora oficial da medalha, a comandante-Geral do Corpo de Bombeiros Militar do Estado de Minas Gerais (CBMMG), Coronel BM Jordana de Oliveira Filgueiras Daldegan, destacou que a import\u00e2ncia da comenda para os homenageados.<br \/>&#13;<br \/>\n\u00a0<\/p>\n<table align=\"center\" border=\"0\" cellpadding=\"1\" cellspacing=\"1\" style=\"width: 100%;\">&#13;<\/p>\n<tbody>&#13;<\/p>\n<tr>&#13;<\/p>\n<td colspan=\"5\" style=\"text-align: center; vertical-align: middle;\">&#13;<\/p>\n<p style=\"text-align:center\">\n<p>&#13;\n\t\t\t<\/td>\n<p>&#13;<br \/>\n\t\t<\/tr>\n<p>&#13;<\/p>\n<tr>&#13;<\/p>\n<td style=\"text-align: center; vertical-align: middle;\">\u00a0<\/td>\n<p>&#13;<\/p>\n<td colspan=\"3\" rowspan=\"3\" style=\"text-align: center; vertical-align: middle;\">&#13;<br \/>\n\t\t\t&#13;\n\t\t\t<\/td>\n<p>&#13;<\/p>\n<td style=\"text-align: center; vertical-align: middle;\">\u00a0<\/td>\n<p>&#13;<br \/>\n\t\t<\/tr>\n<p>&#13;<\/p>\n<tr>&#13;<\/p>\n<td style=\"text-align: center; vertical-align: middle;\">\u00a0<\/td>\n<p>&#13;<\/p>\n<td style=\"text-align: center; vertical-align: middle;\">\u00a0<\/td>\n<p>&#13;<br \/>\n\t\t<\/tr>\n<p>&#13;<\/p>\n<tr>&#13;<\/p>\n<td style=\"text-align: center; vertical-align: middle;\">\u00a0<\/td>\n<p>&#13;<\/p>\n<td style=\"text-align: center; vertical-align: middle;\">\u00a0<\/td>\n<p>&#13;<br \/>\n\t\t<\/tr>\n<p>&#13;<\/p>\n<tr>&#13;<\/p>\n<td colspan=\"5\" style=\"text-align: center; vertical-align: middle;\">&#13;<\/p>\n<p style=\"text-align:center\">\n<p>&#13;\n\t\t\t<\/td>\n<p>&#13;<br \/>\n\t\t<\/tr>\n<p>&#13;<br \/>\n\t<\/tbody>\n<p>&#13;<br \/>\n<\/table>\n<p>\u00a0<\/p>\n<p>Prefeitos e gestores municipais\u00a0tamb\u00e9m integram a rela\u00e7\u00e3o de homenageados,\u00a0al\u00e9m de profissionais da\u00a0Universidade do Estado de Minas Gerais (Uemg), Universidade Federal de Minas Gerais (UFMG) e PUC Minas, como pr\u00f3-reitores, diretores de unidades\u00a0e\u00a0professores. Deputados estaduais, dirigentes de \u00f3rg\u00e3os de controle e representantes do Tribunal de Contas do Estado de Minas Gerais (TCE\u2013MG) tamb\u00e9m figuram entre os homenageados.<\/p>\n<p>Institui\u00e7\u00f5es como a Associa\u00e7\u00e3o dos Docentes da Universidade do Estado de Minas Gerais (Aduemg), a F\u00e1brica de\u00a0Nanossolu\u00e7\u00f5es\u00a0(FabNS) e o Instituto\u00a0Plenum\u00a0Brasil completam o grupo de agraciados.<\/p>\n<p><strong>Medalha Santos Dumont<\/strong><\/p>\n<p>Criada em outubro de 1956, a Medalha Santos Dumont celebra o primeiro voo de uma aeronave mais pesada que o ar, o 14-Bis, realizado por Alberto Santos Dumont em 23 de outubro de 1906, em Paris. O inventor mineiro \u00e9 reconhecido como Pai da Avia\u00e7\u00e3o e patrono da Aeron\u00e1utica Brasileira.<\/p>\n<p>A condecora\u00e7\u00e3o pode ser entregue a autoridades pol\u00edticas, aviadores civis e militares, profissionais que contribu\u00edram para o desenvolvimento da avia\u00e7\u00e3o no pa\u00eds, institui\u00e7\u00f5es p\u00fablicas e privadas, membros do corpo diplom\u00e1tico, escritores e jornalistas especializados em navega\u00e7\u00e3o a\u00e9rea.<\/p>\n<p>A honraria \u00e9 regida por um Conselho Permanente composto por 22 membros e presidido pelo presidente da Assembleia Legislativa de Minas Gerais (ALMG). Cada integrante pode indicar at\u00e9 quatro nomes por ano.<\/p>\n<p><strong>Pai da Avia\u00e7\u00e3o<\/strong><\/p>\n<p>Alberto Santos Dumont nasceu em 20\/7\/1873 na cidade que hoje leva seu nome. Era o sexto filho de Francisca Santos e do engenheiro Henrique Dumont. Estudou na Fran\u00e7a a partir de 1892.<\/p>\n<p>Em 1906, realizou o voo hist\u00f3rico do 14-Bis, constru\u00eddo com alum\u00ednio, bambu e seda japonesa, que se tornou o primeiro voo oficialmente registrado pela Federa\u00e7\u00e3o Aeron\u00e1utica Internacional. Recebeu pr\u00eamios como o do Aeroclube da Fran\u00e7a.<\/p>\n<p>Com a sa\u00fade debilitada, Santos Dumont passou seus \u00faltimos dias em uma esta\u00e7\u00e3o de repouso no Guaruj\u00e1 (SP), onde morreu em 23\/7\/1932, tr\u00eas dias ap\u00f3s completar 59 anos.<\/p>\n<p>A antiga resid\u00eancia do inventor, a Casa de Cabangu, tamb\u00e9m no munic\u00edpio da Zona da Mata mineira, abriga hoje um museu com pe\u00e7as hist\u00f3ricas, r\u00e9plicas de aeronaves, fotos, cartas, objetos pessoais e obras ligadas \u00e0 trajet\u00f3ria do aviador.<\/p>\n<p><strong>Medalha Santos Dumont 2025 &#8211; Agraciados<\/strong><\/p>\n<p>Ouro<br \/>&#13;<br \/>\n\u00a0<\/p>\n<ul>&#13;<\/p>\n<li>Paulo de Tarso Morais Filho, Procurador-Geral de Justi\u00e7a de Minas Gerais &#8211;\u00a0Ex\u00a0officio<\/li>\n<p>&#13;<\/p>\n<li>General de Divis\u00e3o Adriano\u00a0Fructuoso\u00a0da Costa, Comandante da 4\u00aa Regi\u00e3o Militar &#8211;\u00a0Ex\u00a0officio\u00a0<\/li>\n<p>&#13;<\/p>\n<li>Pac\u00edfico\u00a0Estites\u00a0Rodrigues J\u00fanior, Prefeito de Santos Dumont\u00a0\u2013\u00a0Ex\u00a0officio\u00a0<\/li>\n<p>&#13;<\/p>\n<li>Contra-Almirante Robledo de Lemos Costa e S\u00e1, Chefe do Estado-Maior do Comando do 1\u00ba Distrito Naval\u00a0<\/li>\n<p>&#13;<\/p>\n<li>General de Brigada Marcelo de Melo Pontes Feliciano, Comandante da\u00a04\u00aa Brigada de Infantaria Leve de Montanha\u00a0<\/li>\n<p>&#13;<\/p>\n<li>Nivaldo dos Santos Ferreira, Bispo Auxiliar da Arquidiocese de Belo\u00a0Horizonte\u00a0<\/li>\n<p>&#13;<\/p>\n<li>Capit\u00e3o de Mar e Guerra Alessandro de Paula Lima, Capit\u00e3o dos\u00a0Portos de Minas Gerais &#8211;\u00a0Ex\u00a0officio\u00a0<\/li>\n<p>&#13;<\/p>\n<li>Coronel Aviador Jorge Marcelo Martins da Silva, Comandante do\u00a0CIAAR &#8211;\u00a0Ex\u00a0officio\u00a0<\/li>\n<p>&#13;<\/p>\n<li>Coronel Aviador\u00a0Claudomiro\u00a0Feltran\u00a0Junior, Diretor do PAMA-LS -Ex\u00a0officio\u00a0<\/li>\n<p>&#13;<\/p>\n<li>Coronel Aviador Anderson Guimar\u00e3es da Cruz, Chefe da Divis\u00e3o\u00a0T\u00e9cnica do PAMA-LS\u00a0<\/li>\n<p>&#13;<\/p>\n<li>Coronel Intendente Luciana do Amaral Corr\u00eaa, Chefe do Grupamento\u00a0de Apoio de Lagoa Santa\u00a0<\/li>\n<p>&#13;<\/p>\n<li>Cassio\u00a0Antonio\u00a0Ferreira Soares (C\u00e1ssio Soares), Deputado Estadual-\u00a0Promo\u00e7\u00e3o\u00a0<\/li>\n<p>&#13;<\/p>\n<li>Roberto Dias de Andrade (Roberto Andrade), Deputado Estadual- Promo\u00e7\u00e3o\u00a0<\/li>\n<p>&#13;<\/p>\n<li>L\u00edlian Maciel Santos, Desembargadora do TJMG\u00a0<\/li>\n<p>&#13;<\/p>\n<li>Klaus\u00a0Kuschel, Desembargador Federal do TRF6\u00a0<\/li>\n<p>&#13;<\/p>\n<li>Mariano Guimar\u00e3es Sep\u00falveda, Procurador de Justi\u00e7a &#8211; Promo\u00e7\u00e3o<\/li>\n<p>&#13;<\/p>\n<li>Coronel BM Jordana de Oliveira Filgueiras Daldegan, Comandante-Geral do CBMMG &#8211;\u00a0Ex\u00a0officio\u00a0<\/li>\n<p>&#13;<\/p>\n<li>Coronel PM Maur\u00edcio Jos\u00e9 de Oliveira, Subcomandante-Geral e Chefe\u00a0do Estado-Maior da PMMG\u00a0<\/li>\n<p>&#13;<\/p>\n<li>Alo\u00edsio Daniel Fagundes, Delegado Assistente da Pol\u00edcia Civil de MG\u00a0<\/li>\n<p>&#13;<\/p>\n<li>Maur\u00edcio Freire Garcia, Pr\u00f3-Reitor da UFMG\u00a0<\/li>\n<p>&#13;<\/p>\n<li>Ant\u00f4nio Marcos\u00a0Nohmi, Presidente do Instituto Hist\u00f3rico e Geogr\u00e1fico\u00a0de Minas Gerais &#8211;\u00a0Ex\u00a0officio\u00a0<\/li>\n<p>&#13;<\/p>\n<li>Carlos Alberto Arruda de Oliveira, Presidente da FAPEMIG\u00a0<\/li>\n<p>&#13;<\/p>\n<li>Cic\u00edlia Raquel Maia Leite, Presidente da Associa\u00e7\u00e3o Brasileira\u00a0das Reitoras e Reitores das Universidades Estaduais e Municipais- ABRUEM\u00a0<\/li>\n<p>&#13;<\/p>\n<li>Tenente-Coronel Aviador Marcelo Jos\u00e9 da Paz J\u00fanior, Comandante do\u00a0Corpo de Alunos da EPCAR\u00a0<\/li>\n<p>&#13;<\/p>\n<li>Peterson Jos\u00e9 Paiva Monteiro, Tenente-Coronel BM &#8211; Promo\u00e7\u00e3o\u00a0<\/li>\n<p>&#13;<\/p>\n<li>Maria da Concei\u00e7\u00e3o Evaristo de Brito, Escritora\u00a0<\/li>\n<p>&#13;<\/p>\n<li>Gustavo Vidigal Costa, Diretor-Geral do Tribunal de Contas de Minas\u00a0Gerais\u00a0<\/li>\n<p>&#13;<\/p>\n<li>Alberto Dodsworth Wanderley, Economista\u00a0<\/li>\n<p>&#13;<\/p>\n<li>Joel Gomes Moreira Filho, Assessor Especial da Presid\u00eancia da\u00a0Cateno\u00a0Meios de Pagamentos S.A\u00a0<\/li>\n<p>&#13;<\/p>\n<li>Associa\u00e7\u00e3o dos Docentes da Universidade do Estado de Minas Gerais\u00a0-DUEMG\u00a0<\/li>\n<p>&#13;<\/p>\n<li>F\u00e1brica de\u00a0Nanossolu\u00e7\u00f5es\u00a0&#8211;\u00a0FabNS\u00a0<\/li>\n<p>&#13;<\/p>\n<li>Instituto\u00a0Plenum\u00a0Brasil\u00a0<\/li>\n<p>&#13;\n<\/ul>\n<p><strong>Prata<\/strong><br \/>&#13;<br \/>\n\u00a0<\/p>\n<ul>&#13;<\/p>\n<li>Leonardo\u00a0Werdan\u00a0Torres, Coronel de Artilharia &#8211; EB\u00a0<\/li>\n<p>&#13;<\/p>\n<li>Coronel Aviador Ailton David Cabral J\u00fanior, Comandante do Corpo\u00a0de Alunos do CIAAR\u00a0<\/li>\n<p>&#13;<\/p>\n<li>Jos\u00e9 Erasmo Leite Junior, Coronel Intendente da FAB\u00a0<\/li>\n<p>&#13;<\/p>\n<li>Amanda Caroline Teixeira Dias (Amanda Teixeira Dias), Deputada\u00a0Estadual\u00a0<\/li>\n<p>&#13;<\/p>\n<li>Cristiano\u00a0Caporezzo\u00a0Ara\u00fajo Pires Ferreira (Caporezzo), Deputado\u00a0Estadual<\/li>\n<p>&#13;<\/p>\n<li>Cristiano Tadeu da Silveira (Cristiano Silveira), Deputado Estadual\u00a0&#8211; Promo\u00e7\u00e3o\u00a0<\/li>\n<p>&#13;<\/p>\n<li>Mauricio Lemes de Carvalho (Dr. Maur\u00edcio), Deputado Estadual\u00a0<\/li>\n<p>&#13;<\/p>\n<li>Rubens Gon\u00e7alves de Brito (Bim da Ambul\u00e2ncia), Deputado Estadual\u00a0<\/li>\n<p>&#13;<\/p>\n<li>Fabiano\u00a0Rubinger\u00a0de Queiroz, Desembargador do TJMG\u00a0<\/li>\n<p>&#13;<\/p>\n<li>Andr\u00e9a de Figueiredo Soares, Procuradora de Justi\u00e7a\u00a0<\/li>\n<p>&#13;<\/p>\n<li>Fl\u00e1vio Bittencourt de Souza, Juiz Federal Auxiliar da Presid\u00eancia do\u00a0TRF6\u00a0<\/li>\n<p>&#13;<\/p>\n<li>Jos\u00e9 Carlos Machado J\u00fanior, Juiz Federal Diretor do Foro da SJMG\u00a0<\/li>\n<p>&#13;<\/p>\n<li>Jo\u00e3o Adilson Nunes Oliveira, Juiz de Direito e Professor\u00a0<\/li>\n<p>&#13;<\/p>\n<li>Cesar Augusto dos Santos, Promotor de Justi\u00e7a &#8211; Promo\u00e7\u00e3o\u00a0<\/li>\n<p>&#13;<\/p>\n<li>Defensora P\u00fablica Ana Cl\u00e1udia Almeida Costa Leroy,\u00a0Subcorregedora-Geral da Defensoria P\u00fablica de MG\u00a0<\/li>\n<p>&#13;<\/p>\n<li>Aloysio Fernandes Ximenes Carneiro, Subprocurador-Geral do\u00a0Tribunal de Contas do Estado de MG\u00a0<\/li>\n<p>&#13;<\/p>\n<li>Coronel PM\u00a0Charlles\u00a0Crisstian\u00a0da Silva, Comandante de Avia\u00e7\u00e3o da\u00a0PMMG &#8211; COMAVE\u00a0<\/li>\n<p>&#13;<\/p>\n<li>Gilmaro\u00a0Alves Ferreira, Delegado-Geral da Pol\u00edcia Civil\u00a0<\/li>\n<p>&#13;<\/p>\n<li>Roberto Alves da Silva, Capit\u00e3o de Fragata\u00a0<\/li>\n<p>&#13;<\/p>\n<li>Darlan Dornelas de Carvalho, Tenente-Coronel R1 da FAB\u00a0<\/li>\n<p>&#13;<\/p>\n<li>Tenente-Coronel M\u00e9dico Andr\u00e9 Luiz Villalba Codorniz, Comandante\u00a0do Grupo de Sa\u00fade de Barbacena\u00a0<\/li>\n<p>&#13;<\/p>\n<li>Tenente-Coronel M\u00e9dica Sandra Simon Calado, Comandante do\u00a0Grupo de Sa\u00fade de Lagoa Santa\u00a0<\/li>\n<p>&#13;<\/p>\n<li>Guilherme Augusto Guimar\u00e3es de Oliveira, Prefeito de Montes Claros\u00a0<\/li>\n<p>&#13;<\/p>\n<li>T\u00falio Martins Raposo, Prefeito de Ribeir\u00e3o das Neves\u00a0<\/li>\n<p>&#13;<\/p>\n<li>Gustavo Morais Nunes, Prefeito de Ipatinga\u00a0<\/li>\n<p>&#13;<\/p>\n<li>F\u00e1bio Marinho dos Santos, Prefeito de Te\u00f3filo Otoni\u00a0<\/li>\n<p>&#13;<\/p>\n<li>Paulo Ney de Castro J\u00fanior, Prefeito de Po\u00e7os de Caldas<\/li>\n<p>&#13;<\/p>\n<li>Leonardo Vinhas\u00a0Ciacci, Prefeito de Varginha\u00a0<\/li>\n<p>&#13;<\/p>\n<li>Jos\u00e9 Winston da Silva, Prefeito de Vespasiano<\/li>\n<p>&#13;<\/p>\n<li>Ernane Luiz de Andrade, Vice-Prefeito de Santos Dumont &#8211; Promo\u00e7\u00e3o<\/li>\n<p>&#13;<\/p>\n<li>Thais\u00a0Porlan\u00a0de Oliveira, Professora da UFMG\u00a0<\/li>\n<p>&#13;<\/p>\n<li>Anne Shirley de Oliveira Rezende Martins, Consultora e Secret\u00e1ria-Geral da PUC Minas\u00a0<\/li>\n<p>&#13;<\/p>\n<li>Claudio Capanema Lopes Gouvea, Empres\u00e1rio<\/li>\n<p>&#13;\n<\/ul>\n<p><strong>Bronze<\/strong><br \/>&#13;<br \/>\n\u00a0<\/p>\n<ul>&#13;<\/p>\n<li>Raquel\u00a0Discacciati\u00a0Bello, Ju\u00edza de Direito<\/li>\n<p>&#13;<\/p>\n<li>Francisco\u00a0Angelo\u00a0Silva Assis, Promotor de Justi\u00e7a<\/li>\n<p>&#13;<\/p>\n<li>J\u00falio C\u00e9sar Teixeira\u00a0Crivellari, Promotor de Justi\u00e7a<\/li>\n<p>&#13;<\/p>\n<li>Fabiana Pereira de Lima Lopes, Promotora de Justi\u00e7a\u00a0<\/li>\n<p>&#13;<\/p>\n<li>Vanderlei Capanema, Defensor P\u00fablico\u00a0<\/li>\n<p>&#13;<\/p>\n<li>Vanessa Mendon\u00e7a Cruz Ferreira Alves, Defensora P\u00fablica\u00a0<\/li>\n<p>&#13;<\/p>\n<li>Marcelo Vasconcelos de Sousa, Defensor P\u00fablico\u00a0<\/li>\n<p>&#13;<\/p>\n<li>Gabriela Martins Dur\u00e3es Brand\u00e3o, Subsecret\u00e1ria de Gest\u00e3o Estrat\u00e9gica\u00a0e Repara\u00e7\u00e3o da Secretaria de Estado de Planejamento e Gest\u00e3o de\u00a0Minas Gerais\u00a0<\/li>\n<p>&#13;<\/p>\n<li>Procuradora do Estado Ana Paula\u00a0Muggler\u00a0Rodarte, Chefe de Gabinete\u00a0da Advocacia-Geral do Estado de Minas Gerais<\/li>\n<p>&#13;<\/p>\n<li>Eug\u00eanio Batista Leite, Pr\u00f3-Reitor de Gradua\u00e7\u00e3o da PUC Minas<\/li>\n<p>&#13;<\/p>\n<li>Thiago Fernandes Morais, Procurador-Geral do Tribunal de Contas do\u00a0Estado de Minas Gerais<\/li>\n<p>&#13;<\/p>\n<li>Gustavo\u00a0Mil\u00e2nio, Subprocurador-Geral do Tribunal de Contas\u00a0do\u00a0Estado de Minas Gerais<\/li>\n<p>&#13;<\/p>\n<li>Ana Lu\u00edsa Silva Falc\u00e3o, Chefe de Gabinete da Secretaria de Estado de\u00a0Justi\u00e7a e Seguran\u00e7a P\u00fablica de Minas Gerais<\/li>\n<p>&#13;<\/p>\n<li>M\u00e1rcia Andr\u00e9a Rodrigues Ferreira, Chefe de Gabinete da Presid\u00eancia\u00a0do Tribunal de Contas do Estado de Minas Gerais<\/li>\n<p>&#13;<\/p>\n<li>Rui Rothe-Neves, Chefe de Gabinete da Reitoria da UFMG<\/li>\n<p>&#13;<\/p>\n<li>Alexandre Sousa da Silva, Diretor de Tecnologia da Informa\u00e7\u00e3o do\u00a0Tribunal de Contas do Estado de Minas Gerais<\/li>\n<p>&#13;<\/p>\n<li>Eduardo Rodrigues Chaves, Diretor de Finan\u00e7as do Tribunal de Contas\u00a0do Estado de Minas Gerais<\/li>\n<p>&#13;<\/p>\n<li>Rodrigo Marzano Antunes Miranda, Diretor da Escola de Contas e\u00a0Capacita\u00e7\u00e3o Professor Pedro Aleixo<\/li>\n<p>&#13;<\/p>\n<li>Michael Vieira Rosa, Diretor de Seguran\u00e7a Institucional e Transporte\u00a0do Tribunal de Contas do Estado de Minas Gerais<\/li>\n<p>&#13;<\/p>\n<li>Liliana Mara da Silva Mendon\u00e7a, Diretoria de Planejamento e\u00a0Or\u00e7amento do Gabinete Militar do Governador de Minas Gerais<\/li>\n<p>&#13;<\/p>\n<li>Camila Fernanda Costa e Cunha Moraes Brand\u00e3o, Diretora da Unidade<\/li>\n<p>&#13;<\/p>\n<li>Acad\u00eamica de Divin\u00f3polis da Universidade do Estado de Minas Gerais- UEMG<\/li>\n<p>&#13;<\/p>\n<li>Vin\u00edcius de Abreu D\u2019Avila, Diretor da Unidade Acad\u00eamica de Passos\u00a0da Universidade do Estado de Minas Gerais &#8211; UEMG<\/li>\n<p>&#13;<\/p>\n<li>Carolina de Assis Barros, Diretora-Presidente da Funda\u00e7\u00e3o Banco\u00a0Central de Previd\u00eancia Privada &#8211;\u00a0Centrus<\/li>\n<p>&#13;<\/p>\n<li>Gabriel Ribeiro Fajardo, Diretor de Concess\u00f5es e Parcerias da\u00a0CODEMGE<\/li>\n<p>&#13;<\/p>\n<li>Caroline Lima Paz, Auditor de Controle Externo do Tribunal de Contas\u00a0do Estado de Minas Gerais<\/li>\n<p>&#13;<\/p>\n<li>Maur\u00edcio de Jesus Ribeiro Souza, Assessor Jur\u00eddico do Presidente- TJMG<\/li>\n<p>&#13;<\/p>\n<li>Vera L\u00facia Teixeira Carpes Azevedo, Chefe da Assessoria de\u00a0Comunica\u00e7\u00e3o do TRF6\u00a0<\/li>\n<p>&#13;<\/p>\n<li>Major Infantaria\u00a0Antonio\u00a0Claudino Silva Junior, Comandante do Grupo\u00a0de Seguran\u00e7a e Defesa de Barbacena<\/li>\n<p>&#13;<\/p>\n<li>Gustavo Coelho Vaz, Major PM\u00a0<\/li>\n<p>&#13;<\/p>\n<li>Rodrigo Alencar Lopes de Miranda, Major PM<\/li>\n<p>&#13;<\/p>\n<li>Major BM Norton Ornelas Prates, Subcomandante da 3\u00aa Companhia\u00a0especializada em Opera\u00e7\u00f5es A\u00e9reas<\/li>\n<p>&#13;<\/p>\n<li>Capit\u00e3o EB\u00a0Mauric\u00edlio\u00a0Galdino Ladeira Marinho, Comandante do 4\u00ba\u00a0Esquadr\u00e3o de Cavalaria Mecanizado<\/li>\n<p>&#13;<\/p>\n<li>Luiz Carlos da Silva, Suboficial da Marinha<\/li>\n<p>&#13;<\/p>\n<li>Seanfrank\u00a0Ribeiro da Silva, Suboficial-Mor da Marinha<\/li>\n<p>&#13;<\/p>\n<li>Marcondes Barbosa Gomes, Subtenente EB<\/li>\n<p>&#13;<\/p>\n<li>Marco Aur\u00e9lio Silva Fonseca, Suboficial da FAB<\/li>\n<p>&#13;<\/p>\n<li>David Eisenhower Rodrigues da Silva, Suboficial da FAB<\/li>\n<p>&#13;<\/p>\n<li>Osil\u00e9ia\u00a0Fel\u00edcia de Paulo Pereira, Suboficial da FAB<\/li>\n<p>&#13;<\/p>\n<li>Walter Lucas de Jesus, Subtenente BM<\/li>\n<p>&#13;<\/p>\n<li>Emerson Cardoso de Lima, 1\u00ba Sargento da FAB<\/li>\n<p>&#13;<\/p>\n<li>Deusdet\u00a0Moreira de Souza, 1\u00ba Sargento BM<\/li>\n<p>&#13;<\/p>\n<li>Nat\u00e1lia de Oliveira Carvalho, 2\u00ba Sargento PM<\/li>\n<p>&#13;<\/p>\n<li>Marcia Gomes Magalh\u00e3es Reis, 3\u00ba Sargento PM<\/li>\n<p>&#13;<\/p>\n<li>Eliane Teixeira Nunes Barbosa, Inspetora Adjunta de Escriv\u00e3es da\u00a0PCMG\u00a0<\/li>\n<p>&#13;<\/p>\n<li>Marcelo Bernardes de Castro, Inspetor Adjunto de Investigadores da\u00a0PCMG<\/li>\n<p>&#13;<\/p>\n<li>Aldo\u00a0Waney\u00a0Ribeiro Grossi, Engenheiro<\/li>\n<p>&#13;<\/p>\n<li>Alencar Fr\u00e1guas Perdig\u00e3o, S\u00f3cio Propriet\u00e1rio da Livraria Quixote<\/li>\n<p>&#13;<\/p>\n<li>Andr\u00e9 Coelho Borges de Medeiros, Presidente do\u00a0Sindicom\u00e9rcio\u00a0de\u00a0Santos Dumont<\/li>\n<p>&#13;<\/p>\n<li>Camila Lopes\u00a0Malveira\u00a0Cat\u00e3o, Subchefe de Gabinete da Reitoria da\u00a0UFMG<\/li>\n<p>&#13;<\/p>\n<li>Eduardo Infante Januzzi de Carvalho, Vice-Prefeito de Po\u00e7os de Caldas<\/li>\n<p>&#13;<\/p>\n<li>Fl\u00e1via de Queiroz Lima, Poeta<\/li>\n<p>&#13;<\/p>\n<li>Florence Belo Sidney, Diretora Municipal de Desenvolvimento\u00a0Econ\u00f4mico da Prefeitura Municipal de Formiga<\/li>\n<p>&#13;<\/p>\n<li>Hugo Henrique Aparecido de Castro Machado, Presidente do Instituto\u00a0Hist\u00f3rico e Geogr\u00e1fico de Pomp\u00e9u<\/li>\n<p>&#13;<\/p>\n<li>Jaques Aparecido Santos Frois, Gerente do Campus Universit\u00e1rio\u00a0UNIMONTES<\/li>\n<p>&#13;<\/p>\n<li>Jefferson Figueiredo Lopes, Enfermeiro<\/li>\n<p>&#13;<\/p>\n<li>Joselito Geraldo de Sousa, Presidente &#8211; Lito\u00a0Group<\/li>\n<p>&#13;<\/p>\n<li>Juliane Menezes Machado, Advogada<\/li>\n<p>&#13;<\/p>\n<li>Leandro Ivan Paix\u00e3o Guedes, Diretor Executivo da Drogaria Minas\u00a0Brasil<\/li>\n<p>&#13;<\/p>\n<li>M\u00e1rcia\u00a0Perozini\u00a0da Silva Castro, Supervisora Distrital das Igrejas do\u00a0Evangelho Quadrangular Regional Vale do A\u00e7o e Caratinga<\/li>\n<p>&#13;<\/p>\n<li>Marcos Andr\u00e9 Silveira\u00a0Kutova, Secret\u00e1rio de Planejamento e\u00a0Desenvolvimento Institucional da PUC Minas<\/li>\n<p>&#13;<\/p>\n<li>Maria Aline Rocha Pires, Enfermeira\u00a0<\/li>\n<p>&#13;<\/p>\n<li>Pedro Tavares de Melo Costa, Diretor Institucional e de Competi\u00e7\u00f5es\u00a0do Clube Atl\u00e9tico Mineiro<\/li>\n<p>&#13;<\/p>\n<li>Reginaldo Ferreira Tiago, Empres\u00e1rio e L\u00edder do Partido Novo no\u00a0Norte de Minas<\/li>\n<p>&#13;<\/p>\n<li>Ricardo Marcus Guimar\u00e3es Silva, Diretor-Presidente RG Comunica\u00e7\u00e3o<\/li>\n<p>&#13;<\/p>\n<li>Ronaldo Lopes Guimar\u00e3es, Diretor de Rela\u00e7\u00f5es Institucionais no\u00a0Gabinete do Prefeito de Diamantina<\/li>\n<p>&#13;\n<\/ul>\n<\/p><\/div>\n","protected":false},"excerpt":{"rendered":"<p>Relacionadas O governador Romeu Zema entregou, nesta quinta-feira (20\/11), a Medalha Santos Dumont 2025, em cerim\u00f4nia realizada na Villa\u00a0Fonc\u00e3, no<\/p>\n","protected":false},"author":2,"featured_media":0,"comment_status":"","ping_status":"","sticky":false,"template":"","format":"standard","meta":{"colormag_page_container_layout":"default_layout","colormag_page_sidebar_layout":"default_layout","footnotes":""},"categories":[1],"tags":[],"class_list":["post-56129","post","type-post","status-publish","format-standard","hentry","category-ejornais"],"aioseo_notices":[],"amp_enabled":true,"_links":{"self":[{"href":"https:\/\/ejornais.com.br\/index.php\/wp-json\/wp\/v2\/posts\/56129","targetHints":{"allow":["GET"]}}],"collection":[{"href":"https:\/\/ejornais.com.br\/index.php\/wp-json\/wp\/v2\/posts"}],"about":[{"href":"https:\/\/ejornais.com.br\/index.php\/wp-json\/wp\/v2\/types\/post"}],"author":[{"embeddable":true,"href":"https:\/\/ejornais.com.br\/index.php\/wp-json\/wp\/v2\/users\/2"}],"replies":[{"embeddable":true,"href":"https:\/\/ejornais.com.br\/index.php\/wp-json\/wp\/v2\/comments?post=56129"}],"version-history":[{"count":0,"href":"https:\/\/ejornais.com.br\/index.php\/wp-json\/wp\/v2\/posts\/56129\/revisions"}],"wp:attachment":[{"href":"https:\/\/ejornais.com.br\/index.php\/wp-json\/wp\/v2\/media?parent=56129"}],"wp:term":[{"taxonomy":"category","embeddable":true,"href":"https:\/\/ejornais.com.br\/index.php\/wp-json\/wp\/v2\/categories?post=56129"},{"taxonomy":"post_tag","embeddable":true,"href":"https:\/\/ejornais.com.br\/index.php\/wp-json\/wp\/v2\/tags?post=56129"}],"curies":[{"name":"wp","href":"https:\/\/api.w.org\/{rel}","templated":true}]}}