{"id":56161,"date":"2025-11-22T00:41:39","date_gmt":"2025-11-22T03:41:39","guid":{"rendered":"https:\/\/ejornais.com.br\/index.php\/2025\/11\/22\/a-poucas-horas-do-fim-da-cop30-negociacoes-prosseguem-em-belem\/"},"modified":"2025-11-22T00:41:39","modified_gmt":"2025-11-22T03:41:39","slug":"a-poucas-horas-do-fim-da-cop30-negociacoes-prosseguem-em-belem","status":"publish","type":"post","link":"https:\/\/ejornais.com.br\/index.php\/2025\/11\/22\/a-poucas-horas-do-fim-da-cop30-negociacoes-prosseguem-em-belem\/","title":{"rendered":"A poucas horas do fim da COP30, negocia\u00e7\u00f5es prosseguem em Bel\u00e9m"},"content":{"rendered":"<p> Por MRNews<br \/>\n<\/p>\n<div wp_automatic_readability=\"172.87054161162\">\n<p><strong>As negocia\u00e7\u00f5es em torno do documento final da 30\u00aa Confer\u00eancia das Na\u00e7\u00f5es Unidas sobre Mudan\u00e7as Clim\u00e1ticas (COP30) ainda n\u00e3o se encerraram, mesmo faltando poucas horas para o t\u00e9rmino do evento<\/strong>, \u00e0s 23h59\u00a0desta sexta-feira (21). Caso os pa\u00edses n\u00e3o cheguem a consenso at\u00e9 este hor\u00e1rio, as <strong>negocia\u00e7\u00f5es poder\u00e3o se estender\u00a0durante a madrugada ou retornar\u00a0neste s\u00e1bado (22)<\/strong>.<\/p>\n<p>No in\u00edcio da manh\u00e3, foram divulgados os rascunhos dos textos que est\u00e3o em discuss\u00e3o, o chamado Pacote de Bel\u00e9m. <strong>Representantes da sociedade civil criticaram a falta de ambi\u00e7\u00e3o das na\u00e7\u00f5es para buscar as metas clim\u00e1ticas previstas no Acordo de Paris<\/strong>, que procura conter o aumento da temperatura do planeta em at\u00e9 1,5\u00baC, como limite para que o planeta n\u00e3o entre em um ciclo grave de cat\u00e1strofes ambientais.<\/p>\n<p><strong>Um dos principais pontos de frustra\u00e7\u00e3o \u00e9 a aus\u00eancia do mapa do caminho para a elimina\u00e7\u00e3o gradual dos combust\u00edveis f\u00f3sseis<\/strong>, como petr\u00f3leo e carv\u00e3o mineral, os principais respons\u00e1veis pelas emiss\u00f5es dos gases que causam o aquecimento global. O governo brasileiro, e especialmente o presidente Luiz In\u00e1cio Lula da Silva, insistiu muito na aprova\u00e7\u00e3o de um texto que abordasse alguma proposta de cronograma de implementa\u00e7\u00e3o dessa transi\u00e7\u00e3o energ\u00e9tica, o que acabou n\u00e3o se concretizando.<\/p>\n<p><strong><a href=\"https:\/\/mrnews.com.br\/index.php\/2025\/11\/21\/governo-reduz-para-r-77-bi-congelamento-de-despesas-no-orcamento\/\">Governo reduz para R$ 7,7 bi congelamento de despesas no Or\u00e7amento<\/a><\/strong><\/p>\n<p><strong><a href=\"https:\/\/mrnews.com.br\/index.php\/2025\/11\/21\/entidades-da-industria-e-do-agro-celebram-fim-da-taxa-de-40-dos-eua\/\">Entidades da ind\u00fastria e do agro celebram fim da taxa de 40% dos EUA<\/a><\/strong><\/p>\n<p>Para o Observat\u00f3rio do Clima, rede que articula centenas de entidades da sociedade civil, a proposta de texto neste t\u00f3pico acabou contemplando mais o interesse dos pa\u00edses produtores de petr\u00f3leo.<\/p>\n<p><strong>\u201cN\u00e3o h\u00e1 men\u00e7\u00e3o a combust\u00edveis f\u00f3sseis em nenhum dos textos, o que torna qualquer resposta aqui insuficiente. Na parte sobre financiamento, [o rascunho] cria um programa de dois anos sobre financiamento p\u00fablico. Mas como faz uma conex\u00e3o com o artigo 9\u00ba [do Acordo de Paris] como um todo, a gente tem que esperar para ver a rea\u00e7\u00e3o dos pa\u00edses \u00e1rabes para ver iss\u00a0vai ser suficiente\u201d, apontou Stela Herschmann, especialista em pol\u00edtica clim\u00e1tica do Observat\u00f3rio.<\/strong><\/p>\n<p>Ao longo de todo o dia, grupos negociadores, que s\u00e3o articula\u00e7\u00f5es de pa\u00edses que costumam negociar em conjunto, como Grupo Africano, Uni\u00e3o Europeia, pa\u00edses \u00e1rabes, o bloco China+77, entre outros, passaram o dia em tratativas e disputas sobre os rumos dos documentos.<\/p>\n<p>Um grupo de 29 pa\u00edses, entre eles Col\u00f4mbia, Alemanha, Fran\u00e7a, Reino Unido e na\u00e7\u00f5es insulares como Ilhas Marshall e Vanuatu, estas \u00faltimas fortemente amea\u00e7adas pela subida dos oceanos, reagiu pedindo revis\u00e3o imediata do texto em an\u00e1lise.<\/p>\n<p><strong><a href=\"https:\/\/mrnews.com.br\/index.php\/2025\/11\/21\/brb-diz-que-recuperou-r-10-bilhoes-das-carteiras-com-master\/\">BRB diz que recuperou R$ 10 bilh\u00f5es das carteiras com Master<\/a><\/strong><\/p>\n<p><strong><a href=\"https:\/\/mrnews.com.br\/index.php\/2025\/11\/21\/retirada-de-sem-terra-de-fazendas-em-rondonia-termina-com-duas-mortes\/\">Retirada de sem-terra de fazendas em Rond\u00f4nia termina com\u00a0duas mortes<\/a><\/strong><\/p>\n<p><strong>\u201cN\u00e3o podemos apoiar um resultado que n\u00e3o inclua o roteiro de implementa\u00e7\u00e3o de uma transi\u00e7\u00e3o justa, ordenada e equitativa\u201d, afirmou o grupo que\u00a0prop\u00f5e a realiza\u00e7\u00e3o, no ano que vem, de uma confer\u00eancia internacional para tratar justamente sobre a elimina\u00e7\u00e3o dos combust\u00edveis f\u00f3sseis.<\/strong><\/p>\n<p>\u201cA gente n\u00e3o pode sair daqui com esse gosto amargo na boca\u201d, afirmou Carolina Pasquali, diretora-executiva do Greenpeace Brasil.<\/p>\n<p>\u201cTem um grupo de pa\u00edses que sempre se coloca contra, a Ar\u00e1bia Saudita, por exemplo, a \u00cdndia, e outros que est\u00e3o reclamando que n\u00e3o vieram para c\u00e1 com esse mandato de discutir combust\u00edveis f\u00f3sseis. Ontem, a gente teve um pequeno inc\u00eandio aqui que s\u00f3 n\u00e3o virou uma grande trag\u00e9dia porque ele foi lidado com urg\u00eancia, os bombeiros e os profissionais trataram o fogo com a urg\u00eancia que eles demandam de n\u00f3s e a gente est\u00e1 aqui hoje trabalhando\u201d, acrescentou.<\/p>\n<p>Renomados cientistas tamb\u00e9m publicaram uma carta\u00a0em que criticam a aus\u00eancia de men\u00e7\u00f5es a combust\u00edveis f\u00f3sseis nos documentos da COP30 e alertam para um cen\u00e1rio em que a temperatura m\u00e9dia global poder\u00e1 escalar acima de 2\u00baC, o que seria uma amea\u00e7a existencial \u00e0 vida humana no planeta. \u00a0<\/p>\n<p>Em meio a diverg\u00eancias, tanto o presidente da COP30, embaixador Andr\u00e9 Corr\u00eaa do Lago, quanto o secret\u00e1rio-geral da Organiza\u00e7\u00e3o das Na\u00e7\u00f5es Unidas, Ant\u00f3nio Guterres, se manifestaram ao longo do dia pedindo por consenso e instando os pa\u00edses a alcan\u00e7arem resultados concretos.<\/p>\n<h2>Avan\u00e7os conquistados<\/h2>\n<p>No campo da adapta\u00e7\u00e3o, que \u00e9 o conceito que se relaciona com o conjunto de a\u00e7\u00f5es clim\u00e1ticas para tornar as comunidades mais resilientes aos eventos extremos, a COP30 conseguiu gerar alguns avan\u00e7os.<\/p>\n<p><strong>Proposta da presid\u00eancia brasileira apresentou uma lista anexa de 59 indicadores de adapta\u00e7\u00e3o<\/strong>, menos do que os 100 inicialmente previstos. Trata-se do chamado GGA, da sigla em ingl\u00eas. Esses indicadores definem meios de implementa\u00e7\u00e3o que falam sobre financiamento p\u00fablico internacional de pa\u00edses desenvolvidos para pa\u00edses em desenvolvimento.<\/p>\n<p>\u201cTemos tamb\u00e9m o estabelecimento de um novo processo, que \u00e9 o processo de Bel\u00e9m at\u00e9 Addis, na Eti\u00f3pia, que tem a fun\u00e7\u00e3o de fazer o alinhamento das pol\u00edticas de adapta\u00e7\u00e3o e trazer salvaguardas para a implementa\u00e7\u00e3o dos indicadores, que \u00e9 uma demanda que vem dos pa\u00edses africanos. E ainda temos o Baku Adaptation Roadmap no texto, por outro lado, tamb\u00e9m cumprindo essa fun\u00e7\u00e3o de coordena\u00e7\u00e3o entre as agendas de adapta\u00e7\u00e3o. Por outro lado, ainda n\u00e3o temos o texto da nova meta de financiamento nessa proposta da presid\u00eancia. Ele foi movido para a decis\u00e3o do mutir\u00e3o, com uma linguagem ainda fraca sobre triplicar financiamento para adapta\u00e7\u00e3o, sem dizer claramente de onde vem esse financiamento, ent\u00e3o precisamos ver como os pa\u00edses reagir\u00e3o a essa proposta\u201d, destacou Daniel Porcel, especialista do Instituto Talanoa.<\/p>\n<p>J\u00e1 a especialista em pol\u00edtica clim\u00e1tica da The Nature Conservancy (TNC), Fernanda Bortolotto, destaca o plano de trabalho de mitiga\u00e7\u00e3o que\u00a0\u201cteve o reconhecimento dos direitos ind\u00edgenas e povos tradicionais, pelos territ\u00f3rios, como uma pol\u00edtica de longo prazo para ajudar no combate \u00e0s mudan\u00e7as clim\u00e1ticas\u201d.<\/p>\n<p>No tema relacionado ao Programa de Trabalho sobre Transi\u00e7\u00e3o Justa, houve um avan\u00e7o importante, na avalia\u00e7\u00e3o das entidades que acompanham o assunto, que \u00e9 a previs\u00e3o de um instrumento multilateral, no \u00e2mbito do Secretariado da ONU sobre Mudan\u00e7as Clim\u00e1ticas (UNFCCC), que impulsione a\u00e7\u00f5es sobre a chamada transi\u00e7\u00e3o justa.<\/p>\n<p class=\"rtejustify\">\u201cTem uma op\u00e7\u00e3o no texto, que ainda precisa ser adotado, decidindo desenvolver um mecanismo, no pr\u00f3ximo ano, cujas fun\u00e7\u00f5es v\u00e3o ser delineadas na sess\u00e3o dos \u00f3rg\u00e3os subsidi\u00e1rios em Bonn [Alemanha], unindo tamb\u00e9m com uma recomenda\u00e7\u00e3o para o novo mandato, novo ciclo do Programa de Trabalho para Transi\u00e7\u00e3o Justa, a ser adotado na COP31\u201d, pontuou a\u00a0diretora executiva do instituto LACLIMA, Caroline Rocha.<\/p>\n<\/div>\n","protected":false},"excerpt":{"rendered":"<p>Por MRNews As negocia\u00e7\u00f5es em torno do documento final da 30\u00aa Confer\u00eancia das Na\u00e7\u00f5es Unidas sobre Mudan\u00e7as Clim\u00e1ticas (COP30) ainda<\/p>\n","protected":false},"author":2,"featured_media":0,"comment_status":"","ping_status":"","sticky":false,"template":"","format":"standard","meta":{"colormag_page_container_layout":"default_layout","colormag_page_sidebar_layout":"default_layout","footnotes":""},"categories":[1],"tags":[],"class_list":["post-56161","post","type-post","status-publish","format-standard","hentry","category-ejornais"],"aioseo_notices":[],"amp_enabled":true,"_links":{"self":[{"href":"https:\/\/ejornais.com.br\/index.php\/wp-json\/wp\/v2\/posts\/56161","targetHints":{"allow":["GET"]}}],"collection":[{"href":"https:\/\/ejornais.com.br\/index.php\/wp-json\/wp\/v2\/posts"}],"about":[{"href":"https:\/\/ejornais.com.br\/index.php\/wp-json\/wp\/v2\/types\/post"}],"author":[{"embeddable":true,"href":"https:\/\/ejornais.com.br\/index.php\/wp-json\/wp\/v2\/users\/2"}],"replies":[{"embeddable":true,"href":"https:\/\/ejornais.com.br\/index.php\/wp-json\/wp\/v2\/comments?post=56161"}],"version-history":[{"count":0,"href":"https:\/\/ejornais.com.br\/index.php\/wp-json\/wp\/v2\/posts\/56161\/revisions"}],"wp:attachment":[{"href":"https:\/\/ejornais.com.br\/index.php\/wp-json\/wp\/v2\/media?parent=56161"}],"wp:term":[{"taxonomy":"category","embeddable":true,"href":"https:\/\/ejornais.com.br\/index.php\/wp-json\/wp\/v2\/categories?post=56161"},{"taxonomy":"post_tag","embeddable":true,"href":"https:\/\/ejornais.com.br\/index.php\/wp-json\/wp\/v2\/tags?post=56161"}],"curies":[{"name":"wp","href":"https:\/\/api.w.org\/{rel}","templated":true}]}}