{"id":56193,"date":"2025-11-22T22:14:00","date_gmt":"2025-11-23T01:14:00","guid":{"rendered":"https:\/\/ejornais.com.br\/index.php\/2025\/11\/22\/prefeitura-do-rio-conclui-revitalizacao-do-centro-comercial-da-grota-no-complexo-do-alemao-prefeitura-da-cidade-do-rio-de-janeiro\/"},"modified":"2025-11-22T22:14:00","modified_gmt":"2025-11-23T01:14:00","slug":"prefeitura-do-rio-conclui-revitalizacao-do-centro-comercial-da-grota-no-complexo-do-alemao-prefeitura-da-cidade-do-rio-de-janeiro","status":"publish","type":"post","link":"https:\/\/ejornais.com.br\/index.php\/2025\/11\/22\/prefeitura-do-rio-conclui-revitalizacao-do-centro-comercial-da-grota-no-complexo-do-alemao-prefeitura-da-cidade-do-rio-de-janeiro\/","title":{"rendered":"Prefeitura do Rio conclui revitaliza\u00e7\u00e3o do Centro Comercial da Grota, no Complexo do Alem\u00e3o &#8211; Prefeitura da Cidade do Rio de Janeiro"},"content":{"rendered":"<p><\/p>\n<div id=\"main\">\n<div class=\"wrapper-breadcrumbs\" wp_automatic_readability=\"45.654691462384\">\n<div class=\"image-post\" wp_automatic_readability=\"33\">\n                     Centro Comercial da Grota, no Complexo do Alem\u00e3o &#8211; Foto: Divulga\u00e7\u00e3o                  <\/div>\n<p>A Prefeitura do Rio concluiu a revitaliza\u00e7\u00e3o do Centro Comercial da Grota, localizado na Estrada do Itarar\u00e9, n\u00ba 341, no Complexo do Alem\u00e3o. O espa\u00e7o, que abriga 20 lojas de empreendedores locais, passou por uma ampla reforma que proporciona melhores condi\u00e7\u00f5es de trabalho para os comerciantes e mais conforto e seguran\u00e7a para os frequentadores. O investimento foi de R$352,3 mil, executado pela Empresa Municipal de Urbaniza\u00e7\u00e3o (Rio-Urbe), vinculada \u00e0 Secretaria Municipal de Infraestrutura (SMI).<\/p>\n<blockquote wp_automatic_readability=\"8\">\n<p>\u2013 \u00a0A Prefeitura faz esfor\u00e7o para governar para quem mais precisa. Temos um olhas especial para os Grandes Complexos. Com as contas organizadas, o munic\u00edpio pode investir ajudar os comerciantes do Alem\u00e3o com a revitaliza\u00e7\u00e3o deste centro comercial. \u2013 disse o vice-prefeito Eduardo Cavaliere.<\/p>\n<\/blockquote>\n<p>A interven\u00e7\u00e3o incluiu a reforma geral e a pintura do port\u00e3o de entrada, a instala\u00e7\u00e3o de um novo letreiro em inox na fachada e a pintura das portas de enrolar das 20 lojas, al\u00e9m da pintura geral da fachada do Centro Comercial. A laje do teto foi impermeabilizada, garantindo prote\u00e7\u00e3o contra infiltra\u00e7\u00f5es, e toda a ilumina\u00e7\u00e3o do espa\u00e7o, incluindo lumin\u00e1rias e ilumina\u00e7\u00e3o de servi\u00e7o, foi substitu\u00edda. O piso da sobreloja foi pintado, enquanto a cal\u00e7ada e o piso do t\u00e9rreo receberam concretagem, aumentando a seguran\u00e7a e o conforto de clientes e comerciantes. Os banheiros masculino, feminino e PCD passaram por reforma completa, e uma rampa com corrim\u00e3o foi instalada para garantir acessibilidade. Al\u00e9m disso, foi executada uma canaleta para o sistema de drenagem e instalada uma jardineira com paisagismo, tornando o ambiente mais agrad\u00e1vel.<\/p>\n<blockquote wp_automatic_readability=\"12\">\n<p>\u2013 A Prefeitura realizou um investimento importante na reforma deste espa\u00e7o, que vai beneficiar comerciantes, moradores e contribuir para a valoriza\u00e7\u00e3o de toda a regi\u00e3o. \u00c9 fundamental que todos ajudem a preservar esse ambiente, que gera oportunidades e fortalece a conviv\u00eancia. Tenho orgulho de trabalhar na implanta\u00e7\u00e3o de pol\u00edticas p\u00fablicas que fazem diferen\u00e7a na vida de quem mais precisa \u2013 ressaltou a subprefeita dos Grandes Complexos, Marl\u00ed Pe\u00e7anha.<\/p>\n<\/blockquote>\n<p>Com a conclus\u00e3o dos servi\u00e7os, o Centro Comercial da Grota volta a ser um espa\u00e7o de conviv\u00eancia, trabalho e oportunidades, reafirmando o compromisso da Prefeitura do Rio com a melhoria da infraestrutura nas comunidades e o apoio ao pequeno empreendedor.<\/p>\n<blockquote wp_automatic_readability=\"11\">\n<p>\u2013 A requalifica\u00e7\u00e3o do Centro Comercial \u00e9 uma conquista importante para o Alem\u00e3o. Al\u00e9m de proporcionar mais dignidade, seguran\u00e7a e conforto aos comerciantes, o espa\u00e7o revitalizado estimula o fluxo de clientes e fortalece a economia local. \u2013 destacou Cristiano Siqueira, presidente da Rio-Urbe.<\/p>\n<\/blockquote>\n<p>             <!-- Compartilhe ---><\/p>\n<p>\t\t\t <!-- TAGS --><\/p>\n<section class=\"category-tags\">\n<div class=\"marcacao-category\">\n<article class=\"category-post\">\n<p>Categoria: <\/p>\n<\/article>\n<li>22 de novembro de 2025<\/li><\/div>\n<article class=\"tags\">\n\t\t\t\t\tMarca\u00e7\u00f5es: Cidade do Rio de Janeiro Complexo do Alem\u00e3o economia empreendedores<br \/><\/article>\n<\/section>\n<p>            <!-- Mais Not&iacute;cias --><\/p>\n<p>\t\t<!-- Conte&uacute;do SIDEBAR --><\/p><\/div>\n<\/p><\/div>\n","protected":false},"excerpt":{"rendered":"<p>Centro Comercial da Grota, no Complexo do Alem\u00e3o &#8211; Foto: Divulga\u00e7\u00e3o A Prefeitura do Rio concluiu a revitaliza\u00e7\u00e3o do Centro<\/p>\n","protected":false},"author":2,"featured_media":0,"comment_status":"","ping_status":"","sticky":false,"template":"","format":"standard","meta":{"colormag_page_container_layout":"default_layout","colormag_page_sidebar_layout":"default_layout","footnotes":""},"categories":[1],"tags":[],"class_list":["post-56193","post","type-post","status-publish","format-standard","hentry","category-ejornais"],"aioseo_notices":[],"amp_enabled":true,"_links":{"self":[{"href":"https:\/\/ejornais.com.br\/index.php\/wp-json\/wp\/v2\/posts\/56193","targetHints":{"allow":["GET"]}}],"collection":[{"href":"https:\/\/ejornais.com.br\/index.php\/wp-json\/wp\/v2\/posts"}],"about":[{"href":"https:\/\/ejornais.com.br\/index.php\/wp-json\/wp\/v2\/types\/post"}],"author":[{"embeddable":true,"href":"https:\/\/ejornais.com.br\/index.php\/wp-json\/wp\/v2\/users\/2"}],"replies":[{"embeddable":true,"href":"https:\/\/ejornais.com.br\/index.php\/wp-json\/wp\/v2\/comments?post=56193"}],"version-history":[{"count":0,"href":"https:\/\/ejornais.com.br\/index.php\/wp-json\/wp\/v2\/posts\/56193\/revisions"}],"wp:attachment":[{"href":"https:\/\/ejornais.com.br\/index.php\/wp-json\/wp\/v2\/media?parent=56193"}],"wp:term":[{"taxonomy":"category","embeddable":true,"href":"https:\/\/ejornais.com.br\/index.php\/wp-json\/wp\/v2\/categories?post=56193"},{"taxonomy":"post_tag","embeddable":true,"href":"https:\/\/ejornais.com.br\/index.php\/wp-json\/wp\/v2\/tags?post=56193"}],"curies":[{"name":"wp","href":"https:\/\/api.w.org\/{rel}","templated":true}]}}