{"id":56321,"date":"2025-11-25T12:31:38","date_gmt":"2025-11-25T15:31:38","guid":{"rendered":"https:\/\/ejornais.com.br\/index.php\/2025\/11\/25\/mec-autoriza-reforma-do-campus-jardim-angela-do-ifsp-ifsp\/"},"modified":"2025-11-25T12:31:38","modified_gmt":"2025-11-25T15:31:38","slug":"mec-autoriza-reforma-do-campus-jardim-angela-do-ifsp-ifsp","status":"publish","type":"post","link":"https:\/\/ejornais.com.br\/index.php\/2025\/11\/25\/mec-autoriza-reforma-do-campus-jardim-angela-do-ifsp-ifsp\/","title":{"rendered":"MEC autoriza reforma do Campus Jardim \u00c2ngela do IFSP &#8211; IFSP"},"content":{"rendered":"<p><\/p>\n<div>\n<div class=\"subtitle\">\n<p><span data-contrast=\"auto\">Nesta segunda (24), o ministro Camilo Santana e o reitor Silm\u00e1rio Santos assinaram Termo de In\u00edcio de Execu\u00e7\u00e3o <\/span><span data-ccp-props=\"{}\">\u00a0<\/span><\/p>\n<\/div>\n<p><!-- fim .content-header-options-1 --><\/p>\n<p><span data-contrast=\"auto\"><span class=\"easy_img_caption\" style=\"display:inline-table;max-width:100%;box-sizing:border-box;vertical-align:top;background-color:#F2F2F2;padding:6px 6px 0px 6px;width:474px;float:left;margin: 10px;\"><span class=\"easy_img_caption_inner\" style=\"display:block;\"><span style=\"display:block;color:#000000;font-size:13px;line-height:1.3;font-weight:normal;font-style:normal;text-align:left;padding:4px 0px 4px 0px;margin:0px;\">Foto: \u00c2ngelo Miguel\/MEC<\/span><\/span><\/span>O Campus Jardim \u00c2ngela do Instituto Federal de S\u00e3o Paulo (IFSP) teve a implementa\u00e7\u00e3o autorizada pelo Minist\u00e9rio da Educa\u00e7\u00e3o (MEC) nesta segunda-feira, 24 de novembro. Na data, o titular da pasta da Educa\u00e7\u00e3o, Camilo Santana, recebeu o reitor do IFSP, Silm\u00e1rio Santos, em Bras\u00edlia. Para a obra, est\u00e3o previstos R$ 15 milh\u00f5es. Destes, R$ 6,4 milh\u00f5es j\u00e1 foram destinados \u00e0 compra do im\u00f3vel de 6 mil metros quadrados, com quase 3 mil metros de \u00e1rea constru\u00edda, onde funcionar\u00e1 a institui\u00e7\u00e3o de ensino ap\u00f3s a reforma e adapta\u00e7\u00e3o do espa\u00e7o. Outros R$10 milh\u00f5es ser\u00e3o investidos em mobili\u00e1rio e equipamentos. A unidade integra o plano de expans\u00e3o do governo federal, que est\u00e1 implantando mais de 100 campi de Institutos Federais\u00a0no pa\u00eds.\u00a0<\/span><span data-ccp-props=\"{}\">\u00a0<\/span><\/p>\n<p><span data-contrast=\"auto\">Na ocasi\u00e3o, o ministro ressaltou que a aquisi\u00e7\u00e3o do pr\u00e9dio que abrigar\u00e1 o campus Jardim \u00c2ngela reafirma o compromisso do governo federal de ampliar o acesso \u00e0 educa\u00e7\u00e3o p\u00fablica de qualidade, de maneira a levar o IFSP para a juventude e demais estudantes que ter\u00e3o acesso aos cursos t\u00e9cnicos e superiores. \u201cH\u00e1 um adensamento muito grande l\u00e1 na regi\u00e3o e a dificuldade de encontrar um im\u00f3vel ou um terreno para construir o campus do Instituto Federal. N\u00f3s negociamos e estamos adquirindo esse pr\u00e9dio, acabamos de assinar o contrato, e tamb\u00e9m assinamos o termo de execu\u00e7\u00e3o da reforma\u201d, celebrou Camilo Santana.\u00a0<\/span><span data-ccp-props=\"{}\">\u00a0<\/span><\/p>\n<p><span data-contrast=\"auto\">Para o reitor Silm\u00e1rio Santos, a amplia\u00e7\u00e3o dos institutos federais \u00e9 uma das maiores pol\u00edticas p\u00fablicas do governo federal. \u201cEssa expans\u00e3o leva oportunidades principalmente para regi\u00f5es mais carentes do pa\u00eds, para pessoas vulner\u00e1veis. Ela leva o ensino p\u00fablico gratuito\u201d, pontuou. Tamb\u00e9m participaram da agenda o secret\u00e1rio-executivo do MEC, Leonardo Barchini, e o secret\u00e1rio de Educa\u00e7\u00e3o Profissional e Tecnol\u00f3gica do MEC, Marcelo Bregagnoli.\u00a0<\/span><span data-ccp-props=\"{}\">\u00a0<\/span><\/p>\n<p><span data-contrast=\"auto\">Quando estiver em funcionamento, o Campus Jardim \u00c2ngela ofertar\u00e1 os cursos t\u00e9cnicos em enfermagem e t\u00e9cnico em farm\u00e1cia, no eixo tecnol\u00f3gico ambiente e sa\u00fade; e t\u00e9cnico em produ\u00e7\u00e3o de \u00e1udio e v\u00eddeo e t\u00e9cnico em design gr\u00e1fico, no eixo tecnol\u00f3gico produ\u00e7\u00e3o cultural e design. As \u00e1reas de atua\u00e7\u00e3o foram definidas em audi\u00eancias p\u00fablicas realizadas pelo IFSP com a comunidade e o setor produtivo.\u00a0<\/span><span data-ccp-props=\"{}\">\u00a0<\/span><\/p>\n<p><span data-contrast=\"auto\">O novo Campus Jardim \u00c2ngela j\u00e1 oferta qualifica\u00e7\u00e3o profissional, mesmo antes de ter a sede pr\u00f3pria. S\u00e3o tr\u00eas cursos pelo programa Capacita em Rede: manicure; produ\u00e7\u00e3o de alimentos: doces e salgados; e produ\u00e7\u00e3o de m\u00eddia, v\u00eddeo e fotografia. Al\u00e9m desses, nesta ter\u00e7a-feira (25), inicia-se mais um curso de qualifica\u00e7\u00e3o na \u00e1rea de sa\u00fade: no\u00e7\u00f5es b\u00e1sicas de cuidados com os idosos. Outros cursos j\u00e1 foram ofertados para a comunidade: inform\u00e1tica b\u00e1sica e eletricista predial de baixa tens\u00e3o.\u00a0<\/span><span data-ccp-props=\"{}\">\u00a0<\/span><\/p>\n<p><span data-contrast=\"auto\">At\u00e9 a conclus\u00e3o da obra, as aulas est\u00e3o sendo ministradas na Par\u00f3quia Santos M\u00e1rtires, localizada em Jardim Dona Regina; na Par\u00f3quia Nossa Senhora Esperan\u00e7a, em Alto do Riviera; no CEU Vila do Sol; e no CEU Guarapiranga, no Parque Bologne, dentre outros espa\u00e7os na regi\u00e3o.\u00a0\u00a0<\/span><span data-ccp-props=\"{}\">\u00a0<\/span><\/p>\n<p><b><span data-contrast=\"auto\">Instituto Federal \u2013<\/span><\/b><span data-contrast=\"auto\">\u00a0O IFSP conta com 41 campi e um polo de inova\u00e7\u00e3o. Atualmente, s\u00e3o ofertados 660 cursos para 67.859 estudantes. Al\u00e9m do Campus Jardim \u00c2ngela, est\u00e3o sendo implantados os campi Cidade Tiradentes, tamb\u00e9m na capital; Osasco; Santos; Diadema; Ribeir\u00e3o Preto; Sumar\u00e9; Franco da Rocha; Cotia; Carapicu\u00edba; S\u00e3o Vicente; Mau\u00e1; e Guaruj\u00e1, com investimentos de R$ 325 milh\u00f5es do Programa de Acelera\u00e7\u00e3o do Crescimento (Novo PAC). As novas unidades atender\u00e3o regi\u00f5es que ainda n\u00e3o possuem campus ou que registram n\u00famero baixo de matr\u00edculas em cursos t\u00e9cnicos de n\u00edvel m\u00e9dio em rela\u00e7\u00e3o \u00e0 popula\u00e7\u00e3o da regi\u00e3o.\u00a0<\/span><span data-ccp-props=\"{}\">\u00a0<\/span><span data-ccp-props=\"{}\">\u00a0<\/span><\/p>\n<p><i><span data-contrast=\"auto\">*Assessoria de Comunica\u00e7\u00e3o Social do MEC, com informa\u00e7\u00f5es da Secretaria de Educa\u00e7\u00e3o Profissional e Tecnol\u00f3gica (Setec)<\/span><\/i><span data-ccp-props=\"{}\">\u00a0.<\/span><\/p>\n<div>\n<div>\n<div class=\"n2-section-smartslider fitvidsignore  n2_clear\" data-ssid=\"98\">\n<div id=\"n2-ss-98-align\" class=\"n2-ss-align\">\n<div class=\"n2-padding\">\n<div id=\"n2-ss-98\" data-creator=\"Smart Slider 3\" data-responsive=\"auto\" class=\"n2-ss-slider n2-ow n2-has-hover n2notransition\">\n<div class=\"n2-ss-slider-wrapper-outside\" style=\"grid-template-rows:1fr auto\">\n<div class=\"n2-ss-slider-wrapper-inside\">\n<div class=\"n2-ss-slider-1 n2_ss__touch_element n2-ow\">\n<div class=\"n2-ss-slider-2 n2-ow\">\n<div class=\"n2-ss-slider-3 n2-ow\">\n<div class=\"n2-ss-slider-4 n2-ow\">                         <svg xmlns=\"http:\/\/www.w3.org\/2000\/svg\" viewbox=\"0 0 750 500\" data-related-device=\"desktopPortrait\" class=\"n2-ow n2-ss-preserve-size n2-ss-preserve-size--slider n2-ss-slide-limiter\"\/><\/p>\n<div data-first=\"1\" data-slide-duration=\"0\" data-id=\"1873\" data-slide-public-id=\"1\" data-title=\"DSTK-MEC-JDANGELA.jpeg\" class=\"n2-ss-slide n2-ow  n2-ss-slide-1873\">\n<p>DSTK-MEC-JDANGELA.jpeg<\/p>\n<\/div>\n<div data-slide-duration=\"0\" data-id=\"1874\" data-slide-public-id=\"2\" aria-hidden=\"true\" data-title=\"MEC_JDANGELA.jpeg\" class=\"n2-ss-slide n2-ow  n2-ss-slide-1874\">\n<p>MEC_JDANGELA.jpeg<\/p>\n<\/div>\n<div data-slide-duration=\"0\" data-id=\"1875\" data-slide-public-id=\"3\" aria-hidden=\"true\" data-title=\"MEC_JDANGELA1.jpeg\" class=\"n2-ss-slide n2-ow  n2-ss-slide-1875\">\n<p>MEC_JDANGELA1.jpeg<\/p>\n<\/div>\n<div data-slide-duration=\"0\" data-id=\"1876\" data-slide-public-id=\"4\" aria-hidden=\"true\" data-title=\"MEC_JDANGELA2.jpeg\" class=\"n2-ss-slide n2-ow  n2-ss-slide-1876\">\n<p>MEC_JDANGELA2.jpeg<\/p>\n<\/div><\/div>\n<\/p><\/div>\n<\/p><\/div>\n<\/p><\/div>\n<\/p><\/div>\n<\/div>\n<\/div>\n<p><ss3-loader\/><\/div>\n<\/div>\n<\/div>\n<\/div>\n<\/div>\n<p><span data-ccp-props=\"{}\">\u00a0<\/span><\/p>\n<\/div>\n","protected":false},"excerpt":{"rendered":"<p>Nesta segunda (24), o ministro Camilo Santana e o reitor Silm\u00e1rio Santos assinaram Termo de In\u00edcio de Execu\u00e7\u00e3o \u00a0 Foto:<\/p>\n","protected":false},"author":2,"featured_media":0,"comment_status":"","ping_status":"","sticky":false,"template":"","format":"standard","meta":{"colormag_page_container_layout":"default_layout","colormag_page_sidebar_layout":"default_layout","footnotes":""},"categories":[1],"tags":[],"class_list":["post-56321","post","type-post","status-publish","format-standard","hentry","category-ejornais"],"aioseo_notices":[],"amp_enabled":true,"_links":{"self":[{"href":"https:\/\/ejornais.com.br\/index.php\/wp-json\/wp\/v2\/posts\/56321","targetHints":{"allow":["GET"]}}],"collection":[{"href":"https:\/\/ejornais.com.br\/index.php\/wp-json\/wp\/v2\/posts"}],"about":[{"href":"https:\/\/ejornais.com.br\/index.php\/wp-json\/wp\/v2\/types\/post"}],"author":[{"embeddable":true,"href":"https:\/\/ejornais.com.br\/index.php\/wp-json\/wp\/v2\/users\/2"}],"replies":[{"embeddable":true,"href":"https:\/\/ejornais.com.br\/index.php\/wp-json\/wp\/v2\/comments?post=56321"}],"version-history":[{"count":0,"href":"https:\/\/ejornais.com.br\/index.php\/wp-json\/wp\/v2\/posts\/56321\/revisions"}],"wp:attachment":[{"href":"https:\/\/ejornais.com.br\/index.php\/wp-json\/wp\/v2\/media?parent=56321"}],"wp:term":[{"taxonomy":"category","embeddable":true,"href":"https:\/\/ejornais.com.br\/index.php\/wp-json\/wp\/v2\/categories?post=56321"},{"taxonomy":"post_tag","embeddable":true,"href":"https:\/\/ejornais.com.br\/index.php\/wp-json\/wp\/v2\/tags?post=56321"}],"curies":[{"name":"wp","href":"https:\/\/api.w.org\/{rel}","templated":true}]}}