{"id":56441,"date":"2025-11-27T04:54:40","date_gmt":"2025-11-27T07:54:40","guid":{"rendered":"https:\/\/ejornais.com.br\/index.php\/2025\/11\/27\/justica-permite-manter-rogerio-andrade-em-presidio-federal-fora-do-rio\/"},"modified":"2025-11-27T04:54:40","modified_gmt":"2025-11-27T07:54:40","slug":"justica-permite-manter-rogerio-andrade-em-presidio-federal-fora-do-rio","status":"publish","type":"post","link":"https:\/\/ejornais.com.br\/index.php\/2025\/11\/27\/justica-permite-manter-rogerio-andrade-em-presidio-federal-fora-do-rio\/","title":{"rendered":"Justi\u00e7a permite manter Rog\u00e9rio Andrade em presidio federal fora do Rio"},"content":{"rendered":"<p> Por MRNews<br \/>\n<\/p>\n<div wp_automatic_readability=\"87.174031642117\">\n<p><strong>O Grupo de Atua\u00e7\u00e3o Especial de Combate ao Crime Organizado do Minist\u00e9rio P\u00fablico do Estado do Rio de Janeiro (Gaeco) obteve, na Justi\u00e7a, decis\u00e3o favor\u00e1vel \u00e0 manuten\u00e7\u00e3o do contraventor Rog\u00e9rio Andrade no pres\u00eddio federal de seguran\u00e7a m\u00e1xima de Campo Grande, Mato Grosso do Sul<\/strong>.\u00a0<\/p>\n<p>O novo pedido de inclus\u00e3o no Regime Disciplinar Diferenciado, que ter\u00e1 dura\u00e7\u00e3o de um ano, foi deferido em 29 de setembro de 2025 pelo Ju\u00edzo da 1\u00aa Vara Especializada em Organiza\u00e7\u00e3o Criminosa do Tribunal de Justi\u00e7a do Estado do Rio de Janeiro (TJ-RJ) e ratificado nesta ter\u00e7a-feira (25) pela ju\u00edza corregedora substituta da unidade federal, Franscielle Martins Gomes Medeiros.<\/p>\n<p>O novo pedido de inclus\u00e3o no Regime Disciplinar Diferenciado (RDD) <strong>foi fundamentado na den\u00fancia ajuizada contra o contraventor e contra Fl\u00e1vio da Silva Santos, conhecido como \u201cFl\u00e1vio da Mocidade\u201d.<\/strong><\/p>\n<p><strong><a href=\"https:\/\/mrnews.com.br\/index.php\/2025\/11\/27\/stf-cancela-tese-juridica-da-revisao-da-vida-toda-do-inss\/\">STF cancela tese jur\u00eddica da revis\u00e3o da vida toda do INSS<\/a><\/strong><\/p>\n<p><strong><a href=\"https:\/\/mrnews.com.br\/index.php\/2025\/11\/27\/sao-paulo-recebera-1a-edicao-da-copa-america-de-futebol-de-cegas\/\">S\u00e3o Paulo receber\u00e1 1\u00aa edi\u00e7\u00e3o da Copa Am\u00e9rica de futebol de cegas<\/a><\/strong><\/p>\n<p>A den\u00fancia relata que ambos comandam a principal organiza\u00e7\u00e3o respons\u00e1vel pela explora\u00e7\u00e3o de jogos de azar no Estado do Rio de Janeiro, <strong>atuando na gest\u00e3o dos pontos de jogo e em disputas violentas com grupos rivais<\/strong>. O documento tamb\u00e9m descreve a atua\u00e7\u00e3o dos acusados na corrup\u00e7\u00e3o sistem\u00e1tica de for\u00e7as policiais, mediante o pagamento de propina a diversas unidades das Pol\u00edcias Civil e Militar.<\/p>\n<h2>Pris\u00e3o<\/h2>\n<p><strong>Rog\u00e9rio foi inicialmente preso em outubro de 2024, ap\u00f3s den\u00fancia oferecida \u00e0 Justi\u00e7a pelo Gaeco, pelo homic\u00eddio qualificado de Fernando de Miranda Iggnacio, ocorrido em novembro de 2020, no estacionamento de um heliporto no Recreio dos Bandeirantes, quando a v\u00edtima retornava de helic\u00f3ptero de sua casa de praia em Angra dos Reis, na Costa Verde fluminense<\/strong>.<\/p>\n<p>Em of\u00edcio encaminhado \u00e0 Oitava C\u00e2mara Criminal do Tribunal de Justi\u00e7a, atendendo ao pedido do MPRJ, a 1\u00aa Vara Especializada em Organiza\u00e7\u00e3o Criminosa destacou que \u201cs\u00e3o atribu\u00eddos a Rog\u00e9rio, diversos il\u00edcitos penais, sendo ele apontado como um dos principais l\u00edderes de organiza\u00e7\u00e3o criminosa atuante no estado, o que justifica sua manuten\u00e7\u00e3o em pres\u00eddio federal de seguran\u00e7a m\u00e1xima\u201d.<\/p>\n<h2>Reviravolta<\/h2>\n<p><strong>No in\u00edcio deste m\u00eas, a Justi\u00e7a do Rio tinha revogado o Regime Disciplinar Diferenciado (RDD) do bicheiro Rog\u00e9rio Andrade. Assim, ele deixaria a penitenci\u00e1ria de seguran\u00e7a m\u00e1xima, em Campo Grande, Mato Grosso do Sul,\u00a0 onde estava preso desde novembro de 2024 \u00a0e retornaria para o sistema carcer\u00e1rio do Rio de Janeiro<\/strong>.<\/p>\n<p><strong><a href=\"https:\/\/mrnews.com.br\/index.php\/2025\/11\/27\/estudo-defende-substituir-vale-transporte-por-tarifa-zero-universal\/\">Estudo defende substituir vale-transporte por tarifa zero universal<\/a><\/strong><\/p>\n<p><strong><a href=\"https:\/\/mrnews.com.br\/index.php\/2025\/11\/26\/senado-aprova-projeto-que-torna-crime-barricadas-para-cometer-crimes\/\">Senado aprova projeto que torna crime barricadas para cometer crimes<\/a><\/strong><\/p>\n<p>A 8\u00aa C\u00e2mara Criminal do Tribunal de Justi\u00e7a, entendeu que Rog\u00e9rio n\u00e3o tem perfil para continuar no sistema penitenci\u00e1rio federal. O relator do processo, desembargador Marcius da Costa Ferreira, que assinou a decis\u00e3o, disse que o RDD possui natureza excepcional\u00edssima e s\u00f3 deve ser aplicado quando verificada sua efetiva indispensabilidade.<\/p>\n<p>\u201cO custodiado n\u00e3o apresenta perfil compat\u00edvel aos crit\u00e9rios do sistema penitenci\u00e1rio federal, evidenciando a exist\u00eancia de constrangimento ilegal, determino a transfer\u00eancia do paciente para o sistema prisional do estado do Rio para cumprimento da cust\u00f3dia cautelar\u201d, diz a decis\u00e3o.<\/p>\n<p>Com a decis\u00e3o da 1\u00aa\u00a0Vara Criminal Especializada em Organiza\u00e7\u00e3o Criminosa do Tribunal de Justi\u00e7a do Rio, Rog\u00e9rio Andrade n\u00e3o retornar\u00e1 mais para o sistema penitenci\u00e1rio do Rio e ficar\u00e1 no pres\u00eddio federal de seguran\u00e7a m\u00e1xima de Campo Grande, no Mato Grosso do Sul, onde j\u00e1 estava preso.<\/p>\n<p>\u00a0<\/p>\n<\/div>\n","protected":false},"excerpt":{"rendered":"<p>Por MRNews O Grupo de Atua\u00e7\u00e3o Especial de Combate ao Crime Organizado do Minist\u00e9rio P\u00fablico do Estado do Rio de<\/p>\n","protected":false},"author":2,"featured_media":0,"comment_status":"","ping_status":"","sticky":false,"template":"","format":"standard","meta":{"colormag_page_container_layout":"default_layout","colormag_page_sidebar_layout":"default_layout","footnotes":""},"categories":[1],"tags":[],"class_list":["post-56441","post","type-post","status-publish","format-standard","hentry","category-ejornais"],"aioseo_notices":[],"amp_enabled":true,"_links":{"self":[{"href":"https:\/\/ejornais.com.br\/index.php\/wp-json\/wp\/v2\/posts\/56441","targetHints":{"allow":["GET"]}}],"collection":[{"href":"https:\/\/ejornais.com.br\/index.php\/wp-json\/wp\/v2\/posts"}],"about":[{"href":"https:\/\/ejornais.com.br\/index.php\/wp-json\/wp\/v2\/types\/post"}],"author":[{"embeddable":true,"href":"https:\/\/ejornais.com.br\/index.php\/wp-json\/wp\/v2\/users\/2"}],"replies":[{"embeddable":true,"href":"https:\/\/ejornais.com.br\/index.php\/wp-json\/wp\/v2\/comments?post=56441"}],"version-history":[{"count":0,"href":"https:\/\/ejornais.com.br\/index.php\/wp-json\/wp\/v2\/posts\/56441\/revisions"}],"wp:attachment":[{"href":"https:\/\/ejornais.com.br\/index.php\/wp-json\/wp\/v2\/media?parent=56441"}],"wp:term":[{"taxonomy":"category","embeddable":true,"href":"https:\/\/ejornais.com.br\/index.php\/wp-json\/wp\/v2\/categories?post=56441"},{"taxonomy":"post_tag","embeddable":true,"href":"https:\/\/ejornais.com.br\/index.php\/wp-json\/wp\/v2\/tags?post=56441"}],"curies":[{"name":"wp","href":"https:\/\/api.w.org\/{rel}","templated":true}]}}